{"id":1847744,"date":"2026-03-26T08:23:55","date_gmt":"2026-03-26T05:23:55","guid":{"rendered":"https:\/\/analyse.optim.biz\/?p=1847744"},"modified":"2026-03-26T08:23:55","modified_gmt":"2026-03-26T05:23:55","slug":"perchezitii-intr-un-dosar-penal-de-proxenetism-la-vadu-pasii","status":"publish","type":"post","link":"https:\/\/analyse.optim.biz\/?p=1847744","title":{"rendered":"PERCHEZI\u021aII \u00ceNTR-UN DOSAR PENAL DE PROXENETISM LA VADU PA\u0218II"},"content":{"rendered":"<p>[analyse_image type=&#8221;featured&#8221; src=&#8221;https:\/\/www.buzau.net\/stiri-din-buzau\/wp-content\/uploads\/2026\/03\/WhatsApp-Image-2026-03-26-at-10.23.30.jpeg&#8221;]<\/p>\n<div id=\"mvp-content-main\" class=\"left relative\">\n<p>Ieri, 25 martie, \u00een urma materialului probator administrat de poli\u021bi\u0219tii Biroului de Investiga\u021bii Criminale din cadrul Poli\u021biei municipiului Buz\u0103u, sub coordonarea Parchetului de pe l\u00e2ng\u0103 Judec\u0103toria Buz\u0103u, instan\u021ba a emis fa\u021b\u0103 de o femeie, de 43 de ani, din Vadu Pa\u0219ii, un mandat de arestare preventiv\u0103, pentru 30 de zile, pentru proxenetism.<\/p>\n<p>La data de 24 martie a.c., poli\u021bi\u0219tii Biroului de Investiga\u021bii Criminale din cadrul Poli\u021biei municipiului Buz\u0103u, sub coordonarea Parchetului de pe l\u00e2ng\u0103 Judec\u0103toria Buz\u0103u, au efectuat dou\u0103 perchezi\u021bii domiciliare, \u00een Vadu Pa\u0219ii, \u00eentr-un dosar penal de proxenetism.<\/p>\n<p>Perchezi\u021biile s-au efectuat \u00een baza autoriza\u021biilor emise de Judec\u0103toria Buz\u0103u.<\/p>\n<p>Din cercet\u0103ri a reie\u0219it c\u0103 persoana cercetat\u0103, o femeie, de 43 de ani, din Vadu Pa\u0219ii, ar fi determinat 11 femei, cu v\u00e2rste cuprinse \u00eentre 33 \u0219i 43 de ani, din mai multe jude\u021be ale \u021b\u0103rii, prin prezentarea oportunit\u0103\u021bii de a ob\u021bine \u00een mod rapid sume mari de bani, \u00eentr-un cadru \u0219i mediu sigur, s\u0103 practice prostitu\u021bia, cu scopul dob\u00e2ndirii de foloase patrimoniale. Ulterior, banii ar fi fost utiliza\u021bi \u00een scopul achizi\u021bion\u0103rii unor autoturisme \u0219i imobile de lux.<\/p>\n<p>Actul infrac\u021bional s-ar fi realizat \u00een Elve\u021bia, \u00een perioada 2019 \u2013 2026.<\/p>\n<p>Prin activitatea infrac\u021bional\u0103 ar fi fost ob\u021binute foloase patrimoniale injuste, evaluate la peste 10.100.000 de lei.<\/p>\n<p>\u00cen urma perchezi\u021biilor domiciliare, poli\u021bi\u0219tii au descoperit \u0219i au ridicat \u00een vederea continu\u0103rii cercet\u0103rilor documente cu valoare probatorie \u0219i medii de stocare.<\/p>\n<p>De asemenea, au fost indisponibilizate 5 autovehicule, inclusiv din categoria ma\u0219inilor de lux, \u00een vederea instituirii sechestrului asigur\u0103tor.<\/p>\n<p>Documentarea activit\u0103\u021bii infrac\u021bionale s-a realizat prin cooperarea poli\u021bieneasc\u0103 interna\u021bional\u0103 cu autorit\u0103\u021bile judiciare din Elve\u021bia.<\/p>\n<p>\u00cen urma materialului probator administrat, poli\u021bi\u0219tii au luat m\u0103sura re\u021binerii, pentru 24 de ore, fa\u021b\u0103 de femeia de 43 de ani, pentru proxenetism.<\/p>\n<p>Ieri, aceasta a fost prezentat\u0103 parchetului cu propunere de sesizare a instan\u021bei \u00een vederea arest\u0103rii preventive, iar judec\u0103torul de dreptul \u0219i libert\u0103\u021bi a emis pe numele femeii un mandat de arestare preventiv\u0103, pentru 30 de zile.<\/p>\n<p>Activit\u0103\u021bile s-au derulat cu sprijinul lupt\u0103torilor din cadrul Serviciului pentru Ac\u021biuni Speciale Buz\u0103u.<\/p>\n<p>Facem precizarea c\u0103, pe \u00eentreg parcursul procesului penal, persoanele cercetate beneficiaz\u0103 de drepturile \u0219i garan\u021biile procesuale prev\u0103zute de Codul de procedur\u0103 penal\u0103, precum \u0219i de prezum\u021bia de nevinov\u0103\u021bie.<\/p>\n<div class=\"heateor_sss_sharing_container heateor_sss_horizontal_sharing\" data-heateor-sss-href=\"https:\/\/www.buzau.net\/stiri-din-buzau\/perchezitii-intr-un-dosar-penal-de-proxenetism-la-vadu-pasii\/\">\n<div class=\"heateor_sss_sharing_title\">DISTRIBUIE ACEST ARTICOL<\/div>\n<\/div>\n<\/div>\n<p>[analyse_source url=&#8221;https:\/\/www.buzau.net\/stiri-din-buzau\/perchezitii-intr-un-dosar-penal-de-proxenetism-la-vadu-pasii\/&#8221;]<\/p>\n","protected":false},"excerpt":{"rendered":"<p>[analyse_image type=&#8221;featured&#8221; src=&#8221;https:\/\/www.buzau.net\/stiri-din-buzau\/wp-content\/uploads\/2026\/03\/WhatsApp-Image-2026-03-26-at-10.23.30.jpeg&#8221;] Ieri, 25 martie, \u00een urma materialului probator administrat de poli\u021bi\u0219tii Biroului de Investiga\u021bii Criminale din cadrul Poli\u021biei municipiului Buz\u0103u, sub coordonarea Parchetului de pe l\u00e2ng\u0103 Judec\u0103toria Buz\u0103u, instan\u021ba a emis fa\u021b\u0103 de o femeie, de 43 de ani, din Vadu Pa\u0219ii, un mandat de arestare preventiv\u0103, pentru 30 de zile, pentru proxenetism. [&hellip;]<\/p>\n","protected":false},"author":1,"featured_media":0,"comment_status":"open","ping_status":"","sticky":false,"template":"","format":"standard","meta":{"footnotes":""},"categories":[2],"tags":[113,226],"class_list":["post-1847744","post","type-post","status-publish","format-standard","hentry","category-politics","tag-buzau-net","tag-crawlmanager"],"_links":{"self":[{"href":"https:\/\/analyse.optim.biz\/index.php?rest_route=\/wp\/v2\/posts\/1847744","targetHints":{"allow":["GET"]}}],"collection":[{"href":"https:\/\/analyse.optim.biz\/index.php?rest_route=\/wp\/v2\/posts"}],"about":[{"href":"https:\/\/analyse.optim.biz\/index.php?rest_route=\/wp\/v2\/types\/post"}],"author":[{"embeddable":true,"href":"https:\/\/analyse.optim.biz\/index.php?rest_route=\/wp\/v2\/users\/1"}],"replies":[{"embeddable":true,"href":"https:\/\/analyse.optim.biz\/index.php?rest_route=%2Fwp%2Fv2%2Fcomments&post=1847744"}],"version-history":[{"count":0,"href":"https:\/\/analyse.optim.biz\/index.php?rest_route=\/wp\/v2\/posts\/1847744\/revisions"}],"wp:attachment":[{"href":"https:\/\/analyse.optim.biz\/index.php?rest_route=%2Fwp%2Fv2%2Fmedia&parent=1847744"}],"wp:term":[{"taxonomy":"category","embeddable":true,"href":"https:\/\/analyse.optim.biz\/index.php?rest_route=%2Fwp%2Fv2%2Fcategories&post=1847744"},{"taxonomy":"post_tag","embeddable":true,"href":"https:\/\/analyse.optim.biz\/index.php?rest_route=%2Fwp%2Fv2%2Ftags&post=1847744"}],"curies":[{"name":"wp","href":"https:\/\/api.w.org\/{rel}","templated":true}]}}