{"id":1847739,"date":"2026-03-26T06:34:03","date_gmt":"2026-03-26T03:34:03","guid":{"rendered":"https:\/\/analyse.optim.biz\/?p=1847739"},"modified":"2026-03-26T06:34:03","modified_gmt":"2026-03-26T03:34:03","slug":"tanar-de-23-de-ani-retinut-dupa-ce-a-incendiat-o-casa","status":"publish","type":"post","link":"https:\/\/analyse.optim.biz\/?p=1847739","title":{"rendered":"T\u00e2n\u0103r de 23 de ani re\u021binut dup\u0103 ce a incendiat o cas\u0103"},"content":{"rendered":"<p>[analyse_image type=&#8221;featured&#8221; src=&#8221;https:\/\/www.buzau.net\/stiri-din-buzau\/wp-content\/uploads\/2026\/03\/incendiat.jpg&#8221;]<\/p>\n<div id=\"mvp-content-main\" class=\"left relative\">\n<p>La data de 24 martie a.c., poli\u021bi\u0219tii din cadrul Sec\u021biei de poli\u021bie rural\u0103 P\u00e2rscov au re\u021binut pentru 24 de ore un t\u00e2n\u0103r de 23 de ani, din Br\u0103e\u0219ti, care este cercetat pentru distrugere. Sesizarea a fost f\u0103cut\u0103 de mama b\u0103rbatului, o femeie \u00een v\u00e2rst\u0103 de 43 de ani, din aceea\u0219i localitate.<\/p>\n<p>Potrivit cercet\u0103rilor efectuate de poli\u021bi\u0219ti, incidentul s-a produs \u00een urma unui conflict spontan \u00eentre t\u00e2n\u0103r \u0219i sora sa. \u00cen timpul alterca\u021biei, b\u0103rbatul ar fi provocat un incendiu care a distrus un perete al locuin\u021bei de domiciliu.<\/p>\n<p>Dup\u0103 sesizare, oamenii legii au demarat investiga\u021biile \u0219i au \u00eentocmit dosar penal pentru fapta de distrugere. Re\u021binerea pentru 24 de ore a t\u00e2n\u0103rului a fost dispus\u0103 \u00een vederea continu\u0103rii cercet\u0103rilor \u0219i asigur\u0103rii bunei desf\u0103\u0219ur\u0103ri a acestora.<\/p>\n<p>Poli\u021bi\u0219tii continu\u0103 investigarea cauzei pentru a stabili \u00eentreaga activitate infrac\u021bional\u0103 a b\u0103rbatului \u0219i pentru a determina toate circumstan\u021bele \u00een care s-a produs incidentul. Ancheta va stabili \u0219i eventualele consecin\u021be materiale sau pericole la adresa persoanelor aflate \u00een locuin\u021b\u0103.<\/p>\n<div class=\"heateor_sss_sharing_container heateor_sss_horizontal_sharing\" data-heateor-sss-href=\"https:\/\/www.buzau.net\/stiri-din-buzau\/tanar-de-23-de-ani-retinut-dupa-ce-a-incendiat-o-casa\/\">\n<div class=\"heateor_sss_sharing_title\">DISTRIBUIE ACEST ARTICOL<\/div>\n<\/div>\n<\/div>\n<p>[analyse_source url=&#8221;https:\/\/www.buzau.net\/stiri-din-buzau\/tanar-de-23-de-ani-retinut-dupa-ce-a-incendiat-o-casa\/&#8221;]<\/p>\n","protected":false},"excerpt":{"rendered":"<p>[analyse_image type=&#8221;featured&#8221; src=&#8221;https:\/\/www.buzau.net\/stiri-din-buzau\/wp-content\/uploads\/2026\/03\/incendiat.jpg&#8221;] La data de 24 martie a.c., poli\u021bi\u0219tii din cadrul Sec\u021biei de poli\u021bie rural\u0103 P\u00e2rscov au re\u021binut pentru 24 de ore un t\u00e2n\u0103r de 23 de ani, din Br\u0103e\u0219ti, care este cercetat pentru distrugere. Sesizarea a fost f\u0103cut\u0103 de mama b\u0103rbatului, o femeie \u00een v\u00e2rst\u0103 de 43 de ani, din aceea\u0219i localitate. Potrivit [&hellip;]<\/p>\n","protected":false},"author":1,"featured_media":0,"comment_status":"open","ping_status":"","sticky":false,"template":"","format":"standard","meta":{"footnotes":""},"categories":[2],"tags":[113,226],"class_list":["post-1847739","post","type-post","status-publish","format-standard","hentry","category-politics","tag-buzau-net","tag-crawlmanager"],"_links":{"self":[{"href":"https:\/\/analyse.optim.biz\/index.php?rest_route=\/wp\/v2\/posts\/1847739","targetHints":{"allow":["GET"]}}],"collection":[{"href":"https:\/\/analyse.optim.biz\/index.php?rest_route=\/wp\/v2\/posts"}],"about":[{"href":"https:\/\/analyse.optim.biz\/index.php?rest_route=\/wp\/v2\/types\/post"}],"author":[{"embeddable":true,"href":"https:\/\/analyse.optim.biz\/index.php?rest_route=\/wp\/v2\/users\/1"}],"replies":[{"embeddable":true,"href":"https:\/\/analyse.optim.biz\/index.php?rest_route=%2Fwp%2Fv2%2Fcomments&post=1847739"}],"version-history":[{"count":0,"href":"https:\/\/analyse.optim.biz\/index.php?rest_route=\/wp\/v2\/posts\/1847739\/revisions"}],"wp:attachment":[{"href":"https:\/\/analyse.optim.biz\/index.php?rest_route=%2Fwp%2Fv2%2Fmedia&parent=1847739"}],"wp:term":[{"taxonomy":"category","embeddable":true,"href":"https:\/\/analyse.optim.biz\/index.php?rest_route=%2Fwp%2Fv2%2Fcategories&post=1847739"},{"taxonomy":"post_tag","embeddable":true,"href":"https:\/\/analyse.optim.biz\/index.php?rest_route=%2Fwp%2Fv2%2Ftags&post=1847739"}],"curies":[{"name":"wp","href":"https:\/\/api.w.org\/{rel}","templated":true}]}}