{"id":1847734,"date":"2026-03-25T18:24:56","date_gmt":"2026-03-25T15:24:56","guid":{"rendered":"https:\/\/analyse.optim.biz\/?p=1847734"},"modified":"2026-03-25T18:24:56","modified_gmt":"2026-03-25T15:24:56","slug":"primaria-buzau-anunta-sedinta-ordinara-pe-31-03-2026-cu-dezbateri-despre-mobilitate-parcari-si-protectia-spatiilor-verzi","status":"publish","type":"post","link":"https:\/\/analyse.optim.biz\/?p=1847734","title":{"rendered":"Prim\u0103ria Buz\u0103u anun\u021b\u0103 \u0219edin\u021b\u0103 ordinar\u0103 pe 31.03.2026 cu dezbateri despre mobilitate, parc\u0103ri \u0219i protec\u021bia spa\u021biilor verzi"},"content":{"rendered":"<p>[analyse_image type=&#8221;featured&#8221; src=&#8221;https:\/\/www.buzau.net\/stiri-din-buzau\/wp-content\/uploads\/2025\/04\/PRIMARIA-BUZAU.jpg&#8221;]<\/p>\n<div id=\"mvp-content-main\" class=\"left relative\">\n<p>Primarul Municipiului Buz\u0103u a convocat Consiliul Local \u00een \u0219edin\u021b\u0103 ordinar\u0103 pentru 31 martie 2026, ora 10:00, care se va desf\u0103\u0219ura la sediul Consiliului Local (Pia\u021ba Daciei nr. 1, Palatul Comunal, sala Stan S\u0103r\u0103ru) \u0219i prin aplica\u021bia Zoom; pe ordinea de zi figureaz\u0103 22 de proiecte, printre care conferirea titlului de \u201eCet\u0103\u021bean de Onoare\u201d Luciei Draghia, aprobarea contului de execu\u021bie al bugetului pe 2025, modific\u0103ri la regulamentul parc\u0103rilor publice, modernizarea platformei City Report \u00een \u201eeBuz\u0103u\u201d, actualiz\u0103ri ale indicatorilor tehnico-economici pentru proiecte de mobilitate \u0219i \u0219coli, precum \u0219i teme privind servicii sociale, aderarea la asocia\u021bii \u0219i decizii pentru societ\u0103\u021bi comerciale locale.<\/p>\n<div class=\"heateor_sss_sharing_container heateor_sss_horizontal_sharing\" data-heateor-sss-href=\"https:\/\/www.buzau.net\/stiri-din-buzau\/primaria-buzau-anunta-sedinta-ordinara-pe-31-03-2026-cu-dezbateri-despre-mobilitate-parcari-si-protectia-spatiilor-verzi\/\">\n<div class=\"heateor_sss_sharing_title\">DISTRIBUIE ACEST ARTICOL<\/div>\n<\/div>\n<\/div>\n<p>[analyse_source url=&#8221;https:\/\/www.buzau.net\/stiri-din-buzau\/primaria-buzau-anunta-sedinta-ordinara-pe-31-03-2026-cu-dezbateri-despre-mobilitate-parcari-si-protectia-spatiilor-verzi\/&#8221;]<\/p>\n","protected":false},"excerpt":{"rendered":"<p>[analyse_image type=&#8221;featured&#8221; src=&#8221;https:\/\/www.buzau.net\/stiri-din-buzau\/wp-content\/uploads\/2025\/04\/PRIMARIA-BUZAU.jpg&#8221;] Primarul Municipiului Buz\u0103u a convocat Consiliul Local \u00een \u0219edin\u021b\u0103 ordinar\u0103 pentru 31 martie 2026, ora 10:00, care se va desf\u0103\u0219ura la sediul Consiliului Local (Pia\u021ba Daciei nr. 1, Palatul Comunal, sala Stan S\u0103r\u0103ru) \u0219i prin aplica\u021bia Zoom; pe ordinea de zi figureaz\u0103 22 de proiecte, printre care conferirea titlului de \u201eCet\u0103\u021bean de [&hellip;]<\/p>\n","protected":false},"author":1,"featured_media":0,"comment_status":"open","ping_status":"","sticky":false,"template":"","format":"standard","meta":{"footnotes":""},"categories":[2],"tags":[113,226],"class_list":["post-1847734","post","type-post","status-publish","format-standard","hentry","category-politics","tag-buzau-net","tag-crawlmanager"],"_links":{"self":[{"href":"https:\/\/analyse.optim.biz\/index.php?rest_route=\/wp\/v2\/posts\/1847734","targetHints":{"allow":["GET"]}}],"collection":[{"href":"https:\/\/analyse.optim.biz\/index.php?rest_route=\/wp\/v2\/posts"}],"about":[{"href":"https:\/\/analyse.optim.biz\/index.php?rest_route=\/wp\/v2\/types\/post"}],"author":[{"embeddable":true,"href":"https:\/\/analyse.optim.biz\/index.php?rest_route=\/wp\/v2\/users\/1"}],"replies":[{"embeddable":true,"href":"https:\/\/analyse.optim.biz\/index.php?rest_route=%2Fwp%2Fv2%2Fcomments&post=1847734"}],"version-history":[{"count":0,"href":"https:\/\/analyse.optim.biz\/index.php?rest_route=\/wp\/v2\/posts\/1847734\/revisions"}],"wp:attachment":[{"href":"https:\/\/analyse.optim.biz\/index.php?rest_route=%2Fwp%2Fv2%2Fmedia&parent=1847734"}],"wp:term":[{"taxonomy":"category","embeddable":true,"href":"https:\/\/analyse.optim.biz\/index.php?rest_route=%2Fwp%2Fv2%2Fcategories&post=1847734"},{"taxonomy":"post_tag","embeddable":true,"href":"https:\/\/analyse.optim.biz\/index.php?rest_route=%2Fwp%2Fv2%2Ftags&post=1847734"}],"curies":[{"name":"wp","href":"https:\/\/api.w.org\/{rel}","templated":true}]}}