{"id":1847479,"date":"2026-03-26T04:24:46","date_gmt":"2026-03-26T01:24:46","guid":{"rendered":"https:\/\/analyse.optim.biz\/?p=1847479"},"modified":"2026-03-26T04:24:46","modified_gmt":"2026-03-26T01:24:46","slug":"poligonul-de-instructie-sublocotenent-p-m-madalin-stoica-infiintat-la-buzau-in-urma-cu-4-ani","status":"publish","type":"post","link":"https:\/\/analyse.optim.biz\/?p=1847479","title":{"rendered":"Poligonul de instruc\u021bie \u201eSublocotenent (p.m) M\u0103d\u0103lin Stoica, infiintat la Buzau in urma cu 4 ani"},"content":{"rendered":"<p>[analyse_image type=&#8221;featured&#8221; src=&#8221;https:\/\/www.buzau.net\/stiri-din-buzau\/wp-content\/uploads\/2026\/03\/poligonul-de-instructie-sublocotenent-p.m-madalin-stoica-infiintat-la-buzau-in-urma-cu-4-ani.jpg&#8221;]<\/p>\n<div id=\"mvp-content-main\" class=\"left relative\">\n<p>Inaugurarea poligonului de instruc\u021bie la Batalionul 47 Comunica\u021bii \u0219i Informatic\u0103 \u201eGeneral Nicolae Petrescu\u201d<br \/>\nPremerg\u0103tor anivers\u0103rii a 90 de ani de la \u00eenfiin\u021bare, vineri, 25 martie 2022, la Batalionul 47 Comunica\u021bii \u0219i Informatic\u0103 \u201eGeneral Nicolae Petrescu\u201d a fost inaugurat poligonul de instruc\u021bie \u201eSublocotenent (p.m) M\u0103d\u0103lin Stoica\u201d. Cu acest prilej a avut loc un ceremonial religios \u0219i a fost dezvelit\u0103 placheta comemorativ\u0103 a sublocotenentului (p.m) M\u0103d\u0103lin Stoica. La finalul activit\u0103\u021bii au fost \u00eenm\u00e2nate diplome c\u00e2\u0219tig\u0103torilor Cupei \u201eSublocotenent (p.m) M\u0103d\u0103lin Stoica\u201d.<\/p>\n<p>Militarul a decedat pe 15 septembrie 2017 \u00een urma unui atac asupra unei patrule rom\u00e2ne\u015fti care executa o misiune \u00een regiunea Kandahar din Afganistan. La propunerea ministrului ap\u0103r\u0103rii na\u0163ionale, Pre\u015fedintele Rom\u00e2niei, Klaus Iohannis, l-a decorat post-mortem pe sublocotenentul M\u0103d\u0103lin Stoica cu Ordinul Na\u0163ional &#8220;Steaua Rom\u00e2niei&#8221; \u00een grad de Cavaler, cu \u00eensemn pentru militari, de r\u0103zboi, \u00een semn de recuno\u015ftin\u0163\u0103 \u015fi apreciere pentru d\u0103ruirea \u015fi curajul manifestate sub culorile drapelului na\u0163ional, pentru spiritul de sacrificiu dovedit \u00een timpul execut\u0103rii unei misiuni de lupt\u0103 \u00een Teatrul de Opera\u0163ii din Afganistan.<\/p>\n<div class=\"heateor_sss_sharing_container heateor_sss_horizontal_sharing\" data-heateor-sss-href=\"https:\/\/www.buzau.net\/stiri-din-buzau\/poligonul-de-instructie-sublocotenent-p-m-madalin-stoica-infiintat-la-buzau-in-urma-cu-4-ani\/\">\n<div class=\"heateor_sss_sharing_title\">DISTRIBUIE ACEST ARTICOL<\/div>\n<\/div>\n<\/div>\n<p>[analyse_source url=&#8221;https:\/\/www.buzau.net\/stiri-din-buzau\/poligonul-de-instructie-sublocotenent-p-m-madalin-stoica-infiintat-la-buzau-in-urma-cu-4-ani\/&#8221;]<\/p>\n","protected":false},"excerpt":{"rendered":"<p>[analyse_image type=&#8221;featured&#8221; src=&#8221;https:\/\/www.buzau.net\/stiri-din-buzau\/wp-content\/uploads\/2026\/03\/poligonul-de-instructie-sublocotenent-p.m-madalin-stoica-infiintat-la-buzau-in-urma-cu-4-ani.jpg&#8221;] Inaugurarea poligonului de instruc\u021bie la Batalionul 47 Comunica\u021bii \u0219i Informatic\u0103 \u201eGeneral Nicolae Petrescu\u201d Premerg\u0103tor anivers\u0103rii a 90 de ani de la \u00eenfiin\u021bare, vineri, 25 martie 2022, la Batalionul 47 Comunica\u021bii \u0219i Informatic\u0103 \u201eGeneral Nicolae Petrescu\u201d a fost inaugurat poligonul de instruc\u021bie \u201eSublocotenent (p.m) M\u0103d\u0103lin Stoica\u201d. Cu acest prilej a avut loc un [&hellip;]<\/p>\n","protected":false},"author":1,"featured_media":0,"comment_status":"open","ping_status":"","sticky":false,"template":"","format":"standard","meta":{"footnotes":""},"categories":[2],"tags":[113,226],"class_list":["post-1847479","post","type-post","status-publish","format-standard","hentry","category-politics","tag-buzau-net","tag-crawlmanager"],"_links":{"self":[{"href":"https:\/\/analyse.optim.biz\/index.php?rest_route=\/wp\/v2\/posts\/1847479","targetHints":{"allow":["GET"]}}],"collection":[{"href":"https:\/\/analyse.optim.biz\/index.php?rest_route=\/wp\/v2\/posts"}],"about":[{"href":"https:\/\/analyse.optim.biz\/index.php?rest_route=\/wp\/v2\/types\/post"}],"author":[{"embeddable":true,"href":"https:\/\/analyse.optim.biz\/index.php?rest_route=\/wp\/v2\/users\/1"}],"replies":[{"embeddable":true,"href":"https:\/\/analyse.optim.biz\/index.php?rest_route=%2Fwp%2Fv2%2Fcomments&post=1847479"}],"version-history":[{"count":0,"href":"https:\/\/analyse.optim.biz\/index.php?rest_route=\/wp\/v2\/posts\/1847479\/revisions"}],"wp:attachment":[{"href":"https:\/\/analyse.optim.biz\/index.php?rest_route=%2Fwp%2Fv2%2Fmedia&parent=1847479"}],"wp:term":[{"taxonomy":"category","embeddable":true,"href":"https:\/\/analyse.optim.biz\/index.php?rest_route=%2Fwp%2Fv2%2Fcategories&post=1847479"},{"taxonomy":"post_tag","embeddable":true,"href":"https:\/\/analyse.optim.biz\/index.php?rest_route=%2Fwp%2Fv2%2Ftags&post=1847479"}],"curies":[{"name":"wp","href":"https:\/\/api.w.org\/{rel}","templated":true}]}}