{"id":1847385,"date":"2026-03-24T10:38:59","date_gmt":"2026-03-24T07:38:59","guid":{"rendered":"https:\/\/analyse.optim.biz\/?p=1847385"},"modified":"2026-03-24T10:38:59","modified_gmt":"2026-03-24T07:38:59","slug":"daniela-vlad-a-preluat-sefia-comisariatului-judetean-pentru-protectia-consumatorilor-vasile-latis-a-iesit-la-pensie","status":"publish","type":"post","link":"https:\/\/analyse.optim.biz\/?p=1847385","title":{"rendered":"Daniela Vlad a preluat \u0219efia Comisariatului Jude\u021bean pentru Protec\u021bia Consumatorilor. Vasile Lati\u0219 a ie\u0219it la pensie"},"content":{"rendered":"<p>[analyse_image type=&#8221;featured&#8221; src=&#8221;https:\/\/www.radiotop.ro\/img\/media\/2026\/03\/daniela-vlad-opc.jpghttps:\/\/www.radiotop.ro\/img\/media\/2026\/03\/daniela-vlad-opc.jpg&#8221;]<\/p>\n<div class=\"entry-content no-share\">\n<div class=\"content-inner \">\n<p>Daniela Vlad este noul comisar \u0219ef adjunct al Comisariatului Jude\u021bean pentru Protec\u021bia Consumatorilor Suceava. Protec\u021bia Consumatorilor de la Suceava este subordonat\u0103 Protec\u021biei Consumatorilor Ia\u0219i, iar func\u021bia de comisar \u0219ef este de\u021binut\u0103 de \u0219eful de la Ia\u0219i. Potrivit prefectului Traian Andronachi, doamna Vlad a fost numit\u0103 cu \u00eemputernicire p\u00een\u0103 la organizarea concursului pentru ocuparea definitiv\u0103 a postului. Daniela Vlad l-a \u00eenlocuit pe Vasile Lati\u0219, care a ie\u0219it la pensie.<\/p>\n<\/div>\n<\/div>\n<div class=\"content-inner \">\n<p>Daniela Vlad este noul comisar \u0219ef adjunct al Comisariatului Jude\u021bean pentru Protec\u021bia Consumatorilor Suceava. Protec\u021bia Consumatorilor de la Suceava este subordonat\u0103 Protec\u021biei Consumatorilor Ia\u0219i, iar func\u021bia de comisar \u0219ef este de\u021binut\u0103 de \u0219eful de la Ia\u0219i. Potrivit prefectului Traian Andronachi, doamna Vlad a fost numit\u0103 cu \u00eemputernicire p\u00een\u0103 la organizarea concursului pentru ocuparea definitiv\u0103 a postului. Daniela Vlad l-a \u00eenlocuit pe Vasile Lati\u0219, care a ie\u0219it la pensie.<\/p>\n<\/div>\n<p>[analyse_source url=&#8221;https:\/\/www.radiotop.ro\/actualitate\/daniela-vlad-a-preluat-sefia-comisariatului-judetean-pentru-protectia-consumatorilor-vasile-latis-a-iesit-la-pensie.html&#8221;]<\/p>\n","protected":false},"excerpt":{"rendered":"<p>[analyse_image type=&#8221;featured&#8221; src=&#8221;https:\/\/www.radiotop.ro\/img\/media\/2026\/03\/daniela-vlad-opc.jpghttps:\/\/www.radiotop.ro\/img\/media\/2026\/03\/daniela-vlad-opc.jpg&#8221;] Daniela Vlad este noul comisar \u0219ef adjunct al Comisariatului Jude\u021bean pentru Protec\u021bia Consumatorilor Suceava. Protec\u021bia Consumatorilor de la Suceava este subordonat\u0103 Protec\u021biei Consumatorilor Ia\u0219i, iar func\u021bia de comisar \u0219ef este de\u021binut\u0103 de \u0219eful de la Ia\u0219i. Potrivit prefectului Traian Andronachi, doamna Vlad a fost numit\u0103 cu \u00eemputernicire p\u00een\u0103 la organizarea concursului pentru [&hellip;]<\/p>\n","protected":false},"author":1,"featured_media":0,"comment_status":"open","ping_status":"","sticky":false,"template":"","format":"standard","meta":{"footnotes":""},"categories":[89],"tags":[226,163],"class_list":["post-1847385","post","type-post","status-publish","format-standard","hentry","category-romania","tag-crawlmanager","tag-radiotop-ro"],"_links":{"self":[{"href":"https:\/\/analyse.optim.biz\/index.php?rest_route=\/wp\/v2\/posts\/1847385","targetHints":{"allow":["GET"]}}],"collection":[{"href":"https:\/\/analyse.optim.biz\/index.php?rest_route=\/wp\/v2\/posts"}],"about":[{"href":"https:\/\/analyse.optim.biz\/index.php?rest_route=\/wp\/v2\/types\/post"}],"author":[{"embeddable":true,"href":"https:\/\/analyse.optim.biz\/index.php?rest_route=\/wp\/v2\/users\/1"}],"replies":[{"embeddable":true,"href":"https:\/\/analyse.optim.biz\/index.php?rest_route=%2Fwp%2Fv2%2Fcomments&post=1847385"}],"version-history":[{"count":0,"href":"https:\/\/analyse.optim.biz\/index.php?rest_route=\/wp\/v2\/posts\/1847385\/revisions"}],"wp:attachment":[{"href":"https:\/\/analyse.optim.biz\/index.php?rest_route=%2Fwp%2Fv2%2Fmedia&parent=1847385"}],"wp:term":[{"taxonomy":"category","embeddable":true,"href":"https:\/\/analyse.optim.biz\/index.php?rest_route=%2Fwp%2Fv2%2Fcategories&post=1847385"},{"taxonomy":"post_tag","embeddable":true,"href":"https:\/\/analyse.optim.biz\/index.php?rest_route=%2Fwp%2Fv2%2Ftags&post=1847385"}],"curies":[{"name":"wp","href":"https:\/\/api.w.org\/{rel}","templated":true}]}}