{"id":184693,"date":"2015-03-19T23:45:38","date_gmt":"2015-03-19T20:45:38","guid":{"rendered":"https:\/\/analyse.optim.biz\/?p=184693"},"modified":"2015-03-19T23:45:38","modified_gmt":"2015-03-19T20:45:38","slug":"radu-mazare-a-demisionat-din-functia-de-presedinte-al-psd-constanta-curand-voi-demisiona-din-functia-de-primar","status":"publish","type":"post","link":"https:\/\/analyse.optim.biz\/?p=184693","title":{"rendered":"Radu Maz\u0103re a demisionat din func\u0163ia de pre\u015fedinte al PSD Constan\u0163a. \u201eCur\u00e2nd voi demisiona din func\u0163ia de primar\u201d"},"content":{"rendered":"<div class=\"entry data-app-meta data-app-meta-article\" data-embed-base-url-canonical=\"https:\/\/www.digi24.ro\/embed\/stiri\/actualitate\/politica\/radu-mazare-a-demisionat-din-functia-de-presedinte-al-psd-constanta-curand-voi-demisiona-din-functia-de-primar-372934\">\n<p data-index=\"1\"><img decoding=\"async\" src=\"https:\/\/analyse.optim.biz\/wp-content\/uploads\/2024\/09\/zyz3ptgwmczoyxnoptrhytezzgu4njfjnwziogrhmtu4mtg0zjayota5m2yw-thumb_.jpg\" data-skip-htmlfix=\"1\" title=\"zyz3ptgwmczoyxnoptrhytezzgu4njfjnwziogrhmtu4mtg0zjayota5m2yw-thumb_\"><\/p>\n<p data-index=\"2\">\u00centrebat dac\u0103 a renun\u0163at \u015fi la func\u0163ia de primar, Radu Maz\u0103re a r\u0103spuns c\u0103 nu, dar a ad\u0103ugat c\u0103 o va face \u00een c\u00e2teva s\u0103pt\u0103m\u00e2ni.<\/p>\n<p data-index=\"3\">\u201e<span>Deocamdat\u0103, nu am demisionat din func\u0163ia de primar, foarte cur\u00e2nd \u00eens\u0103 o voi face\u201d, a declarat el pentru Mediafax.<\/span><\/p>\n<p data-index=\"4\">Radu Maz\u0103re ocupa func\u0163ia de pre\u015fedinte al PSD Constan\u0163a din anul 2003, c\u00e2nd a \u015fi intrat \u00een r\u00e2ndurile social-democra\u0163ilor. Radu Maz\u0103re este primar al municipiului Constan\u0163a din anul 2000.<\/p>\n<p data-index=\"5\">Edilul declarase, la \u00eentoarcerea acas\u0103 de la Bucure\u015fti, c\u0103 inten\u0163ioneaz\u0103 s\u0103 renun\u0163e \u015fi la prim\u0103rie, \u015fi la politic\u0103 \u00een scurt timp.<\/p>\n<p data-index=\"6\">\u201e<span>A\u015f vrea s\u0103-mi dau demisia \u015fi vreau s\u0103 fac lucrul \u0103sta cur\u00e2nd. Nu m\u0103 \u00eentreba ce \u00eenseamn\u0103 cur\u00e2nd, dac\u0103 \u00eentr-o zi, dou\u0103, dar e o chestiune, cred eu, de s\u0103pt\u0103m\u00e2ni, de luni. Acela\u015fi lucru vreau s\u0103-l fac \u015fi de la partid. P\u0103i ce s\u0103 ajung eu s\u0103 m\u0103 pun\u0103 \u0103ia de la Bucure\u015fti, s\u0103 m\u0103 dea afar\u0103 c\u0103 m\u0103 ancheteaz\u0103 un procuror? P\u0103i uite cum m-a anchetat procurorul, m-a \u015fi b\u0103gat la beci de dou\u0103 ori, dup\u0103 care am venit s\u0103 vorbesc cu voi. \u0102sta e motiv s\u0103 m\u0103 dea afar\u0103 din partid? Eu \u015ftiu c\u0103 cu to\u0163ii suntem nevinova\u0163i p\u00e2n\u0103 la o hot\u0103r\u00e2re definitiv\u0103. Dar s\u0103 r\u0103m\u00e2n\u0103 domnii cu regulile astea, ei cu partidul lor, \u015fi eu s\u0103 r\u0103m\u00e2n cu via\u0163a mea. Am \u015fi eu dreptul la via\u0163a mea\u201d, a declarat Radu Maz\u0103re.<\/span><\/p>\n<p data-index=\"7\">El a mai spus c\u0103 nu mai vrea s\u0103 participe nici la carnavalul din Mamaia din aceast\u0103 var\u0103.<\/p>\n<p data-index=\"8\">\u201e<span>90 la sut\u0103 nu mai particip. Dac\u0103 nu mai particip eu, cum va ar\u0103ta carnavalul nu am de unde s\u0103 \u015ftiu. Am obosit \u015fi mi-e lehamite s\u0103 m\u0103 duc la Prim\u0103rie, mi-e lehamite s\u0103 spun \u015fi s\u0103 ini\u0163iez ceva pentru c\u0103 urmeaz\u0103 s\u0103 dau cu subsemnatul \u015fi sunt \u015fi eu un om, am dreptul meu dup\u0103 15 ani. Cred c\u0103 am tras destul la c\u0103ru\u0163a asta, poate vreau s\u0103 stau \u015fi eu la plaj\u0103, nu s\u0103 fac repeti\u0163ii pentru carnaval c\u00e2te cinci zile \u015fi dup\u0103 aia s\u0103 m\u0103 controleze procurorii c\u0103 de ce l-am f\u0103cut\u201d, a mai spus Radu Maz\u0103re.<\/span><\/p>\n<p data-index=\"9\">Primarul municipiului Constan\u0163a a fost re\u0163inut, luni, de procurorii Direc\u0163iei Na\u0163ionale Anticorup\u0163ie, pentru trei fapte de luare de mit\u0103, abuz \u00een serviciu \u015fi dou\u0103 fapte de conflict de interese.<\/p>\n<\/div>\n<p> Source URL: https:\/\/www.digi24.ro\/stiri\/actualitate\/politica\/radu-mazare-a-demisionat-din-functia-de-presedinte-al-psd-constanta-curand-voi-demisiona-din-functia-de-primar-372934<\/p>\n","protected":false},"excerpt":{"rendered":"<p>\u00centrebat dac\u0103 a renun\u0163at \u015fi la func\u0163ia de primar, Radu Maz\u0103re a r\u0103spuns c\u0103 nu, dar a ad\u0103ugat c\u0103 o va face \u00een c\u00e2teva s\u0103pt\u0103m\u00e2ni. \u201eDeocamdat\u0103, nu am demisionat din func\u0163ia de primar, foarte cur\u00e2nd \u00eens\u0103 o voi face\u201d, a declarat el pentru Mediafax. Radu Maz\u0103re ocupa func\u0163ia de pre\u015fedinte al PSD Constan\u0163a din anul [&hellip;]<\/p>\n","protected":false},"author":1,"featured_media":184694,"comment_status":"open","ping_status":"","sticky":false,"template":"","format":"standard","meta":{"footnotes":""},"categories":[2],"tags":[11],"class_list":["post-184693","post","type-post","status-publish","format-standard","has-post-thumbnail","hentry","category-politics","tag-digi24"],"_links":{"self":[{"href":"https:\/\/analyse.optim.biz\/index.php?rest_route=\/wp\/v2\/posts\/184693","targetHints":{"allow":["GET"]}}],"collection":[{"href":"https:\/\/analyse.optim.biz\/index.php?rest_route=\/wp\/v2\/posts"}],"about":[{"href":"https:\/\/analyse.optim.biz\/index.php?rest_route=\/wp\/v2\/types\/post"}],"author":[{"embeddable":true,"href":"https:\/\/analyse.optim.biz\/index.php?rest_route=\/wp\/v2\/users\/1"}],"replies":[{"embeddable":true,"href":"https:\/\/analyse.optim.biz\/index.php?rest_route=%2Fwp%2Fv2%2Fcomments&post=184693"}],"version-history":[{"count":0,"href":"https:\/\/analyse.optim.biz\/index.php?rest_route=\/wp\/v2\/posts\/184693\/revisions"}],"wp:featuredmedia":[{"embeddable":true,"href":"https:\/\/analyse.optim.biz\/index.php?rest_route=\/wp\/v2\/media\/184694"}],"wp:attachment":[{"href":"https:\/\/analyse.optim.biz\/index.php?rest_route=%2Fwp%2Fv2%2Fmedia&parent=184693"}],"wp:term":[{"taxonomy":"category","embeddable":true,"href":"https:\/\/analyse.optim.biz\/index.php?rest_route=%2Fwp%2Fv2%2Fcategories&post=184693"},{"taxonomy":"post_tag","embeddable":true,"href":"https:\/\/analyse.optim.biz\/index.php?rest_route=%2Fwp%2Fv2%2Ftags&post=184693"}],"curies":[{"name":"wp","href":"https:\/\/api.w.org\/{rel}","templated":true}]}}