{"id":184682,"date":"2015-03-20T09:24:16","date_gmt":"2015-03-20T06:24:16","guid":{"rendered":"https:\/\/analyse.optim.biz\/?p=184682"},"modified":"2015-03-20T09:24:16","modified_gmt":"2015-03-20T06:24:16","slug":"cine-va-conduce-psd-constanta-dupa-ce-radu-mazare-a-demisionat-din-functia-de-presedinte","status":"publish","type":"post","link":"https:\/\/analyse.optim.biz\/?p=184682","title":{"rendered":"Cine va conduce PSD Constan\u021ba dup\u0103 ce Radu Maz\u0103re a demisionat din func\u021bia de pre\u0219edinte"},"content":{"rendered":"<div class=\"entry data-app-meta data-app-meta-article\" data-embed-base-url-canonical=\"https:\/\/www.digi24.ro\/embed\/stiri\/actualitate\/politica\/cine-va-conduce-psd-constanta-dupa-ce-radu-mazare-a-demisionat-din-functia-de-presedinte-372963\">\n<p data-index=\"1\">Primarul Constan\u021bei a renun\u021bat la toate func\u021biile politice pe care le de\u021binea \u00een PSD \u2013 pre\u0219edinte al Organiza\u0163iei Jude\u021bene Constan\u021ba \u0219i membru \u00een Consiliul Na\u021bional. Astfel, \u00een acest moment Radu Maz\u0103re este un simplu membru de partid \u0219i spune c\u0103 nu a renun\u021bat de tot la PSD pentru a nu pierde func\u021bia de primar, la care va renun\u021ba, spune el, \u00een c\u00e2teva s\u0103pt\u0103m\u00e2ni.<\/p>\n<p data-index=\"2\">\u00cen cazul \u00een care noul statut al PSD va fi votat, organiza\u021bia de Constan\u021ba va r\u0103m\u00e2ne f\u0103r\u0103 lider \u2013 pre\u0219edintele Radu Maz\u0103re \u0219i-a dat demisia, iar prim-vicepre\u0219edintele Nicu\u0219or Constantinescu ar urma s\u0103 fie exclus. \u00cen aceste condi\u021bii, p\u00e2n\u0103 la alegeri, filiala PSD Constan\u021ba va fi condus\u0103 de secretarul executiv <a href=\"https:\/\/www.digi24.ro\/Stiri\/Regional\/Digi24+Constanta\/Stiri\/21+pentru+10+impotriva+Cristinel+Dragomir+este+pentru+a+doua+oar\" target=\"_blank\" data-skip-linkfix=\"1\" rel=\"noopener\">Cristinel Dragomir, cel care \u00een prezent este \u0219i pre\u0219edintele Consiliului Jude\u021bean Constan\u021ba<\/a>, \u00een locul lui Nicu\u0219or Constantinescu.<\/p>\n<\/div>\n<p> Source URL: https:\/\/www.digi24.ro\/stiri\/actualitate\/politica\/cine-va-conduce-psd-constanta-dupa-ce-radu-mazare-a-demisionat-din-functia-de-presedinte-372963<\/p>\n","protected":false},"excerpt":{"rendered":"<p>Primarul Constan\u021bei a renun\u021bat la toate func\u021biile politice pe care le de\u021binea \u00een PSD \u2013 pre\u0219edinte al Organiza\u0163iei Jude\u021bene Constan\u021ba \u0219i membru \u00een Consiliul Na\u021bional. Astfel, \u00een acest moment Radu Maz\u0103re este un simplu membru de partid \u0219i spune c\u0103 nu a renun\u021bat de tot la PSD pentru a nu pierde func\u021bia de primar, la [&hellip;]<\/p>\n","protected":false},"author":1,"featured_media":184683,"comment_status":"open","ping_status":"","sticky":false,"template":"","format":"standard","meta":{"footnotes":""},"categories":[2],"tags":[11],"class_list":["post-184682","post","type-post","status-publish","format-standard","has-post-thumbnail","hentry","category-politics","tag-digi24"],"_links":{"self":[{"href":"https:\/\/analyse.optim.biz\/index.php?rest_route=\/wp\/v2\/posts\/184682","targetHints":{"allow":["GET"]}}],"collection":[{"href":"https:\/\/analyse.optim.biz\/index.php?rest_route=\/wp\/v2\/posts"}],"about":[{"href":"https:\/\/analyse.optim.biz\/index.php?rest_route=\/wp\/v2\/types\/post"}],"author":[{"embeddable":true,"href":"https:\/\/analyse.optim.biz\/index.php?rest_route=\/wp\/v2\/users\/1"}],"replies":[{"embeddable":true,"href":"https:\/\/analyse.optim.biz\/index.php?rest_route=%2Fwp%2Fv2%2Fcomments&post=184682"}],"version-history":[{"count":0,"href":"https:\/\/analyse.optim.biz\/index.php?rest_route=\/wp\/v2\/posts\/184682\/revisions"}],"wp:featuredmedia":[{"embeddable":true,"href":"https:\/\/analyse.optim.biz\/index.php?rest_route=\/wp\/v2\/media\/184683"}],"wp:attachment":[{"href":"https:\/\/analyse.optim.biz\/index.php?rest_route=%2Fwp%2Fv2%2Fmedia&parent=184682"}],"wp:term":[{"taxonomy":"category","embeddable":true,"href":"https:\/\/analyse.optim.biz\/index.php?rest_route=%2Fwp%2Fv2%2Fcategories&post=184682"},{"taxonomy":"post_tag","embeddable":true,"href":"https:\/\/analyse.optim.biz\/index.php?rest_route=%2Fwp%2Fv2%2Ftags&post=184682"}],"curies":[{"name":"wp","href":"https:\/\/api.w.org\/{rel}","templated":true}]}}