{"id":184671,"date":"2015-03-20T10:52:14","date_gmt":"2015-03-20T07:52:14","guid":{"rendered":"https:\/\/analyse.optim.biz\/?p=184671"},"modified":"2015-03-20T10:52:14","modified_gmt":"2015-03-20T07:52:14","slug":"traian-basescu-recunoaste-ca-a-vorbit-cu-procurorii-in-timpul-mandatului-era-in-atributiile-mele","status":"publish","type":"post","link":"https:\/\/analyse.optim.biz\/?p=184671","title":{"rendered":"Traian B\u0103sescu recunoa\u015fte c\u0103 a vorbit cu procurorii \u00een timpul mandatului: &#8220;Era \u00een atribu\u0163iile mele&#8221;"},"content":{"rendered":"<div class=\"entry data-app-meta data-app-meta-article\" data-embed-base-url-canonical=\"https:\/\/www.digi24.ro\/embed\/stiri\/actualitate\/politica\/traian-basescu-recunoaste-ca-a-vorbit-cu-procurorii-in-timpul-mandatului-era-in-atributiile-mele-372985\">\n<p data-index=\"1\">Fostul pre\u015fedinte a evitat s\u0103 spun\u0103 \u015fi ce anume a vorbit cu procurorii \u015fefi ai Rom\u00e2niei.<\/p>\n<p data-index=\"2\"><strong>Traian B\u0103sescu<\/strong>: \u201e<em>N<\/em><em>u v-am spus niciodat\u0103 minciuna pe care o insinua\u0163i c\u0103 eu nu am sunat vreodat\u0103 la procurorul DNA sau la procurorul \u015fef DIICOT pentru c\u0103 era \u00een atribu\u0163iile mele de multe ori s\u0103 am leg\u0103tur\u0103 cu aceste institu\u0163ii. \u00cen ceea ce prive\u015fte faptul c\u0103 am sunat la domnul Ni\u0163u este absolut anormal s\u0103 v\u0103 spun ce am vrut s\u0103 \u00eei comunic domnului Ni\u0163u<\/em>\u201d.<\/p>\n<p data-index=\"3\">Fostul pre\u015fedinte a dat de nenum\u0103rate ori asigur\u0103ri, at\u00e2t \u00een timpul mandatului, c\u00e2t \u015fi dup\u0103 ce nu a mai fost pre\u015fedinte, c\u0103 nu a intervenit niciodat\u0103 pe l\u00e2ng\u0103 judec\u0103tori sau procurori.<\/p>\n<p data-index=\"4\"><strong>Traian B\u0103sescu, \u00een 8 februarie 2015<\/strong>: \u201e<em>Nu exist\u0103 m\u0103car o interven\u0163ie a mea \u00een cei zece ani ca vreunui om s\u0103 i se fac\u0103 un dosar. Nu exist\u0103 \u015fi v\u0103 rog s\u0103 respinge\u0163i aceast\u0103 idee sau afirma\u0163ie ori de c\u00e2te ori ve\u0163i avea ocazia. Acum nu mai sunt pre\u015fedinte, orice procuror, orice judec\u0103tor ar putea s\u0103 spun\u0103: &#8220;Hai domnule pre\u015fedinte, nu mi-ai spus mie s\u0103-l iau pe nu \u015ftiu cine?<\/em>&#8220;.<\/p>\n<p data-index=\"5\">\u015ei c\u00e2nd fratele s\u0103u a avut probleme cu legea, <strong>Traian B\u0103sescu<\/strong> a sus\u0163inut c\u0103 se va \u0163ine departe de orice interven\u0163ie.<\/p>\n<p data-index=\"6\"><strong>Traian B\u0103sescu, \u00een 19 iunie 2014<\/strong>: \u201e<em>Fac un apel public la orice poli\u0163ist, orice procuror \u015fi orice judec\u0103tor care a fost implicat \u00een cazul condamn\u0103rii lui Anghel Sandu, dac\u0103 a existat o interven\u0163ie a mea pe aceast\u0103 scar\u0103 a anchetei s\u0103 o fac\u0103 public\u0103<\/em>\u201d.<\/p>\n<p data-index=\"7\">\u00cen noiembre 2013, <strong>Traian B\u0103sescu<\/strong>, pre\u015fedinte pe atunci, admitea c\u0103 l-a sunat pe procurorul Lucian Papici, \u00eens\u0103 doar pentru a-i cere scuze \u00eentruc\u00e2t a fost atras \u00een disputa privind terenul din C\u0103l\u0103ra\u0219i cump\u0103rat de fiica cea mare a pre\u0219edintelui, Ioana B\u0103sescu.<\/p>\n<\/div>\n<p> Source URL: https:\/\/www.digi24.ro\/stiri\/actualitate\/politica\/traian-basescu-recunoaste-ca-a-vorbit-cu-procurorii-in-timpul-mandatului-era-in-atributiile-mele-372985<\/p>\n","protected":false},"excerpt":{"rendered":"<p>Fostul pre\u015fedinte a evitat s\u0103 spun\u0103 \u015fi ce anume a vorbit cu procurorii \u015fefi ai Rom\u00e2niei. Traian B\u0103sescu: \u201eNu v-am spus niciodat\u0103 minciuna pe care o insinua\u0163i c\u0103 eu nu am sunat vreodat\u0103 la procurorul DNA sau la procurorul \u015fef DIICOT pentru c\u0103 era \u00een atribu\u0163iile mele de multe ori s\u0103 am leg\u0103tur\u0103 cu aceste [&hellip;]<\/p>\n","protected":false},"author":1,"featured_media":184672,"comment_status":"open","ping_status":"","sticky":false,"template":"","format":"standard","meta":{"footnotes":""},"categories":[2],"tags":[11],"class_list":["post-184671","post","type-post","status-publish","format-standard","has-post-thumbnail","hentry","category-politics","tag-digi24"],"_links":{"self":[{"href":"https:\/\/analyse.optim.biz\/index.php?rest_route=\/wp\/v2\/posts\/184671","targetHints":{"allow":["GET"]}}],"collection":[{"href":"https:\/\/analyse.optim.biz\/index.php?rest_route=\/wp\/v2\/posts"}],"about":[{"href":"https:\/\/analyse.optim.biz\/index.php?rest_route=\/wp\/v2\/types\/post"}],"author":[{"embeddable":true,"href":"https:\/\/analyse.optim.biz\/index.php?rest_route=\/wp\/v2\/users\/1"}],"replies":[{"embeddable":true,"href":"https:\/\/analyse.optim.biz\/index.php?rest_route=%2Fwp%2Fv2%2Fcomments&post=184671"}],"version-history":[{"count":0,"href":"https:\/\/analyse.optim.biz\/index.php?rest_route=\/wp\/v2\/posts\/184671\/revisions"}],"wp:featuredmedia":[{"embeddable":true,"href":"https:\/\/analyse.optim.biz\/index.php?rest_route=\/wp\/v2\/media\/184672"}],"wp:attachment":[{"href":"https:\/\/analyse.optim.biz\/index.php?rest_route=%2Fwp%2Fv2%2Fmedia&parent=184671"}],"wp:term":[{"taxonomy":"category","embeddable":true,"href":"https:\/\/analyse.optim.biz\/index.php?rest_route=%2Fwp%2Fv2%2Fcategories&post=184671"},{"taxonomy":"post_tag","embeddable":true,"href":"https:\/\/analyse.optim.biz\/index.php?rest_route=%2Fwp%2Fv2%2Ftags&post=184671"}],"curies":[{"name":"wp","href":"https:\/\/api.w.org\/{rel}","templated":true}]}}