{"id":184659,"date":"2015-03-20T11:24:13","date_gmt":"2015-03-20T08:24:13","guid":{"rendered":"https:\/\/analyse.optim.biz\/?p=184659"},"modified":"2015-03-20T11:24:13","modified_gmt":"2015-03-20T08:24:13","slug":"surse-victor-ponta-interimar-la-ministerul-finantelor","status":"publish","type":"post","link":"https:\/\/analyse.optim.biz\/?p=184659","title":{"rendered":"Surse: Victor Ponta, interimar la Ministerul Finan\u021belor"},"content":{"rendered":"<div class=\"entry data-app-meta data-app-meta-article\" data-embed-base-url-canonical=\"https:\/\/www.digi24.ro\/embed\/stiri\/actualitate\/politica\/surse-victor-ponta-interimar-la-ministerul-finantelor-372994\">\n<p data-index=\"1\"><img decoding=\"async\" src=\"https:\/\/analyse.optim.biz\/wp-content\/uploads\/2024\/09\/zyz3ptgwmczoyxnoptvkmzlkmjvjmdu2m2qwnmzkntqyytfjmdnjzti2zjqy-thumb_.jpg\" data-skip-htmlfix=\"1\" title=\"zyz3ptgwmczoyxnoptvkmzlkmjvjmdu2m2qwnmzkntqyytfjmdnjzti2zjqy-thumb_\"><\/p>\n<p data-index=\"2\"><span><em><strong>Foto: Mediafax<\/strong><\/em><\/span><\/p>\n<p data-index=\"3\"><strong>ACTUALIZARE 13:40<\/strong> Victor Ponta va prelua conducerea interimar\u0103 a Ministerului Finan\u021belor, p\u00e2n\u0103 la g\u0103sirea unui nou ministru. Premierul ar fi fost refuzat de secretarul de stat Dan Manolescu pentru aceast\u0103 func\u021bie. Victor Ponta a declarat c\u0103 nu va face public numele noului ministru dec\u00e2t dup\u0103 ce se va consulta cu pre\u0219edintele Klaus Iohannis. \u00cent\u00e2lnirea cu \u0219eful statului ar putea avea loc chiar \u00een aceast\u0103 sear\u0103. Potrivit surselor<strong> Digi24<\/strong>, premierul va propune s\u0103 preia el \u00eensu\u0219i interimatul la Ministerul Finan\u021belor. Propunerea este formulat\u0103 \u00een condi\u021biile \u00een care cererea pentru \u00eencuviin\u021barea arest\u0103rii lui Darius V\u00e2lcov a ajuns la Senat.<\/p>\n<p data-index=\"4\">Victor Ponta a mai fost interimar la Finan\u021be \u00een 2014, dup\u0103 demisia lui Daniel Chi\u021boiu.<\/p>\n<p data-index=\"5\">De altfel, premierul \u0219i-a asumat \u00een mai multe r\u00e2nduri conducerea interimar\u0103 a diverselor ministere c\u00e2nd posturile de conducere ale acestor institu\u021bii au devenit vacante, de cele mai multe ori \u00een urma demisiei titularilor. Astfel, Victor Ponta a fost, temporar, la conducerea Finan\u021belor, Justi\u021biei, Transporturilor, Culturii \u0219i S\u0103n\u0103t\u0103\u021bii.<\/p>\n<hr>\n<p data-index=\"6\">\u201e<span><strong>Vineri, pre\u015fedintele Rom\u00e2niei, domnul\u00a0Klaus Iohannis, la \u00eentoarcerea de la reuniunea Consiliului European de la Bruxelles, \u00eel va primi la Palatul Cotroceni pe prim-ministrul\u00a0Victor Ponta\u00a0pentru o discu\u0163ie referitoare la numirea unui nou ministru de Finan\u0163e<\/strong><\/span><span>\u201d, se precizeaz\u0103 \u00een comunicatul de pres\u0103 al Administra\u0163iei Preziden\u0163iale.<\/span><\/p>\n<p data-index=\"7\">Premierul Victor Ponta a anun\u0163at c\u0103 \u00eel a\u015fteapt\u0103 pe pre\u015fedintele Klaus Iohannis, aflat la reuniunea Consiliului European de la Bruxelles, s\u0103 revin\u0103 la Bucure\u015fti pentru a se consulta cu acesta referitor la numirea unui nou ministru de Finan\u0163e.<\/p>\n<p data-index=\"8\">\u201e<strong>Voi anun\u0163a ministrul dup\u0103 ce vorbesc cu pre\u015fedintele, c\u00e2nd se va \u00eentoarce de la <\/strong><span><strong>Bruxelles<\/strong>\u201d,<\/span> a spus Ponta.<\/p>\n<p data-index=\"9\">Joi, premierul Victor Ponta a anun\u0163at c\u0103 a aprobat demisia lui Darius V\u00e2lcov din postul de ministru al Finan\u0163elor, av\u00e2nd \u00een vedere cererea DNA de arestare a acestuia, \u015fi c\u0103 va prezenta \u00een cel mai scurt timp pre\u015fedintelui Klaus Iohannis o propunere pentru acest portofoliu.<\/p>\n<p data-index=\"10\">Direc\u0163ia Na\u0163ional\u0103 Anticorup\u0163ie (DNA) a cerut aviz de la Senat pentru re\u0163inerea \u015fi arestarea preventiv\u0103 a lui Darius V\u00e2lcov, \u00een dosarul \u00een care este acuzat de trafic de influen\u0163\u0103, dup\u0103 ce ar fi intervenit, c\u00e2nd era primar al Slatinei, \u00een atribuirea unor contracte c\u0103tre un om de afaceri, care i-ar fi promis 20% din sumele \u00eencasate.<\/p>\n<p data-index=\"11\">Duminic\u0103, Darius V\u00e2lcov i-a \u00eenaintat premierului Victor Ponta demisia din func\u0163ia de ministru al Finan\u0163elor, dar Ponta a precizat atunci c\u0103 acesta va r\u0103m\u00e2ne ministru p\u00e2n\u0103 la finalizarea noului Cod Fiscal.<\/p>\n<\/div>\n<p> Source URL: https:\/\/www.digi24.ro\/stiri\/actualitate\/politica\/surse-victor-ponta-interimar-la-ministerul-finantelor-372994<\/p>\n","protected":false},"excerpt":{"rendered":"<p>Foto: Mediafax ACTUALIZARE 13:40 Victor Ponta va prelua conducerea interimar\u0103 a Ministerului Finan\u021belor, p\u00e2n\u0103 la g\u0103sirea unui nou ministru. Premierul ar fi fost refuzat de secretarul de stat Dan Manolescu pentru aceast\u0103 func\u021bie. Victor Ponta a declarat c\u0103 nu va face public numele noului ministru dec\u00e2t dup\u0103 ce se va consulta cu pre\u0219edintele Klaus Iohannis. [&hellip;]<\/p>\n","protected":false},"author":1,"featured_media":184660,"comment_status":"open","ping_status":"","sticky":false,"template":"","format":"standard","meta":{"footnotes":""},"categories":[2],"tags":[11],"class_list":["post-184659","post","type-post","status-publish","format-standard","has-post-thumbnail","hentry","category-politics","tag-digi24"],"_links":{"self":[{"href":"https:\/\/analyse.optim.biz\/index.php?rest_route=\/wp\/v2\/posts\/184659","targetHints":{"allow":["GET"]}}],"collection":[{"href":"https:\/\/analyse.optim.biz\/index.php?rest_route=\/wp\/v2\/posts"}],"about":[{"href":"https:\/\/analyse.optim.biz\/index.php?rest_route=\/wp\/v2\/types\/post"}],"author":[{"embeddable":true,"href":"https:\/\/analyse.optim.biz\/index.php?rest_route=\/wp\/v2\/users\/1"}],"replies":[{"embeddable":true,"href":"https:\/\/analyse.optim.biz\/index.php?rest_route=%2Fwp%2Fv2%2Fcomments&post=184659"}],"version-history":[{"count":0,"href":"https:\/\/analyse.optim.biz\/index.php?rest_route=\/wp\/v2\/posts\/184659\/revisions"}],"wp:featuredmedia":[{"embeddable":true,"href":"https:\/\/analyse.optim.biz\/index.php?rest_route=\/wp\/v2\/media\/184660"}],"wp:attachment":[{"href":"https:\/\/analyse.optim.biz\/index.php?rest_route=%2Fwp%2Fv2%2Fmedia&parent=184659"}],"wp:term":[{"taxonomy":"category","embeddable":true,"href":"https:\/\/analyse.optim.biz\/index.php?rest_route=%2Fwp%2Fv2%2Fcategories&post=184659"},{"taxonomy":"post_tag","embeddable":true,"href":"https:\/\/analyse.optim.biz\/index.php?rest_route=%2Fwp%2Fv2%2Ftags&post=184659"}],"curies":[{"name":"wp","href":"https:\/\/api.w.org\/{rel}","templated":true}]}}