{"id":1846495,"date":"2026-03-25T17:52:37","date_gmt":"2026-03-25T14:52:37","guid":{"rendered":"https:\/\/analyse.optim.biz\/?p=1846495"},"modified":"2026-03-25T17:52:37","modified_gmt":"2026-03-25T14:52:37","slug":"comunicat-de-presafinalizarea-proiectului-cresterea-performantei-energetice-in-blocurile-de-locuinte-din-municipiul-ramnicu-valcea-lot-3","status":"publish","type":"post","link":"https:\/\/analyse.optim.biz\/?p=1846495","title":{"rendered":"Comunicat de pres\u0103Finalizarea proiectului: \u201eCre\u0219terea performan\u021bei energetice \u00een blocurile de locuin\u021be\u00a0din Municipiul R\u00e2mnicu V\u00e2lcea \u2013 Lot 3\u201d"},"content":{"rendered":"<p>[analyse_image type=&#8221;featured&#8221; src=&#8221;https:\/\/s0.wp.com\/i\/blank.jpg&#8221;]<\/p>\n<article id=\"196753\" class=\"post-196753 post type-post status-publish format-standard hentry category-actualitate category-anunturi category-publicitate tag-esterea-performantei-energetice-in-blocurile-de-locuinte-din-municipiul-ramnicu-valcea-lot-3 tag-lot-3\">\n<header class=\"post-header\">\n<ul class=\"breadcrumbs\">\n<li><a href=\"https:\/\/www.curierul.ro\">Home<\/a><\/li>\n<li class=\"breadcrumbs-active .category-actualitate\"><a href=\"https:\/\/www.curierul.ro\/index.php?cat=1615\">Actualitate<\/a><\/li>\n<li class=\"breadcrumbs-active .category-actualitate\">Comunicat de pres\u0103<br \/>Finalizarea proiectului: \u201eCre\u0219terea performan\u021bei energetice \u00een blocurile de locuin\u021be\u00a0din Municipiul R\u00e2mnicu V\u00e2lcea \u2013 Lot 3\u201d<\/li>\n<\/ul>\n<h1 class=\"headline\">Comunicat de pres\u0103<br \/>Finalizarea proiectului: \u201eCre\u0219terea performan\u021bei energetice \u00een blocurile de locuin\u021be\u00a0din Municipiul R\u00e2mnicu V\u00e2lcea \u2013 Lot 3\u201d<\/h1>\n<p class=\"byline\">\n\t\tScris de<a href=\"https:\/\/www.curierul.ro\/author\/comunicat-de-presa\/\">Comunicat de pres\u0103<\/a>, \t\t25 martie 2026\t\t\t\t<\/p>\n<hr>\n<\/header>\n<p>Unitatea Administrativ Teritorial\u0103 Municipiul R\u00e2mnicu V\u00e2lcea anun\u021b\u0103 finalizarea proiectului <strong><em>\u201cCre\u0219terea performan\u021bei energetice \u00een blocurile de locuin\u021be\u00a0 din Municipiul R\u00e2mnicu V\u00e2lcea \u2013 Lot 3\u201d<\/em><\/strong>, finan\u0163at \u00een cadrul Planului Na\u021bional de Redresare \u0219i Rezilien\u021b\u0103, Componenta C5 \u2013 Valul Renov\u0103rii.<\/p>\n<p><strong>Ministerul Dezvolt\u0103rii, Lucr\u0103rilor Publice \u0219i Administra\u021biei<\/strong>, \u00een calitate de Coordonator de investi\u021bii pentru Planul Na\u021bional de Redresare \u0219i Rezilien\u021b\u0103 \u0219i Unitatea Administrativ-Teritorial\u0103 Municipiul R\u00e2mnicu V\u00e2lcea \u00een calitate de Beneficiar au semnat contractul de finan\u021bare nr. 135993\/29.11.2022 pentru proiectul <strong><em>\u201cCre\u0219terea performan\u021bei energetice \u00een blocurile de locuin\u021be din Municipiul R\u00e2mnicu V\u00e2lcea \u2013 Lot 3\u201d<\/em><\/strong>.<\/p>\n<p><strong>Obiectivul <\/strong>proiectului \u00eel reprezint\u0103 renovarea energetic\u0103 moderat\u0103 a dou\u0103 cl\u0103diri reziden\u021biale multifamiliale, respectiv blocul A4 \u2013 situat \u00een Strada Lucef\u0103rului nr. 2 \u0219i blocul G117 \u2013 situat \u00een Strada Grigore Procopiu nr.39, Municipiul R\u00e2mnicu V\u00e2lcea, Jude\u021bul V\u00e2lcea.<\/p>\n<p>\u00a0<\/p>\n<p><strong>Principalele categorii de lucr\u0103ri de interven\u021bie realizate sunt<\/strong>:<\/p>\n<ul>\n<li>Lucr\u0103ri de reabilitare termic\u0103 a anvelopei (izolarea termic\u0103 a fa\u021badei \u2013 partea vitrat\u0103, izolarea termic\u0103 a fa\u021badei \u2013 partea opac\u0103, izolarea termic\u0103 a soclului, izolarea termic\u0103 a plan\u0219eului de peste ultimul nivel, \u00eenchiderea balcoanelor, izolarea termic\u0103 a plan\u0219eului peste subsol);<\/li>\n<li>Lucr\u0103ri de montare a sistemelor alternative de producere energie \u0219i \u00eenlocuirea sistemului de iluminat incandescent\/fluorestent aferent p\u0103r\u0163ilor comune;<\/li>\n<li>Lucr\u0103ri de reabilitare termic\u0103 a sistemului de \u00eenc\u0103lzire\/a sistemului de furnizare a apei calde de consum din subsol;<\/li>\n<li>Amplasarea a 4 sta\u021bii de \u00eenc\u0103rcare pentru ma\u0219ini electrice.<\/li>\n<\/ul>\n<p>\u00a0<\/p>\n<p><strong>Impactul investi\u021biei<\/strong>:<\/p>\n<p>Proiectul a avut ca efect cre\u015fterea eficien\u0163ei energetice a 2 blocuri de locuin\u021be, ceea ce contribuie la sc\u0103derea anual\u0103 estimat\u0103 a gazelor cu efect de ser\u0103, la sc\u0103derea consumului anual de energie termic\u0103 \u0219i electric\u0103, \u0219i, implicit, la reducerea costurilor aferente acestor consumuri, la \u00eembun\u0103t\u0103\u021birea condi\u021biilor de confort din imobil.<\/p>\n<p>\u00a0<\/p>\n<p><strong>Valoarea total\u0103 a proiectului este 10.706.454,82 lei din care:<\/strong><\/p>\n<ul>\n<li>Valoarea eligibil\u0103 din PNRR: 10.706.454,82 lei<\/li>\n<li>Valoarea TVA aferent\u0103 cheltuielilor eligibile din PNRR: 1.703.871,18 lei.<\/li>\n<\/ul>\n<p><strong>Perioada de implementare a proiectului<\/strong> este de 42 luni, conform contractului de finan\u021bare, respectiv \u00a0din data de 21.12.2022 p\u00e2n\u0103 \u00een 21.06.2026.<\/p>\n<p><strong>Cod proiect:<\/strong> C5-A3.1-11<\/p>\n<p><strong>Date de contact<\/strong>: Prim\u0103ria Municipiului R\u00e2mnicu V\u00e2lcea<strong>, <\/strong>Strada General Praporgescu, nr. 14, Jude\u021bul V\u00e2lcea, Municipiul R\u00e2mnicu V\u00e2lcea Telefon: 0250.731.016; Fax: 0250.731.843, Website: <a href=\"http:\/\/www.primariavl.ro\">www.primariavl.ro<\/a>, E-mail: <a href=\"mailto:primaria@primariavl.ro\">primaria@primariavl.ro<\/a><\/p>\n<p>\u00a0<\/p>\n<p>Apel de proiecte gestionat de Ministerul Dezvolt\u0103rii, Lucr\u0103rilor Publice \u0219i Administra\u021biei finan\u021bat din fonduri europene prin Planul Na\u021bional de Redresare \u0219i Rezilien\u021b\u0103 al Rom\u00e2niei.<\/p>\n<p><a href=\"https:\/\/www.curierul.ro\/wp-content\/uploads\/2026\/03\/Comunicat_de_Presa_PNRR-finalizare-LOT-3.pdf\" class=\"pdfemb-viewer\" data-width=\"max\" data-height=\"max\" data-toolbar=\"bottom\" data-toolbar-fixed=\"off\">Comunicat_de_Presa_PNRR-finalizare-LOT-3<\/a><\/p>\n<div class=\"sharedaddy sd-sharing-enabled\">\n<div class=\"robots-nocontent sd-block sd-social sd-social-official sd-sharing\">\n<h3 class=\"sd-title\">Distribuie pe:<\/h3>\n<div class=\"sd-content\">\n<ul>\n<li class=\"share-facebook\">\n<li class=\"share-twitter\"><a href=\"https:\/\/twitter.com\/share\" class=\"twitter-share-button\" data-url=\"https:\/\/www.curierul.ro\/comunicat-de-presafinalizarea-proiectului-cresterea-performantei-energetice-in-blocurile-de-locuinte-din-municipiul-ramnicu-valcea-lot-3\/\" data-text=\"Comunicat de pres\u0103Finalizarea proiectului: \u201eCre\u0219terea performan\u021bei energetice \u00een blocurile de locuin\u021be\u00a0din Municipiul R\u00e2mnicu V\u00e2lcea \u2013 Lot 3\u201d\" data-via=\"curierulvl\">Tweet<\/a><\/li>\n<li class=\"share-jetpack-whatsapp\"><a rel=\"nofollow noopener noreferrer\" data-shared=\"sharing-whatsapp-196753\" class=\"share-jetpack-whatsapp sd-button\" href=\"https:\/\/www.curierul.ro\/comunicat-de-presafinalizarea-proiectului-cresterea-performantei-energetice-in-blocurile-de-locuinte-din-municipiul-ramnicu-valcea-lot-3\/?share=jetpack-whatsapp\" target=\"_blank\" aria-labelledby=\"sharing-whatsapp-196753\"><span id=\"sharing-whatsapp-196753\" hidden>Partajeaz\u0103 prin WhatsApp(Se deschide \u00eentr-o fereastr\u0103 nou\u0103)<\/span><span>WhatsApp<\/span><\/a><\/li>\n<li><a href=\"https:\/\/www.curierul.ro\/comunicat-de-presafinalizarea-proiectului-cresterea-performantei-energetice-in-blocurile-de-locuinte-din-municipiul-ramnicu-valcea-lot-3\/\" class=\"sharing-anchor sd-button share-more\"><span>Mai mult<\/span><\/a><\/li>\n<li class=\"share-end\"><\/ul>\n<div class=\"sharing-hidden\">\n<div class=\"inner\">\n<ul>\n<li class=\"share-email\"><a rel=\"nofollow noopener noreferrer\" data-shared=\"sharing-email-196753\" class=\"share-email sd-button\" href=\"mailto:?subject=%5BArticol%20partajat%5D%20Comunicat%20de%20pres%C4%83Finalizarea%20proiectului%3A%20%E2%80%9ECre%C8%99terea%20performan%C8%9Bei%20energetice%20%C3%AEn%20blocurile%20de%20locuin%C8%9Be%C2%A0din%20Municipiul%20R%C3%A2mnicu%20V%C3%A2lcea%20%E2%80%93%20Lot%203%E2%80%9D&amp;body=https%3A%2F%2Fwww.curierul.ro%2Fcomunicat-de-presafinalizarea-proiectului-cresterea-performantei-energetice-in-blocurile-de-locuinte-din-municipiul-ramnicu-valcea-lot-3%2F&amp;share=email\" target=\"_blank\" aria-labelledby=\"sharing-email-196753\" data-email-share-error-title=\"\u021ai-ai configurat emailul?\" data-email-share-error-text=\"Dac\u0103 ai probleme la partajarea prin email, probabil nu ai configurat emailul pentru navigator. Poate trebuie s\u0103 creezi singur un email nou.\" data-email-share-nonce=\"0cb935128b\" data-email-share-track-url=\"https:\/\/www.curierul.ro\/comunicat-de-presafinalizarea-proiectului-cresterea-performantei-energetice-in-blocurile-de-locuinte-din-municipiul-ramnicu-valcea-lot-3\/?share=email\"><span id=\"sharing-email-196753\" hidden>Trimite unui prieten un email cu o leg\u0103tur\u0103(Se deschide \u00eentr-o fereastr\u0103 nou\u0103)<\/span><span>Email<\/span><\/a><\/li>\n<li class=\"share-print\"><a rel=\"nofollow noopener noreferrer\" data-shared=\"sharing-print-196753\" class=\"share-print sd-button\" href=\"https:\/\/www.curierul.ro\/comunicat-de-presafinalizarea-proiectului-cresterea-performantei-energetice-in-blocurile-de-locuinte-din-municipiul-ramnicu-valcea-lot-3\/#print?share=print\" target=\"_blank\" aria-labelledby=\"sharing-print-196753\"><span id=\"sharing-print-196753\" hidden>Imprimare(Se deschide \u00eentr-o fereastr\u0103 nou\u0103)<\/span><span>Imprimare<\/span><\/a><\/li>\n<li class=\"share-end\"><\/ul>\n<\/div>\n<\/div>\n<\/div>\n<\/div>\n<\/div>\n<div id=\"jp-relatedposts\" class=\"jp-relatedposts\">\n<h3 class=\"jp-relatedposts-headline\"><em>Similare<\/em><\/h3>\n<\/div>\n<footer class=\"post-footer\">\n<p class=\"tags\"><strong>Tags: <\/strong><a href=\"https:\/\/www.curierul.ro\/tag\/esterea-performantei-energetice-in-blocurile-de-locuinte-din-municipiul-ramnicu-valcea-lot-3\/\" rel=\"tag\">e\u0219terea performan\u021bei energetice \u00een blocurile de locuin\u021be\u00a0 din Municipiul R\u00e2mnicu V\u00e2lcea \u2013 Lot 3<\/a>, <a href=\"https:\/\/www.curierul.ro\/tag\/lot-3\/\" rel=\"tag\">LOT 3<\/a><\/p>\n<div class=\"post-navigation clearfix\">\n<div class=\"previous-post\">\n<div class=\"featured-photo\"><img loading=\"lazy\" decoding=\"async\" width=\"1200\" height=\"900\" src=\"https:\/\/i0.wp.com\/www.curierul.ro\/wp-content\/uploads\/2026\/03\/1774440163-iejp_wp.jpg?fit=300%2C225&amp;ssl=1\" class=\"attachment-post-thumbnail size-post-thumbnail wp-post-image\" alt><\/div>\n<p class=\"paginate-title\">\u00ab\u00ab <a href=\"https:\/\/www.curierul.ro\/de-ce-storcatoarele-profesionale-sunt-esentiale-in-locatiile-horeca\/\" rel=\"prev\">De ce storc\u0103toarele profesionale sunt esen\u021biale \u00een loca\u021biile HoReCa<\/a><\/p>\n<\/div>\n<\/div>\n<div id=\"comments\" class=\"comments-area\">\n<div id=\"respond\" class=\"comment-respond\">\n<h3 id=\"reply-title\" class=\"comment-reply-title\">Po\u021bi comenta aici<small><a rel=\"nofollow\" id=\"cancel-comment-reply-link\" href=\"https:\/\/www.curierul.ro\/comunicat-de-presafinalizarea-proiectului-cresterea-performantei-energetice-in-blocurile-de-locuinte-din-municipiul-ramnicu-valcea-lot-3\/#respond\">Anuleaz\u0103 r\u0103spunsul<\/a><\/small><\/h3>\n<\/div>\n<p class=\"akismet_comment_form_privacy_notice\">Acest site folose\u0219te Akismet pentru a reduce spamul. <a href=\"https:\/\/akismet.com\/privacy\/\" target=\"_blank\" rel=\"nofollow noopener\">Afl\u0103 cum sunt procesate datele comentariilor tale<\/a>.<\/p>\n<\/div>\n<section class=\"latest-category clearfix\">\n<h2 class=\"title\">More Stories From Actualitate<\/h2>\n<div class=\"stories-container\">\n<article id=\"related-196751\" class=\"story post-196751 post type-post status-publish format-standard has-post-thumbnail hentry category-actualitate category-anunturi tag-articol-de-la-partener\">\n<div class=\"photo\"><img loading=\"lazy\" decoding=\"async\" width=\"735\" height=\"440\" src=\"https:\/\/i0.wp.com\/www.curierul.ro\/wp-content\/uploads\/2026\/03\/1774440163-iejp_wp.jpg?fit=300%2C225&amp;ssl=1\" class=\"attachment-giornalismo-single size-giornalismo-single wp-post-image\" alt><\/div>\n<p class=\"headline\"><a href=\"https:\/\/www.curierul.ro\/de-ce-storcatoarele-profesionale-sunt-esentiale-in-locatiile-horeca\/\">De ce storc\u0103toarele profesionale sunt esen\u021biale \u00een loca\u021biile HoReCa<\/a><\/p>\n<\/article>\n<article id=\"related-196746\" class=\"story post-196746 post type-post status-publish format-standard has-post-thumbnail hentry category-actualitate category-cultura tag-copii tag-spectacol tag-teatru-anton-pann tag-tup-imposibil-e-doar-un-cuvant\">\n<div class=\"photo\"><img decoding=\"async\" width=\"600\" height=\"364\" src=\"https:\/\/i0.wp.com\/www.curierul.ro\/wp-content\/uploads\/2016\/01\/teatru_anton_pann-e1661856078208.jpg?fit=300%2C182&amp;ssl=1\" class=\"attachment-giornalismo-single size-giornalismo-single wp-post-image\" alt loading=\"lazy\"><\/div>\n<p class=\"headline\"><a href=\"https:\/\/www.curierul.ro\/spectacol-pentru-copii-tup-imposibil-e-doar-un-cuvant-la-teatrul-anton-pann\/\">Spectacol pentru copii \u201e\u021aup \u2013Imposibil e doar un cuv\u00e2nt\u201d, la Teatrul Anton Pann<\/a><\/p>\n<\/article>\n<article id=\"related-196735\" class=\"story post-196735 post type-post status-publish format-standard has-post-thumbnail hentry category-actualitate category-headlines category-politica tag-autorizare tag-dezbatere-publica tag-geo-saizescu tag-jocul-e-noroc tag-ramnic-2 tag-regulament\">\n<div class=\"photo\"><img decoding=\"async\" width=\"735\" height=\"440\" src=\"https:\/\/i0.wp.com\/www.curierul.ro\/wp-content\/uploads\/2026\/03\/dezbatere-pub-e1774352285171.jpg?fit=300%2C160&amp;ssl=1\" class=\"attachment-giornalismo-single size-giornalismo-single wp-post-image\" alt loading=\"lazy\"><\/div>\n<p class=\"headline\"><a href=\"https:\/\/www.curierul.ro\/concluzia-dupa-dezbaterea-publica-de-la-cinema-geo-saizescu-ramnicul-va-elabora-un-regulament-de-autorizare-a-jocurilor-de-noroc\/\">Concluzia dup\u0103 dezbaterea public\u0103 de la Cinema \u201eGeo Saizescu\u201d: R\u00e2mnicul va elabora un regulament de autorizare a jocurilor de noroc<\/a><\/p>\n<\/article>\n<\/div>\n<\/section>\n<section class=\"author-bio clearfix\">\n<div class=\"mug-shot\"><img decoding=\"async\" alt src=\"https:\/\/secure.gravatar.com\/avatar\/99cb5dc553c194226db8ff81883aeb68584791e67c78fb655bb3c37b83324715?s=96&amp;d=mm&amp;r=g\" class=\"avatar avatar-96 photo\" height=\"96\" width=\"96\" loading=\"lazy\"><\/div>\n<div class=\"author-info\">\n<p class=\"title\">About Comunicat de pres\u0103, <\/p>\n<div class=\"author-social-area\"><a href=\"mailto:redactie@curierul.ro\"><span class=\"fal fa-envelope\"><span class=\"screen-reader-text\">Email the Author<\/span><\/span><\/a><\/div>\n<\/div>\n<\/section>\n<\/footer>\n<\/article>\n<article id=\"196753\" class=\"post-196753 post type-post status-publish format-standard hentry category-actualitate category-anunturi category-publicitate tag-esterea-performantei-energetice-in-blocurile-de-locuinte-din-municipiul-ramnicu-valcea-lot-3 tag-lot-3\">\n<header class=\"post-header\">\n<ul class=\"breadcrumbs\">\n<li><a href=\"https:\/\/www.curierul.ro\">Home<\/a><\/li>\n<li class=\"breadcrumbs-active .category-actualitate\"><a href=\"https:\/\/www.curierul.ro\/index.php?cat=1615\">Actualitate<\/a><\/li>\n<li class=\"breadcrumbs-active .category-actualitate\">Comunicat de pres\u0103<br \/>Finalizarea proiectului: \u201eCre\u0219terea performan\u021bei energetice \u00een blocurile de locuin\u021be\u00a0din Municipiul R\u00e2mnicu V\u00e2lcea \u2013 Lot 3\u201d<\/li>\n<\/ul>\n<h1 class=\"headline\">Comunicat de pres\u0103<br \/>Finalizarea proiectului: \u201eCre\u0219terea performan\u021bei energetice \u00een blocurile de locuin\u021be\u00a0din Municipiul R\u00e2mnicu V\u00e2lcea \u2013 Lot 3\u201d<\/h1>\n<p class=\"byline\">\n\t\tScris de<a href=\"https:\/\/www.curierul.ro\/author\/comunicat-de-presa\/\">Comunicat de pres\u0103<\/a>, \t\t25 martie 2026\t\t\t\t<\/p>\n<hr>\n<\/header>\n<p>Unitatea Administrativ Teritorial\u0103 Municipiul R\u00e2mnicu V\u00e2lcea anun\u021b\u0103 finalizarea proiectului <strong><em>\u201cCre\u0219terea performan\u021bei energetice \u00een blocurile de locuin\u021be\u00a0 din Municipiul R\u00e2mnicu V\u00e2lcea \u2013 Lot 3\u201d<\/em><\/strong>, finan\u0163at \u00een cadrul Planului Na\u021bional de Redresare \u0219i Rezilien\u021b\u0103, Componenta C5 \u2013 Valul Renov\u0103rii.<\/p>\n<p><strong>Ministerul Dezvolt\u0103rii, Lucr\u0103rilor Publice \u0219i Administra\u021biei<\/strong>, \u00een calitate de Coordonator de investi\u021bii pentru Planul Na\u021bional de Redresare \u0219i Rezilien\u021b\u0103 \u0219i Unitatea Administrativ-Teritorial\u0103 Municipiul R\u00e2mnicu V\u00e2lcea \u00een calitate de Beneficiar au semnat contractul de finan\u021bare nr. 135993\/29.11.2022 pentru proiectul <strong><em>\u201cCre\u0219terea performan\u021bei energetice \u00een blocurile de locuin\u021be din Municipiul R\u00e2mnicu V\u00e2lcea \u2013 Lot 3\u201d<\/em><\/strong>.<\/p>\n<p><strong>Obiectivul <\/strong>proiectului \u00eel reprezint\u0103 renovarea energetic\u0103 moderat\u0103 a dou\u0103 cl\u0103diri reziden\u021biale multifamiliale, respectiv blocul A4 \u2013 situat \u00een Strada Lucef\u0103rului nr. 2 \u0219i blocul G117 \u2013 situat \u00een Strada Grigore Procopiu nr.39, Municipiul R\u00e2mnicu V\u00e2lcea, Jude\u021bul V\u00e2lcea.<\/p>\n<p>\u00a0<\/p>\n<p><strong>Principalele categorii de lucr\u0103ri de interven\u021bie realizate sunt<\/strong>:<\/p>\n<ul>\n<li>Lucr\u0103ri de reabilitare termic\u0103 a anvelopei (izolarea termic\u0103 a fa\u021badei \u2013 partea vitrat\u0103, izolarea termic\u0103 a fa\u021badei \u2013 partea opac\u0103, izolarea termic\u0103 a soclului, izolarea termic\u0103 a plan\u0219eului de peste ultimul nivel, \u00eenchiderea balcoanelor, izolarea termic\u0103 a plan\u0219eului peste subsol);<\/li>\n<li>Lucr\u0103ri de montare a sistemelor alternative de producere energie \u0219i \u00eenlocuirea sistemului de iluminat incandescent\/fluorestent aferent p\u0103r\u0163ilor comune;<\/li>\n<li>Lucr\u0103ri de reabilitare termic\u0103 a sistemului de \u00eenc\u0103lzire\/a sistemului de furnizare a apei calde de consum din subsol;<\/li>\n<li>Amplasarea a 4 sta\u021bii de \u00eenc\u0103rcare pentru ma\u0219ini electrice.<\/li>\n<\/ul>\n<p>\u00a0<\/p>\n<p><strong>Impactul investi\u021biei<\/strong>:<\/p>\n<p>Proiectul a avut ca efect cre\u015fterea eficien\u0163ei energetice a 2 blocuri de locuin\u021be, ceea ce contribuie la sc\u0103derea anual\u0103 estimat\u0103 a gazelor cu efect de ser\u0103, la sc\u0103derea consumului anual de energie termic\u0103 \u0219i electric\u0103, \u0219i, implicit, la reducerea costurilor aferente acestor consumuri, la \u00eembun\u0103t\u0103\u021birea condi\u021biilor de confort din imobil.<\/p>\n<p>\u00a0<\/p>\n<p><strong>Valoarea total\u0103 a proiectului este 10.706.454,82 lei din care:<\/strong><\/p>\n<ul>\n<li>Valoarea eligibil\u0103 din PNRR: 10.706.454,82 lei<\/li>\n<li>Valoarea TVA aferent\u0103 cheltuielilor eligibile din PNRR: 1.703.871,18 lei.<\/li>\n<\/ul>\n<p><strong>Perioada de implementare a proiectului<\/strong> este de 42 luni, conform contractului de finan\u021bare, respectiv \u00a0din data de 21.12.2022 p\u00e2n\u0103 \u00een 21.06.2026.<\/p>\n<p><strong>Cod proiect:<\/strong> C5-A3.1-11<\/p>\n<p><strong>Date de contact<\/strong>: Prim\u0103ria Municipiului R\u00e2mnicu V\u00e2lcea<strong>, <\/strong>Strada General Praporgescu, nr. 14, Jude\u021bul V\u00e2lcea, Municipiul R\u00e2mnicu V\u00e2lcea Telefon: 0250.731.016; Fax: 0250.731.843, Website: <a href=\"http:\/\/www.primariavl.ro\">www.primariavl.ro<\/a>, E-mail: <a href=\"mailto:primaria@primariavl.ro\">primaria@primariavl.ro<\/a><\/p>\n<p>\u00a0<\/p>\n<p>Apel de proiecte gestionat de Ministerul Dezvolt\u0103rii, Lucr\u0103rilor Publice \u0219i Administra\u021biei finan\u021bat din fonduri europene prin Planul Na\u021bional de Redresare \u0219i Rezilien\u021b\u0103 al Rom\u00e2niei.<\/p>\n<p><a href=\"https:\/\/www.curierul.ro\/wp-content\/uploads\/2026\/03\/Comunicat_de_Presa_PNRR-finalizare-LOT-3.pdf\" class=\"pdfemb-viewer\" data-width=\"max\" data-height=\"max\" data-toolbar=\"bottom\" data-toolbar-fixed=\"off\">Comunicat_de_Presa_PNRR-finalizare-LOT-3<\/a><\/p>\n<div class=\"sharedaddy sd-sharing-enabled\">\n<div class=\"robots-nocontent sd-block sd-social sd-social-official sd-sharing\">\n<h3 class=\"sd-title\">Distribuie pe:<\/h3>\n<div class=\"sd-content\">\n<ul>\n<li class=\"share-facebook\">\n<li class=\"share-twitter\"><a href=\"https:\/\/twitter.com\/share\" class=\"twitter-share-button\" data-url=\"https:\/\/www.curierul.ro\/comunicat-de-presafinalizarea-proiectului-cresterea-performantei-energetice-in-blocurile-de-locuinte-din-municipiul-ramnicu-valcea-lot-3\/\" data-text=\"Comunicat de pres\u0103Finalizarea proiectului: \u201eCre\u0219terea performan\u021bei energetice \u00een blocurile de locuin\u021be\u00a0din Municipiul R\u00e2mnicu V\u00e2lcea \u2013 Lot 3\u201d\" data-via=\"curierulvl\">Tweet<\/a><\/li>\n<li class=\"share-jetpack-whatsapp\"><a rel=\"nofollow noopener noreferrer\" data-shared=\"sharing-whatsapp-196753\" class=\"share-jetpack-whatsapp sd-button\" href=\"https:\/\/www.curierul.ro\/comunicat-de-presafinalizarea-proiectului-cresterea-performantei-energetice-in-blocurile-de-locuinte-din-municipiul-ramnicu-valcea-lot-3\/?share=jetpack-whatsapp\" target=\"_blank\" aria-labelledby=\"sharing-whatsapp-196753\"><span id=\"sharing-whatsapp-196753\" hidden>Partajeaz\u0103 prin WhatsApp(Se deschide \u00eentr-o fereastr\u0103 nou\u0103)<\/span><span>WhatsApp<\/span><\/a><\/li>\n<li><a href=\"https:\/\/www.curierul.ro\/comunicat-de-presafinalizarea-proiectului-cresterea-performantei-energetice-in-blocurile-de-locuinte-din-municipiul-ramnicu-valcea-lot-3\/\" class=\"sharing-anchor sd-button share-more\"><span>Mai mult<\/span><\/a><\/li>\n<li class=\"share-end\"><\/ul>\n<div class=\"sharing-hidden\">\n<div class=\"inner\">\n<ul>\n<li class=\"share-email\"><a rel=\"nofollow noopener noreferrer\" data-shared=\"sharing-email-196753\" class=\"share-email sd-button\" href=\"mailto:?subject=%5BArticol%20partajat%5D%20Comunicat%20de%20pres%C4%83Finalizarea%20proiectului%3A%20%E2%80%9ECre%C8%99terea%20performan%C8%9Bei%20energetice%20%C3%AEn%20blocurile%20de%20locuin%C8%9Be%C2%A0din%20Municipiul%20R%C3%A2mnicu%20V%C3%A2lcea%20%E2%80%93%20Lot%203%E2%80%9D&amp;body=https%3A%2F%2Fwww.curierul.ro%2Fcomunicat-de-presafinalizarea-proiectului-cresterea-performantei-energetice-in-blocurile-de-locuinte-din-municipiul-ramnicu-valcea-lot-3%2F&amp;share=email\" target=\"_blank\" aria-labelledby=\"sharing-email-196753\" data-email-share-error-title=\"\u021ai-ai configurat emailul?\" data-email-share-error-text=\"Dac\u0103 ai probleme la partajarea prin email, probabil nu ai configurat emailul pentru navigator. Poate trebuie s\u0103 creezi singur un email nou.\" data-email-share-nonce=\"0cb935128b\" data-email-share-track-url=\"https:\/\/www.curierul.ro\/comunicat-de-presafinalizarea-proiectului-cresterea-performantei-energetice-in-blocurile-de-locuinte-din-municipiul-ramnicu-valcea-lot-3\/?share=email\"><span id=\"sharing-email-196753\" hidden>Trimite unui prieten un email cu o leg\u0103tur\u0103(Se deschide \u00eentr-o fereastr\u0103 nou\u0103)<\/span><span>Email<\/span><\/a><\/li>\n<li class=\"share-print\"><a rel=\"nofollow noopener noreferrer\" data-shared=\"sharing-print-196753\" class=\"share-print sd-button\" href=\"https:\/\/www.curierul.ro\/comunicat-de-presafinalizarea-proiectului-cresterea-performantei-energetice-in-blocurile-de-locuinte-din-municipiul-ramnicu-valcea-lot-3\/#print?share=print\" target=\"_blank\" aria-labelledby=\"sharing-print-196753\"><span id=\"sharing-print-196753\" hidden>Imprimare(Se deschide \u00eentr-o fereastr\u0103 nou\u0103)<\/span><span>Imprimare<\/span><\/a><\/li>\n<li class=\"share-end\"><\/ul>\n<\/div>\n<\/div>\n<\/div>\n<\/div>\n<\/div>\n<div id=\"jp-relatedposts\" class=\"jp-relatedposts\">\n<h3 class=\"jp-relatedposts-headline\"><em>Similare<\/em><\/h3>\n<\/div>\n<footer class=\"post-footer\">\n<p class=\"tags\"><strong>Tags: <\/strong><a href=\"https:\/\/www.curierul.ro\/tag\/esterea-performantei-energetice-in-blocurile-de-locuinte-din-municipiul-ramnicu-valcea-lot-3\/\" rel=\"tag\">e\u0219terea performan\u021bei energetice \u00een blocurile de locuin\u021be\u00a0 din Municipiul R\u00e2mnicu V\u00e2lcea \u2013 Lot 3<\/a>, <a href=\"https:\/\/www.curierul.ro\/tag\/lot-3\/\" rel=\"tag\">LOT 3<\/a><\/p>\n<div class=\"post-navigation clearfix\">\n<div class=\"previous-post\">\n<div class=\"featured-photo\"><img loading=\"lazy\" decoding=\"async\" width=\"1200\" height=\"900\" src=\"https:\/\/i0.wp.com\/www.curierul.ro\/wp-content\/uploads\/2026\/03\/1774440163-iejp_wp.jpg?fit=300%2C225&amp;ssl=1\" class=\"attachment-post-thumbnail size-post-thumbnail wp-post-image\" alt><\/div>\n<p class=\"paginate-title\">\u00ab\u00ab <a href=\"https:\/\/www.curierul.ro\/de-ce-storcatoarele-profesionale-sunt-esentiale-in-locatiile-horeca\/\" rel=\"prev\">De ce storc\u0103toarele profesionale sunt esen\u021biale \u00een loca\u021biile HoReCa<\/a><\/p>\n<\/div>\n<\/div>\n<div id=\"comments\" class=\"comments-area\">\n<div id=\"respond\" class=\"comment-respond\">\n<h3 id=\"reply-title\" class=\"comment-reply-title\">Po\u021bi comenta aici<small><a rel=\"nofollow\" id=\"cancel-comment-reply-link\" href=\"https:\/\/www.curierul.ro\/comunicat-de-presafinalizarea-proiectului-cresterea-performantei-energetice-in-blocurile-de-locuinte-din-municipiul-ramnicu-valcea-lot-3\/#respond\">Anuleaz\u0103 r\u0103spunsul<\/a><\/small><\/h3>\n<\/div>\n<p class=\"akismet_comment_form_privacy_notice\">Acest site folose\u0219te Akismet pentru a reduce spamul. <a href=\"https:\/\/akismet.com\/privacy\/\" target=\"_blank\" rel=\"nofollow noopener\">Afl\u0103 cum sunt procesate datele comentariilor tale<\/a>.<\/p>\n<\/div>\n<section class=\"latest-category clearfix\">\n<h2 class=\"title\">More Stories From Actualitate<\/h2>\n<div class=\"stories-container\">\n<article id=\"related-196751\" class=\"story post-196751 post type-post status-publish format-standard has-post-thumbnail hentry category-actualitate category-anunturi tag-articol-de-la-partener\">\n<div class=\"photo\"><img loading=\"lazy\" decoding=\"async\" width=\"735\" height=\"440\" src=\"https:\/\/i0.wp.com\/www.curierul.ro\/wp-content\/uploads\/2026\/03\/1774440163-iejp_wp.jpg?fit=300%2C225&amp;ssl=1\" class=\"attachment-giornalismo-single size-giornalismo-single wp-post-image\" alt><\/div>\n<p class=\"headline\"><a href=\"https:\/\/www.curierul.ro\/de-ce-storcatoarele-profesionale-sunt-esentiale-in-locatiile-horeca\/\">De ce storc\u0103toarele profesionale sunt esen\u021biale \u00een loca\u021biile HoReCa<\/a><\/p>\n<\/article>\n<article id=\"related-196746\" class=\"story post-196746 post type-post status-publish format-standard has-post-thumbnail hentry category-actualitate category-cultura tag-copii tag-spectacol tag-teatru-anton-pann tag-tup-imposibil-e-doar-un-cuvant\">\n<div class=\"photo\"><img decoding=\"async\" width=\"600\" height=\"364\" src=\"https:\/\/i0.wp.com\/www.curierul.ro\/wp-content\/uploads\/2016\/01\/teatru_anton_pann-e1661856078208.jpg?fit=300%2C182&amp;ssl=1\" class=\"attachment-giornalismo-single size-giornalismo-single wp-post-image\" alt loading=\"lazy\"><\/div>\n<p class=\"headline\"><a href=\"https:\/\/www.curierul.ro\/spectacol-pentru-copii-tup-imposibil-e-doar-un-cuvant-la-teatrul-anton-pann\/\">Spectacol pentru copii \u201e\u021aup \u2013Imposibil e doar un cuv\u00e2nt\u201d, la Teatrul Anton Pann<\/a><\/p>\n<\/article>\n<article id=\"related-196735\" class=\"story post-196735 post type-post status-publish format-standard has-post-thumbnail hentry category-actualitate category-headlines category-politica tag-autorizare tag-dezbatere-publica tag-geo-saizescu tag-jocul-e-noroc tag-ramnic-2 tag-regulament\">\n<div class=\"photo\"><img decoding=\"async\" width=\"735\" height=\"440\" src=\"https:\/\/i0.wp.com\/www.curierul.ro\/wp-content\/uploads\/2026\/03\/dezbatere-pub-e1774352285171.jpg?fit=300%2C160&amp;ssl=1\" class=\"attachment-giornalismo-single size-giornalismo-single wp-post-image\" alt loading=\"lazy\"><\/div>\n<p class=\"headline\"><a href=\"https:\/\/www.curierul.ro\/concluzia-dupa-dezbaterea-publica-de-la-cinema-geo-saizescu-ramnicul-va-elabora-un-regulament-de-autorizare-a-jocurilor-de-noroc\/\">Concluzia dup\u0103 dezbaterea public\u0103 de la Cinema \u201eGeo Saizescu\u201d: R\u00e2mnicul va elabora un regulament de autorizare a jocurilor de noroc<\/a><\/p>\n<\/article>\n<\/div>\n<\/section>\n<section class=\"author-bio clearfix\">\n<div class=\"mug-shot\"><img decoding=\"async\" alt src=\"https:\/\/secure.gravatar.com\/avatar\/99cb5dc553c194226db8ff81883aeb68584791e67c78fb655bb3c37b83324715?s=96&amp;d=mm&amp;r=g\" class=\"avatar avatar-96 photo\" height=\"96\" width=\"96\" loading=\"lazy\"><\/div>\n<div class=\"author-info\">\n<p class=\"title\">About Comunicat de pres\u0103, <\/p>\n<div class=\"author-social-area\"><a href=\"mailto:redactie@curierul.ro\"><span class=\"fal fa-envelope\"><span class=\"screen-reader-text\">Email the Author<\/span><\/span><\/a><\/div>\n<\/div>\n<\/section>\n<\/footer>\n<\/article>\n<article id=\"related-196751\" class=\"story post-196751 post type-post status-publish format-standard has-post-thumbnail hentry category-actualitate category-anunturi tag-articol-de-la-partener\">\n<div class=\"photo\"><img loading=\"lazy\" decoding=\"async\" width=\"735\" height=\"440\" src=\"https:\/\/i0.wp.com\/www.curierul.ro\/wp-content\/uploads\/2026\/03\/1774440163-iejp_wp.jpg?fit=300%2C225&amp;ssl=1\" class=\"attachment-giornalismo-single size-giornalismo-single wp-post-image\" alt><\/div>\n<p class=\"headline\"><a href=\"https:\/\/www.curierul.ro\/de-ce-storcatoarele-profesionale-sunt-esentiale-in-locatiile-horeca\/\">De ce storc\u0103toarele profesionale sunt esen\u021biale \u00een loca\u021biile HoReCa<\/a><\/p>\n<\/article>\n<article id=\"related-196746\" class=\"story post-196746 post type-post status-publish format-standard has-post-thumbnail hentry category-actualitate category-cultura tag-copii tag-spectacol tag-teatru-anton-pann tag-tup-imposibil-e-doar-un-cuvant\">\n<div class=\"photo\"><img decoding=\"async\" width=\"600\" height=\"364\" src=\"https:\/\/i0.wp.com\/www.curierul.ro\/wp-content\/uploads\/2016\/01\/teatru_anton_pann-e1661856078208.jpg?fit=300%2C182&amp;ssl=1\" class=\"attachment-giornalismo-single size-giornalismo-single wp-post-image\" alt loading=\"lazy\"><\/div>\n<p class=\"headline\"><a href=\"https:\/\/www.curierul.ro\/spectacol-pentru-copii-tup-imposibil-e-doar-un-cuvant-la-teatrul-anton-pann\/\">Spectacol pentru copii \u201e\u021aup \u2013Imposibil e doar un cuv\u00e2nt\u201d, la Teatrul Anton Pann<\/a><\/p>\n<\/article>\n<article id=\"related-196735\" class=\"story post-196735 post type-post status-publish format-standard has-post-thumbnail hentry category-actualitate category-headlines category-politica tag-autorizare tag-dezbatere-publica tag-geo-saizescu tag-jocul-e-noroc tag-ramnic-2 tag-regulament\">\n<div class=\"photo\"><img decoding=\"async\" width=\"735\" height=\"440\" src=\"https:\/\/i0.wp.com\/www.curierul.ro\/wp-content\/uploads\/2026\/03\/dezbatere-pub-e1774352285171.jpg?fit=300%2C160&amp;ssl=1\" class=\"attachment-giornalismo-single size-giornalismo-single wp-post-image\" alt loading=\"lazy\"><\/div>\n<p class=\"headline\"><a href=\"https:\/\/www.curierul.ro\/concluzia-dupa-dezbaterea-publica-de-la-cinema-geo-saizescu-ramnicul-va-elabora-un-regulament-de-autorizare-a-jocurilor-de-noroc\/\">Concluzia dup\u0103 dezbaterea public\u0103 de la Cinema \u201eGeo Saizescu\u201d: R\u00e2mnicul va elabora un regulament de autorizare a jocurilor de noroc<\/a><\/p>\n<\/article>\n<p>[analyse_source url=&#8221;https:\/\/www.curierul.ro\/comunicat-de-presafinalizarea-proiectului-cresterea-performantei-energetice-in-blocurile-de-locuinte-din-municipiul-ramnicu-valcea-lot-3\/&#8221;]<\/p>\n","protected":false},"excerpt":{"rendered":"<p>[analyse_image type=&#8221;featured&#8221; src=&#8221;https:\/\/s0.wp.com\/i\/blank.jpg&#8221;] Home Actualitate Comunicat de pres\u0103Finalizarea proiectului: \u201eCre\u0219terea performan\u021bei energetice \u00een blocurile de locuin\u021be\u00a0din Municipiul R\u00e2mnicu V\u00e2lcea \u2013 Lot 3\u201d Comunicat de pres\u0103Finalizarea proiectului: \u201eCre\u0219terea performan\u021bei energetice \u00een blocurile de locuin\u021be\u00a0din Municipiul R\u00e2mnicu V\u00e2lcea \u2013 Lot 3\u201d Scris deComunicat de pres\u0103, 25 martie 2026 Unitatea Administrativ Teritorial\u0103 Municipiul R\u00e2mnicu V\u00e2lcea anun\u021b\u0103 finalizarea proiectului [&hellip;]<\/p>\n","protected":false},"author":1,"featured_media":0,"comment_status":"open","ping_status":"","sticky":false,"template":"","format":"standard","meta":{"footnotes":""},"categories":[89],"tags":[226,213],"class_list":["post-1846495","post","type-post","status-publish","format-standard","hentry","category-romania","tag-crawlmanager","tag-curierul-ro"],"_links":{"self":[{"href":"https:\/\/analyse.optim.biz\/index.php?rest_route=\/wp\/v2\/posts\/1846495","targetHints":{"allow":["GET"]}}],"collection":[{"href":"https:\/\/analyse.optim.biz\/index.php?rest_route=\/wp\/v2\/posts"}],"about":[{"href":"https:\/\/analyse.optim.biz\/index.php?rest_route=\/wp\/v2\/types\/post"}],"author":[{"embeddable":true,"href":"https:\/\/analyse.optim.biz\/index.php?rest_route=\/wp\/v2\/users\/1"}],"replies":[{"embeddable":true,"href":"https:\/\/analyse.optim.biz\/index.php?rest_route=%2Fwp%2Fv2%2Fcomments&post=1846495"}],"version-history":[{"count":0,"href":"https:\/\/analyse.optim.biz\/index.php?rest_route=\/wp\/v2\/posts\/1846495\/revisions"}],"wp:attachment":[{"href":"https:\/\/analyse.optim.biz\/index.php?rest_route=%2Fwp%2Fv2%2Fmedia&parent=1846495"}],"wp:term":[{"taxonomy":"category","embeddable":true,"href":"https:\/\/analyse.optim.biz\/index.php?rest_route=%2Fwp%2Fv2%2Fcategories&post=1846495"},{"taxonomy":"post_tag","embeddable":true,"href":"https:\/\/analyse.optim.biz\/index.php?rest_route=%2Fwp%2Fv2%2Ftags&post=1846495"}],"curies":[{"name":"wp","href":"https:\/\/api.w.org\/{rel}","templated":true}]}}