{"id":184648,"date":"2015-03-20T11:59:38","date_gmt":"2015-03-20T08:59:38","guid":{"rendered":"https:\/\/analyse.optim.biz\/?p=184648"},"modified":"2015-03-20T11:59:38","modified_gmt":"2015-03-20T08:59:38","slug":"victor-ponta-despre-votul-psd-referitor-la-cererea-parchetului-de-arestare-in-cazul-valcov-in-senat-vor-vota-senatorii","status":"publish","type":"post","link":"https:\/\/analyse.optim.biz\/?p=184648","title":{"rendered":"Victor Ponta despre votul PSD referitor la cererea Parchetului de arestare \u00een cazul V\u00e2lcov: \u00cen Senat vor vota senatorii"},"content":{"rendered":"<div class=\"entry data-app-meta data-app-meta-article\" data-embed-base-url-canonical=\"https:\/\/www.digi24.ro\/embed\/stiri\/actualitate\/politica\/victor-ponta-despre-votul-psd-referitor-la-cererea-parchetului-de-arestare-in-cazul-valcov-in-senat-vor-vota-senatorii-372997\">\n<p data-index=\"1\">\u00centrebat cum va vota PSD \u00een Senat asupra solicit\u0103rii Parchetului referitoare la V\u00e2lcov, Ponta a r\u0103spuns: \u201e<span><strong>\u00cen Senat vor vota senatorii. Eu sunt deputat<\/strong><\/span><span>\u201d.<\/span><\/p>\n<p data-index=\"2\">Cererea de \u00eencuviin\u021bare a re\u021binerii \u0219i arest\u0103rii preventive a senatorului Darius V\u00e2lcov, acuzat de trafic de influen\u021b\u0103, a ajuns vineri la Senat.<\/p>\n<p data-index=\"3\">Aceasta urmeaz\u0103 s\u0103 fie luat\u0103 \u00een discu\u021bie de Biroul permanent al Senatului cel mai probabil luni, dup\u0103 care va fi transmis\u0103 Comisiei juridice pentru un punct de vedere.<\/p>\n<p data-index=\"4\">Senatorii juri\u0219ti vor avea la dispozi\u021bie trei zile pentru a \u00eentocmi un raport, care va fi \u00eenaintat plenului spre aprobare. Fostul ministru Darius V\u00e2lcov va avea posibilitatea s\u0103-\u0219i sus\u021bin\u0103 cauza \u00een fa\u021ba colegilor senatori.<\/p>\n<\/div>\n<p> Source URL: https:\/\/www.digi24.ro\/stiri\/actualitate\/politica\/victor-ponta-despre-votul-psd-referitor-la-cererea-parchetului-de-arestare-in-cazul-valcov-in-senat-vor-vota-senatorii-372997<\/p>\n","protected":false},"excerpt":{"rendered":"<p>\u00centrebat cum va vota PSD \u00een Senat asupra solicit\u0103rii Parchetului referitoare la V\u00e2lcov, Ponta a r\u0103spuns: \u201e\u00cen Senat vor vota senatorii. Eu sunt deputat\u201d. Cererea de \u00eencuviin\u021bare a re\u021binerii \u0219i arest\u0103rii preventive a senatorului Darius V\u00e2lcov, acuzat de trafic de influen\u021b\u0103, a ajuns vineri la Senat. Aceasta urmeaz\u0103 s\u0103 fie luat\u0103 \u00een discu\u021bie de Biroul [&hellip;]<\/p>\n","protected":false},"author":1,"featured_media":184649,"comment_status":"open","ping_status":"","sticky":false,"template":"","format":"standard","meta":{"footnotes":""},"categories":[2],"tags":[11],"class_list":["post-184648","post","type-post","status-publish","format-standard","has-post-thumbnail","hentry","category-politics","tag-digi24"],"_links":{"self":[{"href":"https:\/\/analyse.optim.biz\/index.php?rest_route=\/wp\/v2\/posts\/184648","targetHints":{"allow":["GET"]}}],"collection":[{"href":"https:\/\/analyse.optim.biz\/index.php?rest_route=\/wp\/v2\/posts"}],"about":[{"href":"https:\/\/analyse.optim.biz\/index.php?rest_route=\/wp\/v2\/types\/post"}],"author":[{"embeddable":true,"href":"https:\/\/analyse.optim.biz\/index.php?rest_route=\/wp\/v2\/users\/1"}],"replies":[{"embeddable":true,"href":"https:\/\/analyse.optim.biz\/index.php?rest_route=%2Fwp%2Fv2%2Fcomments&post=184648"}],"version-history":[{"count":0,"href":"https:\/\/analyse.optim.biz\/index.php?rest_route=\/wp\/v2\/posts\/184648\/revisions"}],"wp:featuredmedia":[{"embeddable":true,"href":"https:\/\/analyse.optim.biz\/index.php?rest_route=\/wp\/v2\/media\/184649"}],"wp:attachment":[{"href":"https:\/\/analyse.optim.biz\/index.php?rest_route=%2Fwp%2Fv2%2Fmedia&parent=184648"}],"wp:term":[{"taxonomy":"category","embeddable":true,"href":"https:\/\/analyse.optim.biz\/index.php?rest_route=%2Fwp%2Fv2%2Fcategories&post=184648"},{"taxonomy":"post_tag","embeddable":true,"href":"https:\/\/analyse.optim.biz\/index.php?rest_route=%2Fwp%2Fv2%2Ftags&post=184648"}],"curies":[{"name":"wp","href":"https:\/\/api.w.org\/{rel}","templated":true}]}}