{"id":184645,"date":"2015-03-20T12:15:12","date_gmt":"2015-03-20T09:15:12","guid":{"rendered":"https:\/\/analyse.optim.biz\/?p=184645"},"modified":"2015-03-20T12:15:12","modified_gmt":"2015-03-20T09:15:12","slug":"petre-roman-ameninta-camera-deputatilor","status":"publish","type":"post","link":"https:\/\/analyse.optim.biz\/?p=184645","title":{"rendered":"Petre Roman amenin\u0163\u0103 Camera Deputa\u0163ilor"},"content":{"rendered":"<div class=\"entry data-app-meta data-app-meta-article\" data-embed-base-url-canonical=\"https:\/\/www.digi24.ro\/embed\/stiri\/actualitate\/politica\/petre-roman-ameninta-camera-deputatilor-373004\">\n<p data-index=\"1\">\u00a0<img decoding=\"async\" src=\"https:\/\/analyse.optim.biz\/wp-content\/uploads\/2024\/09\/agfzad01zdmyzdm0ztaxzmzmotcxotg4nmy0zthlzdvjmdfioq-thumb_.jpg\" data-skip-htmlfix=\"1\" title=\"agfzad01zdmyzdm0ztaxzmzmotcxotg4nmy0zthlzdvjmdfioq-thumb_\"><\/p>\n<p data-index=\"2\">Secretarul Camerei Marcel Ciolacu a f\u0103cut aceste preciz\u0103ri dup\u0103 \u015fedin\u0163a de vineri a conducerii Camerei.<\/p>\n<p data-index=\"3\">&#8220;Am primit de la domnul <a href=\"https:\/\/www.digi24.ro\/Stiri\/Digi24\/Actualitate\/Justitie\/Deputatii+contesta+in+instanta+sanctiunea+primita+de+la+ANI+pent\" target=\"_blank\" data-skip-linkfix=\"1\" rel=\"noopener\"><strong>Petre Roman<\/strong><\/a> o pl\u00e2ngere prealabil\u0103 \u00een care ne \u00een\u015ftiin\u0163eaz\u0103 c\u0103, \u00een cazul \u00een care procesul d\u00e2nsului va fi repus pe rol, va da \u00een judecat\u0103 Camera Deputa\u0163ilor cu privire la vacantarea postului de deputat. Am trimis-o c\u0103tre informare Comisiei Juridice&#8221;, a spus Ciolacu, citat de Mediafax.<\/p>\n<p data-index=\"4\"><a href=\"https:\/\/www.digi24.ro\/Stiri\/Digi24\/Actualitate\/Justitie\/Petre+Roman+si-a+pierdut+mandatul+de+deputat+Plenul+Camerei+a+lu\" target=\"_blank\" data-skip-linkfix=\"1\" rel=\"noopener\"><strong>Petre Roman \u015fi-a pierdut mandatul de deputat<\/strong><\/a><\/p>\n<p data-index=\"5\">Petre Roman solicit\u0103 revocarea actelor juridice prin care Camera a luat act de \u00eencetarea mandatului s\u0103u \u015fi a hot\u0103r\u00e2rii privind vacantarea locului s\u0103u de deputat.<\/p>\n<p data-index=\"6\">&#8220;\u00cen temeiul art.7 din legea 554 din 2004, formulez prezenta pl\u00e2ngere prealabil\u0103 \u00eempotriva actului juridic prin care Camera a luat act, \u00een \u015fedin\u0163a de plen din 9 februarie 2015, de \u00eencetarea mandatului de deputat al domnului Petre Roman \u015fi \u00eempotriva Hot\u0103r\u00e2rii Camerei Deputa\u0163ilor nr. 7 din 2015 privind vacantarea unui loc de deputat, publicat\u0103 \u00een Monitorul Oficial al Rom\u00e2niei nr. 104 din 10 februarie 2015, \u00een care v\u0103 solicit revocarea actelor sus men\u0163ionate ca fiind nelegale&#8221;, se arat\u0103 \u00een pl\u00e2ngerea prealabil\u0103.<\/p>\n<p data-index=\"7\">\u00cen pl\u00e2ngere se arat\u0103 c\u0103 raportul de evaluare al ANI nu a r\u0103mas definitiv prin necontestare, fiind contestat \u00een termenul legal, iar Camera Deputa\u0163ilor nu avea cum s\u0103 constate starea de incompatibilitate p\u00e2n\u0103 c\u00e2nd instan\u0163ele judec\u0103tore\u015fti nu se pronun\u0163\u0103 asupra legalit\u0103\u0163ii \u015fi temeiniciei raportului ANI.<\/p>\n<p data-index=\"8\">&#8220;\u00cen concluzie, at\u00e2t constatarea incompatibilit\u0103\u0163ii, c\u00e2t \u015fi vacantarea locului de deputat de\u0163inut de subsemnatul sunt nelegale, motiv pentru care solicit revocarea hot\u0103r\u00e2rii Camerei Deputa\u0163ilor privind vacantarea unui loc de deputat, publicat\u0103 \u00een Monitorul Oficial. V\u0103 solicit respectuos un r\u0103spuns la prezenta pl\u00e2ngere \u00een termenul legal de 30 de zile de la primirea acesteia&#8221;, se mai men\u0163ioneaz\u0103 \u00een pl\u00e2ngerea lui Petre Roman.<\/p>\n<\/div>\n<p> Source URL: https:\/\/www.digi24.ro\/stiri\/actualitate\/politica\/petre-roman-ameninta-camera-deputatilor-373004<\/p>\n","protected":false},"excerpt":{"rendered":"<p>\u00a0 Secretarul Camerei Marcel Ciolacu a f\u0103cut aceste preciz\u0103ri dup\u0103 \u015fedin\u0163a de vineri a conducerii Camerei. &#8220;Am primit de la domnul Petre Roman o pl\u00e2ngere prealabil\u0103 \u00een care ne \u00een\u015ftiin\u0163eaz\u0103 c\u0103, \u00een cazul \u00een care procesul d\u00e2nsului va fi repus pe rol, va da \u00een judecat\u0103 Camera Deputa\u0163ilor cu privire la vacantarea postului de deputat. [&hellip;]<\/p>\n","protected":false},"author":1,"featured_media":184646,"comment_status":"open","ping_status":"","sticky":false,"template":"","format":"standard","meta":{"footnotes":""},"categories":[2],"tags":[11],"class_list":["post-184645","post","type-post","status-publish","format-standard","has-post-thumbnail","hentry","category-politics","tag-digi24"],"_links":{"self":[{"href":"https:\/\/analyse.optim.biz\/index.php?rest_route=\/wp\/v2\/posts\/184645","targetHints":{"allow":["GET"]}}],"collection":[{"href":"https:\/\/analyse.optim.biz\/index.php?rest_route=\/wp\/v2\/posts"}],"about":[{"href":"https:\/\/analyse.optim.biz\/index.php?rest_route=\/wp\/v2\/types\/post"}],"author":[{"embeddable":true,"href":"https:\/\/analyse.optim.biz\/index.php?rest_route=\/wp\/v2\/users\/1"}],"replies":[{"embeddable":true,"href":"https:\/\/analyse.optim.biz\/index.php?rest_route=%2Fwp%2Fv2%2Fcomments&post=184645"}],"version-history":[{"count":0,"href":"https:\/\/analyse.optim.biz\/index.php?rest_route=\/wp\/v2\/posts\/184645\/revisions"}],"wp:featuredmedia":[{"embeddable":true,"href":"https:\/\/analyse.optim.biz\/index.php?rest_route=\/wp\/v2\/media\/184646"}],"wp:attachment":[{"href":"https:\/\/analyse.optim.biz\/index.php?rest_route=%2Fwp%2Fv2%2Fmedia&parent=184645"}],"wp:term":[{"taxonomy":"category","embeddable":true,"href":"https:\/\/analyse.optim.biz\/index.php?rest_route=%2Fwp%2Fv2%2Fcategories&post=184645"},{"taxonomy":"post_tag","embeddable":true,"href":"https:\/\/analyse.optim.biz\/index.php?rest_route=%2Fwp%2Fv2%2Ftags&post=184645"}],"curies":[{"name":"wp","href":"https:\/\/api.w.org\/{rel}","templated":true}]}}