{"id":184642,"date":"2015-03-20T15:10:12","date_gmt":"2015-03-20T12:10:12","guid":{"rendered":"https:\/\/analyse.optim.biz\/?p=184642"},"modified":"2015-03-20T15:10:12","modified_gmt":"2015-03-20T12:10:12","slug":"predoiu-ponta-tot-rateaza-decolarea-si-ne-propune-sa-sarim-de-pe-guvern-cu-codul-fiscal-in-brate","status":"publish","type":"post","link":"https:\/\/analyse.optim.biz\/?p=184642","title":{"rendered":"Predoiu: Ponta tot rateaz\u0103 decolarea \u0219i ne propune s\u0103 s\u0103rim de pe guvern cu Codul Fiscal \u00een bra\u0163e"},"content":{"rendered":"<div class=\"entry data-app-meta data-app-meta-article\" data-embed-base-url-canonical=\"https:\/\/www.digi24.ro\/embed\/stiri\/actualitate\/politica\/predoiu-ponta-tot-rateaza-decolarea-si-ne-propune-sa-sarim-de-pe-guvern-cu-codul-fiscal-in-brate-373124\">\n<p data-index=\"1\"><img decoding=\"async\" src=\"https:\/\/analyse.optim.biz\/wp-content\/uploads\/2024\/09\/mtmxmwu0zwexngvjnji3zwfjn2vkymqzotlm-thumb_.jpg\" data-skip-htmlfix=\"1\" title=\"mtmxmwu0zwexngvjnji3zwfjn2vkymqzotlm-thumb_\"><\/p>\n<p data-index=\"2\">\u201e<span>Dup\u0103 trei ani de conducere a guvernului, domnul Ponta ne anun\u0163\u0103 c\u0103 &#8220;<\/span><span><strong>suntem un avion care nu decoleaz\u0103<\/strong><\/span><span>&#8220;. Firesc, un avion nu decoleaz\u0103 f\u0103r\u0103 pilot. Pentru c\u0103, vreme de trei ani, domnul Ponta tot rateaz\u0103 decolarea, ne propune s\u0103 s\u0103rim cu d\u00e2nsul de pe Palatul Victoria cu Cod Fiscal-minune \u00een bra\u0163e\u201d, a spus Predoiu, pentru Mediafax.<\/span><\/p>\n<p data-index=\"3\">Predoiu a sus\u0163inut c\u0103 \u00een domeniul Finan\u0163elor nu exist\u0103 <span>\u201e<\/span>minuni<span>\u201d<\/span> \u015fi c\u0103 <span>\u201e<strong>p<\/strong><\/span><strong>roiectul fiscal Ponta-V\u00e2lcov nu este avion, ci doar nu artificiu care se va stinge cur\u00e2nd, atunci c\u00e2nd calculele adev\u0103rate vor ie\u015fi la <\/strong><span><strong>iveal\u0103<\/strong><\/span><span>\u201d.<\/span><\/p>\n<p data-index=\"4\">\u201eProiectul fiscal Ponta-V\u00e2lcov nu poate \u0163ine loc de disciplin\u0103 bugetar\u0103, modernizarea administra\u0163iei publice, schimbarea mentalit\u0103\u0163ii ANAF, de ghi\u015feul unic pentru plata taxelor, reducerea evaziunii fiscale, \u00eembun\u0103t\u0103\u0163irea colect\u0103rii \u015fi reforma companiilor de stat. Aceste m\u0103suri de bun\u0103 guvernare ar face avionul s\u0103 decoleze, dar este nevoie de alt <span>echipaj\u201d,<\/span> a mai declarat Predoiu, care este \u015fi premier al guvernului alternativ al PNL.<\/p>\n<p data-index=\"5\">Proiectul Codului Fiscal va fi rediscutat \u00een Guvern luni, urm\u00e2nd s\u0103 fie aprobat miercuri, \u00eempreun\u0103 cu cel al Codului de Procedur\u0103 Fiscal\u0103, \u015fi transmis Parlamentului, s\u0103pt\u0103m\u00e2na viitoare, spre dezbatere.<\/p>\n<\/div>\n<p> Source URL: https:\/\/www.digi24.ro\/stiri\/actualitate\/politica\/predoiu-ponta-tot-rateaza-decolarea-si-ne-propune-sa-sarim-de-pe-guvern-cu-codul-fiscal-in-brate-373124<\/p>\n","protected":false},"excerpt":{"rendered":"<p>\u201eDup\u0103 trei ani de conducere a guvernului, domnul Ponta ne anun\u0163\u0103 c\u0103 &#8220;suntem un avion care nu decoleaz\u0103&#8220;. Firesc, un avion nu decoleaz\u0103 f\u0103r\u0103 pilot. Pentru c\u0103, vreme de trei ani, domnul Ponta tot rateaz\u0103 decolarea, ne propune s\u0103 s\u0103rim cu d\u00e2nsul de pe Palatul Victoria cu Cod Fiscal-minune \u00een bra\u0163e\u201d, a spus Predoiu, pentru [&hellip;]<\/p>\n","protected":false},"author":1,"featured_media":184643,"comment_status":"open","ping_status":"","sticky":false,"template":"","format":"standard","meta":{"footnotes":""},"categories":[2],"tags":[11],"class_list":["post-184642","post","type-post","status-publish","format-standard","has-post-thumbnail","hentry","category-politics","tag-digi24"],"_links":{"self":[{"href":"https:\/\/analyse.optim.biz\/index.php?rest_route=\/wp\/v2\/posts\/184642","targetHints":{"allow":["GET"]}}],"collection":[{"href":"https:\/\/analyse.optim.biz\/index.php?rest_route=\/wp\/v2\/posts"}],"about":[{"href":"https:\/\/analyse.optim.biz\/index.php?rest_route=\/wp\/v2\/types\/post"}],"author":[{"embeddable":true,"href":"https:\/\/analyse.optim.biz\/index.php?rest_route=\/wp\/v2\/users\/1"}],"replies":[{"embeddable":true,"href":"https:\/\/analyse.optim.biz\/index.php?rest_route=%2Fwp%2Fv2%2Fcomments&post=184642"}],"version-history":[{"count":0,"href":"https:\/\/analyse.optim.biz\/index.php?rest_route=\/wp\/v2\/posts\/184642\/revisions"}],"wp:featuredmedia":[{"embeddable":true,"href":"https:\/\/analyse.optim.biz\/index.php?rest_route=\/wp\/v2\/media\/184643"}],"wp:attachment":[{"href":"https:\/\/analyse.optim.biz\/index.php?rest_route=%2Fwp%2Fv2%2Fmedia&parent=184642"}],"wp:term":[{"taxonomy":"category","embeddable":true,"href":"https:\/\/analyse.optim.biz\/index.php?rest_route=%2Fwp%2Fv2%2Fcategories&post=184642"},{"taxonomy":"post_tag","embeddable":true,"href":"https:\/\/analyse.optim.biz\/index.php?rest_route=%2Fwp%2Fv2%2Ftags&post=184642"}],"curies":[{"name":"wp","href":"https:\/\/api.w.org\/{rel}","templated":true}]}}