{"id":1846410,"date":"2026-03-25T16:06:36","date_gmt":"2026-03-25T13:06:36","guid":{"rendered":"https:\/\/analyse.optim.biz\/?p=1846410"},"modified":"2026-03-25T16:06:36","modified_gmt":"2026-03-25T13:06:36","slug":"deputatul-neagu-a-participat-azi-la-o-informala-cu-bpj-al-pnl-ce-a-fost-a-esuat-la-prima-incercare-saptamana-viitoare-s-ar-limpezi-lucrurile","status":"publish","type":"post","link":"https:\/\/analyse.optim.biz\/?p=1846410","title":{"rendered":"Deputatul Neagu a \u201cparticipat azi la o informal\u0103\u201d cu BPJ al PNL! Ce a fost, a e\u0219uat la prima \u00eencercare! S\u0103pt\u0103m\u00e2na viitoare s-ar limpezi lucrurile"},"content":{"rendered":"<p>[analyse_image type=&#8221;featured&#8221; src=&#8221;https:\/\/sansanews.ro\/wp-content\/uploads\/2026\/03\/Neagu-vizita-la-PNL-.pnghttps:\/\/sansanews.ro\/wp-content\/uploads\/2026\/03\/Neagu-vizita-la-PNL-.png&#8221;]<\/p>\n<div class=\"entry-content herald-entry-content\">\n<p>O mi\u0219care a fostului pre\u0219edinte al Consiliului Jude\u021bean Buz\u0103u, Petre Emanoil Neagu, actualmente deputat PSD, a luat prin surprindere scena politic\u0103 local\u0103. Ast\u0103zi, \u00een jurul pr\u00e2nzului, Neagu a mers la sediul PNL din Ion B\u0103ie\u0219u unde liberalii, \u00een prezen\u021ba pre\u0219edintelui Adrian Mocanu \u0219i a vicepre\u0219edintelui regional Alexandru Popa, aveau o \u0219edin\u021b\u0103 de Birou Permanent Jude\u021bean. Deputatul PSD a fost \u00eenso\u021bit, la sediul liberalilor, de fostul subprefect Gabriel Ilie. Interesant este c\u0103, \u00een spatele u\u0219ilor sediului PNL Buz\u0103u, Neagu nu a putut s\u0103 spun\u0103 prea clar care este obiectivul s\u0103u \u0219i ce pozi\u021bie vizeaz\u0103 dac\u0103 va trece la liberali. Scenariul, potrivit unor surse politice, ar fi fost ca Petre Emanoil Neagu s\u0103 treac\u0103 la PNL \u0219i s\u0103 ocupe func\u021bia de pre\u0219edinte, o mi\u0219care care ar fi fost agreat\u0103 \u0219i la nivel central, \u0219tiut fiind c\u0103 deputatul Mocanu a c\u0103zut \u00een dizgra\u021bia actualei conduceri liberale, dup\u0103 rezultatele de la alegerile anticipate pentru pre\u0219edin\u021bia CJ Buz\u0103u, \u00een decembrie. Pe de alt\u0103 parte, planul era convenabil \u0219i pentru actualul lider, deputatul Adrian Mocanu, \u00een perspectiva unei \u00een\u021belegeri de a candida pentru un nou mandat de parlamentar, \u00een timp ce Neagu, peste patru ani, s\u0103 candideze la Consiliu. Ceva pare s\u0103 nu fi func\u021bionat, totu\u0219i, \u00een scenariul stabilit pentru c\u0103 deputatul PSD a ajuns la liberali la mai bine de o or\u0103 dup\u0103 \u00eenceperea \u0219edin\u021bei. Apoi, nici Neagu \u0219i nici Mocanu nu au putut avansa, \u00een fa\u021ba liberalilor, o informa\u021bie exact\u0103 cu privire la pozi\u021bia lui Neagu \u00een PNL Buz\u0103u. Singurul anun\u021b a fost acela c\u0103, s\u0103pt\u0103m\u00e2na viitoare, \u00eentr-o conferin\u021b\u0103 de pres\u0103, lucrurile \u00a0vor fi clarificate. <\/p>\n<p>Pe de alt\u0103 parte, actualul deputat PSD nu \u0219i-a \u00eenaintat demisia din partidul care l-a trimis \u00een Parlament. Contactat de \u0218ansaNews, deputatul social-democrat a negat plecarea din PSD:<\/p>\n<blockquote class=\"wp-block-quote\">\n<p> \u201dA fost o \u00eent\u00e2lnire informal\u0103. Nu am trecut la PNL!\u201d a spus Petre Emanoil Neagu.<\/p>\n<\/blockquote>\n<figure class=\"wp-block-audio\"><figcaption>Petre Emanoil Neagu<\/figcaption><\/figure>\n<div class=\"meta-tags\"><span>Etichete<\/span><a href=\"https:\/\/sansanews.ro\/tag\/adrian-mocanu\/\" rel=\"tag\">adrian mocanu<\/a><a href=\"https:\/\/sansanews.ro\/tag\/petre-emanoil-neagu\/\" rel=\"tag\">petre emanoil neagu<\/a><a href=\"https:\/\/sansanews.ro\/tag\/vizita-la-pnl\/\" rel=\"tag\">vizit\u0103 la PNL<\/a><\/div>\n<div class=\"herald-share-content\">\n<div class=\"meks_ess rectangle no-labels outline\"><a class=\"meks_ess-item socicon-facebook\" data-url=\"http:\/\/www.facebook.com\/sharer\/sharer.php?u=https%3A%2F%2Fsansanews.ro%2Fdeputatul-neagu-a-participat-azi-la-o-informala-cu-bpj-al-pnl-ce-a-fost-a-esuat-la-prima-incercare-saptamana-viitoare-s-ar-limpezi-lucrurile%2F&amp;t=Deputatul%20Neagu%20a%20%E2%80%9Cparticipat%20azi%20la%20o%20informal%C4%83%E2%80%9D%20cu%20BPJ%20al%20PNL%21%20Ce%20a%20fost%2C%20a%20e%C8%99uat%20la%20prima%20%C3%AEncercare%21%20S%C4%83pt%C4%83m%C3%A2na%20viitoare%20s-ar%20limpezi%20lucrurile\"><span>Facebook<\/span><\/a><a href=\"https:\/\/api.whatsapp.com\/send?text=Deputatul%20Neagu%20a%20%E2%80%9Cparticipat%20azi%20la%20o%20informal%C4%83%E2%80%9D%20cu%20BPJ%20al%20PNL%21%20Ce%20a%20fost%2C%20a%20e%C8%99uat%20la%20prima%20%C3%AEncercare%21%20S%C4%83pt%C4%83m%C3%A2na%20viitoare%20s-ar%20limpezi%20lucrurile%20https%3A%2F%2Fsansanews.ro%2Fdeputatul-neagu-a-participat-azi-la-o-informala-cu-bpj-al-pnl-ce-a-fost-a-esuat-la-prima-incercare-saptamana-viitoare-s-ar-limpezi-lucrurile%2F\" class=\"meks_ess-item socicon-whatsapp prevent-share-popup\"><span>WhatsApp<\/span><\/a><a class=\"meks_ess-item socicon-twitter\" data-url=\"http:\/\/twitter.com\/intent\/tweet?url=https%3A%2F%2Fsansanews.ro%2Fdeputatul-neagu-a-participat-azi-la-o-informala-cu-bpj-al-pnl-ce-a-fost-a-esuat-la-prima-incercare-saptamana-viitoare-s-ar-limpezi-lucrurile%2F&amp;text=Deputatul%20Neagu%20a%20%E2%80%9Cparticipat%20azi%20la%20o%20informal%C4%83%E2%80%9D%20cu%20BPJ%20al%20PNL%21%20Ce%20a%20fost%2C%20a%20e%C8%99uat%20la%20prima%20%C3%AEncercare%21%20S%C4%83pt%C4%83m%C3%A2na%20viitoare%20s-ar%20limpezi%20lucrurile\"><span>Twitter<\/span><\/a><a class=\"meks_ess-item socicon-pinterest\" data-url=\"http:\/\/pinterest.com\/pin\/create\/button\/?url=https%3A%2F%2Fsansanews.ro%2Fdeputatul-neagu-a-participat-azi-la-o-informala-cu-bpj-al-pnl-ce-a-fost-a-esuat-la-prima-incercare-saptamana-viitoare-s-ar-limpezi-lucrurile%2F&amp;media=https%3A%2F%2Fsansanews.ro%2Fwp-content%2Fuploads%2F2026%2F03%2FNeagu-vizita-la-PNL-.png&amp;description=Deputatul%20Neagu%20a%20%E2%80%9Cparticipat%20azi%20la%20o%20informal%C4%83%E2%80%9D%20cu%20BPJ%20al%20PNL%21%20Ce%20a%20fost%2C%20a%20e%C8%99uat%20la%20prima%20%C3%AEncercare%21%20S%C4%83pt%C4%83m%C3%A2na%20viitoare%20s-ar%20limpezi%20lucrurile\"><span>Pinterest<\/span><\/a><\/div>\n<\/div>\n<\/div>\n<div class=\"entry-content herald-entry-content\">\n<p>O mi\u0219care a fostului pre\u0219edinte al Consiliului Jude\u021bean Buz\u0103u, Petre Emanoil Neagu, actualmente deputat PSD, a luat prin surprindere scena politic\u0103 local\u0103. Ast\u0103zi, \u00een jurul pr\u00e2nzului, Neagu a mers la sediul PNL din Ion B\u0103ie\u0219u unde liberalii, \u00een prezen\u021ba pre\u0219edintelui Adrian Mocanu \u0219i a vicepre\u0219edintelui regional Alexandru Popa, aveau o \u0219edin\u021b\u0103 de Birou Permanent Jude\u021bean. Deputatul PSD a fost \u00eenso\u021bit, la sediul liberalilor, de fostul subprefect Gabriel Ilie. Interesant este c\u0103, \u00een spatele u\u0219ilor sediului PNL Buz\u0103u, Neagu nu a putut s\u0103 spun\u0103 prea clar care este obiectivul s\u0103u \u0219i ce pozi\u021bie vizeaz\u0103 dac\u0103 va trece la liberali. Scenariul, potrivit unor surse politice, ar fi fost ca Petre Emanoil Neagu s\u0103 treac\u0103 la PNL \u0219i s\u0103 ocupe func\u021bia de pre\u0219edinte, o mi\u0219care care ar fi fost agreat\u0103 \u0219i la nivel central, \u0219tiut fiind c\u0103 deputatul Mocanu a c\u0103zut \u00een dizgra\u021bia actualei conduceri liberale, dup\u0103 rezultatele de la alegerile anticipate pentru pre\u0219edin\u021bia CJ Buz\u0103u, \u00een decembrie. Pe de alt\u0103 parte, planul era convenabil \u0219i pentru actualul lider, deputatul Adrian Mocanu, \u00een perspectiva unei \u00een\u021belegeri de a candida pentru un nou mandat de parlamentar, \u00een timp ce Neagu, peste patru ani, s\u0103 candideze la Consiliu. Ceva pare s\u0103 nu fi func\u021bionat, totu\u0219i, \u00een scenariul stabilit pentru c\u0103 deputatul PSD a ajuns la liberali la mai bine de o or\u0103 dup\u0103 \u00eenceperea \u0219edin\u021bei. Apoi, nici Neagu \u0219i nici Mocanu nu au putut avansa, \u00een fa\u021ba liberalilor, o informa\u021bie exact\u0103 cu privire la pozi\u021bia lui Neagu \u00een PNL Buz\u0103u. Singurul anun\u021b a fost acela c\u0103, s\u0103pt\u0103m\u00e2na viitoare, \u00eentr-o conferin\u021b\u0103 de pres\u0103, lucrurile \u00a0vor fi clarificate. <\/p>\n<p>Pe de alt\u0103 parte, actualul deputat PSD nu \u0219i-a \u00eenaintat demisia din partidul care l-a trimis \u00een Parlament. Contactat de \u0218ansaNews, deputatul social-democrat a negat plecarea din PSD:<\/p>\n<blockquote class=\"wp-block-quote\">\n<p> \u201dA fost o \u00eent\u00e2lnire informal\u0103. Nu am trecut la PNL!\u201d a spus Petre Emanoil Neagu.<\/p>\n<\/blockquote>\n<figure class=\"wp-block-audio\"><figcaption>Petre Emanoil Neagu<\/figcaption><\/figure>\n<div class=\"meta-tags\"><span>Etichete<\/span><a href=\"https:\/\/sansanews.ro\/tag\/adrian-mocanu\/\" rel=\"tag\">adrian mocanu<\/a><a href=\"https:\/\/sansanews.ro\/tag\/petre-emanoil-neagu\/\" rel=\"tag\">petre emanoil neagu<\/a><a href=\"https:\/\/sansanews.ro\/tag\/vizita-la-pnl\/\" rel=\"tag\">vizit\u0103 la PNL<\/a><\/div>\n<div class=\"herald-share-content\">\n<div class=\"meks_ess rectangle no-labels outline\"><a class=\"meks_ess-item socicon-facebook\" data-url=\"http:\/\/www.facebook.com\/sharer\/sharer.php?u=https%3A%2F%2Fsansanews.ro%2Fdeputatul-neagu-a-participat-azi-la-o-informala-cu-bpj-al-pnl-ce-a-fost-a-esuat-la-prima-incercare-saptamana-viitoare-s-ar-limpezi-lucrurile%2F&amp;t=Deputatul%20Neagu%20a%20%E2%80%9Cparticipat%20azi%20la%20o%20informal%C4%83%E2%80%9D%20cu%20BPJ%20al%20PNL%21%20Ce%20a%20fost%2C%20a%20e%C8%99uat%20la%20prima%20%C3%AEncercare%21%20S%C4%83pt%C4%83m%C3%A2na%20viitoare%20s-ar%20limpezi%20lucrurile\"><span>Facebook<\/span><\/a><a href=\"https:\/\/api.whatsapp.com\/send?text=Deputatul%20Neagu%20a%20%E2%80%9Cparticipat%20azi%20la%20o%20informal%C4%83%E2%80%9D%20cu%20BPJ%20al%20PNL%21%20Ce%20a%20fost%2C%20a%20e%C8%99uat%20la%20prima%20%C3%AEncercare%21%20S%C4%83pt%C4%83m%C3%A2na%20viitoare%20s-ar%20limpezi%20lucrurile%20https%3A%2F%2Fsansanews.ro%2Fdeputatul-neagu-a-participat-azi-la-o-informala-cu-bpj-al-pnl-ce-a-fost-a-esuat-la-prima-incercare-saptamana-viitoare-s-ar-limpezi-lucrurile%2F\" class=\"meks_ess-item socicon-whatsapp prevent-share-popup\"><span>WhatsApp<\/span><\/a><a class=\"meks_ess-item socicon-twitter\" data-url=\"http:\/\/twitter.com\/intent\/tweet?url=https%3A%2F%2Fsansanews.ro%2Fdeputatul-neagu-a-participat-azi-la-o-informala-cu-bpj-al-pnl-ce-a-fost-a-esuat-la-prima-incercare-saptamana-viitoare-s-ar-limpezi-lucrurile%2F&amp;text=Deputatul%20Neagu%20a%20%E2%80%9Cparticipat%20azi%20la%20o%20informal%C4%83%E2%80%9D%20cu%20BPJ%20al%20PNL%21%20Ce%20a%20fost%2C%20a%20e%C8%99uat%20la%20prima%20%C3%AEncercare%21%20S%C4%83pt%C4%83m%C3%A2na%20viitoare%20s-ar%20limpezi%20lucrurile\"><span>Twitter<\/span><\/a><a class=\"meks_ess-item socicon-pinterest\" data-url=\"http:\/\/pinterest.com\/pin\/create\/button\/?url=https%3A%2F%2Fsansanews.ro%2Fdeputatul-neagu-a-participat-azi-la-o-informala-cu-bpj-al-pnl-ce-a-fost-a-esuat-la-prima-incercare-saptamana-viitoare-s-ar-limpezi-lucrurile%2F&amp;media=https%3A%2F%2Fsansanews.ro%2Fwp-content%2Fuploads%2F2026%2F03%2FNeagu-vizita-la-PNL-.png&amp;description=Deputatul%20Neagu%20a%20%E2%80%9Cparticipat%20azi%20la%20o%20informal%C4%83%E2%80%9D%20cu%20BPJ%20al%20PNL%21%20Ce%20a%20fost%2C%20a%20e%C8%99uat%20la%20prima%20%C3%AEncercare%21%20S%C4%83pt%C4%83m%C3%A2na%20viitoare%20s-ar%20limpezi%20lucrurile\"><span>Pinterest<\/span><\/a><\/div>\n<\/div>\n<\/div>\n<p>[analyse_source url=&#8221;https:\/\/sansanews.ro\/deputatul-neagu-a-participat-azi-la-o-informala-cu-bpj-al-pnl-ce-a-fost-a-esuat-la-prima-incercare-saptamana-viitoare-s-ar-limpezi-lucrurile\/&#8221;]<\/p>\n","protected":false},"excerpt":{"rendered":"<p>[analyse_image type=&#8221;featured&#8221; src=&#8221;https:\/\/sansanews.ro\/wp-content\/uploads\/2026\/03\/Neagu-vizita-la-PNL-.pnghttps:\/\/sansanews.ro\/wp-content\/uploads\/2026\/03\/Neagu-vizita-la-PNL-.png&#8221;] O mi\u0219care a fostului pre\u0219edinte al Consiliului Jude\u021bean Buz\u0103u, Petre Emanoil Neagu, actualmente deputat PSD, a luat prin surprindere scena politic\u0103 local\u0103. Ast\u0103zi, \u00een jurul pr\u00e2nzului, Neagu a mers la sediul PNL din Ion B\u0103ie\u0219u unde liberalii, \u00een prezen\u021ba pre\u0219edintelui Adrian Mocanu \u0219i a vicepre\u0219edintelui regional Alexandru Popa, aveau o \u0219edin\u021b\u0103 de [&hellip;]<\/p>\n","protected":false},"author":1,"featured_media":0,"comment_status":"open","ping_status":"","sticky":false,"template":"","format":"standard","meta":{"footnotes":""},"categories":[2],"tags":[226,51],"class_list":["post-1846410","post","type-post","status-publish","format-standard","hentry","category-politics","tag-crawlmanager","tag-sansanews-ro"],"_links":{"self":[{"href":"https:\/\/analyse.optim.biz\/index.php?rest_route=\/wp\/v2\/posts\/1846410","targetHints":{"allow":["GET"]}}],"collection":[{"href":"https:\/\/analyse.optim.biz\/index.php?rest_route=\/wp\/v2\/posts"}],"about":[{"href":"https:\/\/analyse.optim.biz\/index.php?rest_route=\/wp\/v2\/types\/post"}],"author":[{"embeddable":true,"href":"https:\/\/analyse.optim.biz\/index.php?rest_route=\/wp\/v2\/users\/1"}],"replies":[{"embeddable":true,"href":"https:\/\/analyse.optim.biz\/index.php?rest_route=%2Fwp%2Fv2%2Fcomments&post=1846410"}],"version-history":[{"count":0,"href":"https:\/\/analyse.optim.biz\/index.php?rest_route=\/wp\/v2\/posts\/1846410\/revisions"}],"wp:attachment":[{"href":"https:\/\/analyse.optim.biz\/index.php?rest_route=%2Fwp%2Fv2%2Fmedia&parent=1846410"}],"wp:term":[{"taxonomy":"category","embeddable":true,"href":"https:\/\/analyse.optim.biz\/index.php?rest_route=%2Fwp%2Fv2%2Fcategories&post=1846410"},{"taxonomy":"post_tag","embeddable":true,"href":"https:\/\/analyse.optim.biz\/index.php?rest_route=%2Fwp%2Fv2%2Ftags&post=1846410"}],"curies":[{"name":"wp","href":"https:\/\/api.w.org\/{rel}","templated":true}]}}