{"id":1846288,"date":"2026-03-25T17:18:56","date_gmt":"2026-03-25T14:18:56","guid":{"rendered":"https:\/\/analyse.optim.biz\/?p=1846288"},"modified":"2026-03-25T17:18:56","modified_gmt":"2026-03-25T14:18:56","slug":"informare-anm-vremea-se-schimba-in-judetul-buzau","status":"publish","type":"post","link":"https:\/\/analyse.optim.biz\/?p=1846288","title":{"rendered":"Informare ANM: Vremea se schimb\u0103 \u00een jude\u021bul Buz\u0103u"},"content":{"rendered":"<p>[analyse_image type=&#8221;featured&#8221; src=&#8221;https:\/\/www.buzau.net\/stiri-din-buzau\/wp-content\/uploads\/2025\/04\/furtuna-vremea-meteo-nori.jpg&#8221;]<\/p>\n<div id=\"mvp-content-main\" class=\"left relative\">\n<p>Administra\u021bia Na\u021bional\u0103 de Meteorologie a emis o informare meteo valabil\u0103 \u0219i pentru jude\u021bul Buz\u0103u, anun\u021b\u00e2nd o schimbare a vremii p\u00e2n\u0103 la sf\u00e2r\u0219itul s\u0103pt\u0103m\u00e2nii. Buzoienii trebuie s\u0103 se preg\u0103teasc\u0103 pentru intensific\u0103ri ale v\u00e2ntului \u0219i ploi moderate cantitativ, \u00een timp ce \u00een zona montan\u0103, la altitudini mari, vor reveni ninsorile.<\/p>\n<p>Fenomenele vor debuta treptat, v\u00e2ntul urm\u00e2nd s\u0103 se intensifice \u00een regiunea noastr\u0103 \u00een special \u00een noaptea de joi spre vineri. Pe parcursul zilelor de vineri \u0219i s\u00e2mb\u0103t\u0103, v\u00e2ntul va sufla cu putere \u00een cea mai mare parte a \u021b\u0103rii, inclusiv \u00een jude\u021bul Buz\u0103u, cu viteze ce vor atinge \u00een general 45-55 km\/h.<\/p>\n<p>\u00cen zona montan\u0103 a jude\u021bului Buz\u0103u, \u00een special la altitudini mari, rafalele de v\u00e2nt vor fi \u0219i mai puternice, put\u00e2nd dep\u0103\u0219i 70-80 km\/h. \u00cencep\u00e2nd de vineri, ploile se vor extinde dinspre sud-vest \u0219i vor cuprinde treptat \u00eentreg jude\u021bul. P\u00e2n\u0103 duminic\u0103, se vor acumula cantit\u0103\u021bi de ap\u0103 moderate, de 20-25 l\/mp, iar local, \u00een special \u00een zonele submontane, se pot dep\u0103\u0219i 35 l\/mp.<\/p>\n<p>Meteorologii anun\u021b\u0103 \u0219i revenirea ninsorilor, \u00eens\u0103 doar la munte, la altitudini de peste 1.700 de metri. Aici, precipita\u021biile vor fi sub form\u0103 de ninsoare \u0219i se va depune un strat nou de z\u0103pad\u0103, pe alocuri consistent. Informarea meteo este \u00een vigoare p\u00e2n\u0103 duminic\u0103.<\/p>\n<div class=\"heateor_sss_sharing_container heateor_sss_horizontal_sharing\" data-heateor-sss-href=\"https:\/\/www.buzau.net\/stiri-din-buzau\/informare-anm-vremea-se-schimba-in-judetul-buzau\/\">\n<div class=\"heateor_sss_sharing_title\">DISTRIBUIE ACEST ARTICOL<\/div>\n<\/div>\n<\/div>\n<p>[analyse_source url=&#8221;https:\/\/www.buzau.net\/stiri-din-buzau\/informare-anm-vremea-se-schimba-in-judetul-buzau\/&#8221;]<\/p>\n","protected":false},"excerpt":{"rendered":"<p>[analyse_image type=&#8221;featured&#8221; src=&#8221;https:\/\/www.buzau.net\/stiri-din-buzau\/wp-content\/uploads\/2025\/04\/furtuna-vremea-meteo-nori.jpg&#8221;] Administra\u021bia Na\u021bional\u0103 de Meteorologie a emis o informare meteo valabil\u0103 \u0219i pentru jude\u021bul Buz\u0103u, anun\u021b\u00e2nd o schimbare a vremii p\u00e2n\u0103 la sf\u00e2r\u0219itul s\u0103pt\u0103m\u00e2nii. Buzoienii trebuie s\u0103 se preg\u0103teasc\u0103 pentru intensific\u0103ri ale v\u00e2ntului \u0219i ploi moderate cantitativ, \u00een timp ce \u00een zona montan\u0103, la altitudini mari, vor reveni ninsorile. Fenomenele vor debuta treptat, [&hellip;]<\/p>\n","protected":false},"author":1,"featured_media":0,"comment_status":"open","ping_status":"","sticky":false,"template":"","format":"standard","meta":{"footnotes":""},"categories":[2],"tags":[113,226],"class_list":["post-1846288","post","type-post","status-publish","format-standard","hentry","category-politics","tag-buzau-net","tag-crawlmanager"],"_links":{"self":[{"href":"https:\/\/analyse.optim.biz\/index.php?rest_route=\/wp\/v2\/posts\/1846288","targetHints":{"allow":["GET"]}}],"collection":[{"href":"https:\/\/analyse.optim.biz\/index.php?rest_route=\/wp\/v2\/posts"}],"about":[{"href":"https:\/\/analyse.optim.biz\/index.php?rest_route=\/wp\/v2\/types\/post"}],"author":[{"embeddable":true,"href":"https:\/\/analyse.optim.biz\/index.php?rest_route=\/wp\/v2\/users\/1"}],"replies":[{"embeddable":true,"href":"https:\/\/analyse.optim.biz\/index.php?rest_route=%2Fwp%2Fv2%2Fcomments&post=1846288"}],"version-history":[{"count":0,"href":"https:\/\/analyse.optim.biz\/index.php?rest_route=\/wp\/v2\/posts\/1846288\/revisions"}],"wp:attachment":[{"href":"https:\/\/analyse.optim.biz\/index.php?rest_route=%2Fwp%2Fv2%2Fmedia&parent=1846288"}],"wp:term":[{"taxonomy":"category","embeddable":true,"href":"https:\/\/analyse.optim.biz\/index.php?rest_route=%2Fwp%2Fv2%2Fcategories&post=1846288"},{"taxonomy":"post_tag","embeddable":true,"href":"https:\/\/analyse.optim.biz\/index.php?rest_route=%2Fwp%2Fv2%2Ftags&post=1846288"}],"curies":[{"name":"wp","href":"https:\/\/api.w.org\/{rel}","templated":true}]}}