{"id":184620,"date":"2015-03-20T15:34:02","date_gmt":"2015-03-20T12:34:02","guid":{"rendered":"https:\/\/analyse.optim.biz\/?p=184620"},"modified":"2015-03-20T15:34:02","modified_gmt":"2015-03-20T12:34:02","slug":"social-democratii-speriati-de-interceptari","status":"publish","type":"post","link":"https:\/\/analyse.optim.biz\/?p=184620","title":{"rendered":"Social-democra\u021bii, speria\u021bi de intercept\u0103ri"},"content":{"rendered":"<div class=\"entry data-app-meta data-app-meta-article\" data-embed-base-url-canonical=\"https:\/\/www.digi24.ro\/embed\/stiri\/actualitate\/politica\/social-democratii-speriati-de-interceptari-373157\">\n<p data-index=\"1\">Orice tip de aparatur\u0103 cu care se pot face \u00eenregistr\u0103ri a ajuns s\u0103 \u00eei \u00eengrijoreze pe social-democra\u0163i.<\/p>\n<p data-index=\"2\">Victor Ponta, pre\u015fedintele PSD: <strong>M\u0103 g\u00e2ndeam c\u0103 m\u0103car acas\u0103 nu am camere de luat vederi. Cred eu, nu am o garan\u021bie, era o speran\u0163\u0103. La microfoane nu se pune problema c\u0103 nu vorbesc dec\u00e2t cu copilul \u0219i cu c\u00e2inele, s\u0103 nu crede\u0163i c\u0103 vorbesc cu altcineva. <\/strong><\/p>\n<p data-index=\"3\">Primarul municipiului Constan\u0163a a remarcat c\u0103 niciunul dintre colegii s\u0103i nu i-a telefonat s\u0103-l \u00eentrebe ce face, de\u015fi a trecut prin momente grele c\u00e2nd a fost re\u0163inut de DNA.<\/p>\n<p data-index=\"4\">Radu Maz\u0103re, primarul municipiului Constan\u0163a:<strong> Nu, nu m-a sunat nimeni de la Bucure\u0219ti. Oricum, v-am spus, e un partid el \u00eensu\u0219i \u0219i cu liderii lui complexa\u021bi \u0219i timora\u021bi.<\/strong><\/p>\n<p data-index=\"5\">Victor Ponta \u00eel comp\u0103time\u015fte pe Radu Maz\u0103re, dar \u00eei \u00een\u0163elege \u015fi pe colegii s\u0103i care evit\u0103 discu\u0163ii care ar putea fi interceptate.<\/p>\n<p data-index=\"6\">Victor Ponta, pre\u0219edintele PSD: <strong>\u00cemi pare r\u0103u de ce i se \u00eent\u00e2mpl\u0103 \u0219i are \u0219i el dreptate. <\/strong><\/p>\n<p data-index=\"7\">Reporter: Spunea c\u0103 nu \u00eel sun\u0103 nimeni de la Bucure\u015fti \u015fi ar fi un partid complexat<\/p>\n<p data-index=\"8\">Victor Ponta, pre\u0219edintele PSD:<strong>\u00a0Complexat nu e \u015fi \u00eemi pare r\u0103u. O s\u0103 \u00eel sun eu. Cine mai are curaj s\u0103 vorbesc\u0103 la telefoane \u00een ziua de azi!<\/strong><\/p>\n<p data-index=\"9\">Viorel Hrebenciuc, Marian Vanghelie \u015fi mai nou Darius V\u00e2lcov sunt trei dintre liderii PSD importan\u0163i ale c\u0103ror dosare penale sunt construite \u015fi pe intercept\u0103ri f\u0103cute de DNA. \u00a0<\/p>\n<\/div>\n<p> Source URL: https:\/\/www.digi24.ro\/stiri\/actualitate\/politica\/social-democratii-speriati-de-interceptari-373157<\/p>\n","protected":false},"excerpt":{"rendered":"<p>Orice tip de aparatur\u0103 cu care se pot face \u00eenregistr\u0103ri a ajuns s\u0103 \u00eei \u00eengrijoreze pe social-democra\u0163i. Victor Ponta, pre\u015fedintele PSD: M\u0103 g\u00e2ndeam c\u0103 m\u0103car acas\u0103 nu am camere de luat vederi. Cred eu, nu am o garan\u021bie, era o speran\u0163\u0103. La microfoane nu se pune problema c\u0103 nu vorbesc dec\u00e2t cu copilul \u0219i cu [&hellip;]<\/p>\n","protected":false},"author":1,"featured_media":184621,"comment_status":"open","ping_status":"","sticky":false,"template":"","format":"standard","meta":{"footnotes":""},"categories":[2],"tags":[11],"class_list":["post-184620","post","type-post","status-publish","format-standard","has-post-thumbnail","hentry","category-politics","tag-digi24"],"_links":{"self":[{"href":"https:\/\/analyse.optim.biz\/index.php?rest_route=\/wp\/v2\/posts\/184620","targetHints":{"allow":["GET"]}}],"collection":[{"href":"https:\/\/analyse.optim.biz\/index.php?rest_route=\/wp\/v2\/posts"}],"about":[{"href":"https:\/\/analyse.optim.biz\/index.php?rest_route=\/wp\/v2\/types\/post"}],"author":[{"embeddable":true,"href":"https:\/\/analyse.optim.biz\/index.php?rest_route=\/wp\/v2\/users\/1"}],"replies":[{"embeddable":true,"href":"https:\/\/analyse.optim.biz\/index.php?rest_route=%2Fwp%2Fv2%2Fcomments&post=184620"}],"version-history":[{"count":0,"href":"https:\/\/analyse.optim.biz\/index.php?rest_route=\/wp\/v2\/posts\/184620\/revisions"}],"wp:featuredmedia":[{"embeddable":true,"href":"https:\/\/analyse.optim.biz\/index.php?rest_route=\/wp\/v2\/media\/184621"}],"wp:attachment":[{"href":"https:\/\/analyse.optim.biz\/index.php?rest_route=%2Fwp%2Fv2%2Fmedia&parent=184620"}],"wp:term":[{"taxonomy":"category","embeddable":true,"href":"https:\/\/analyse.optim.biz\/index.php?rest_route=%2Fwp%2Fv2%2Fcategories&post=184620"},{"taxonomy":"post_tag","embeddable":true,"href":"https:\/\/analyse.optim.biz\/index.php?rest_route=%2Fwp%2Fv2%2Ftags&post=184620"}],"curies":[{"name":"wp","href":"https:\/\/api.w.org\/{rel}","templated":true}]}}