{"id":1846185,"date":"2026-03-21T00:00:00","date_gmt":"2026-03-20T21:00:00","guid":{"rendered":"https:\/\/analyse.optim.biz\/?p=1846185"},"modified":"2026-03-21T00:00:00","modified_gmt":"2026-03-20T21:00:00","slug":"lectie-de-viata-la-vartescoiu-elevii-au-descoperit-alaturi-de-politistii-vranceni-ce-inseamna-cu-adevarat-meseria-de-politist","status":"publish","type":"post","link":"https:\/\/analyse.optim.biz\/?p=1846185","title":{"rendered":"Lec\u021bie de via\u021b\u0103 la V\u00e2rte\u0219coiu: Elevii au descoperit, al\u0103turi de poli\u021bi\u0219tii vr\u00e2nceni, ce \u00eenseamn\u0103 cu adev\u0103rat meseria de poli\u021bist"},"content":{"rendered":"<p>[analyse_image type=&#8221;featured&#8221; src=&#8221;https:\/\/zdvi.cname.ro\/_\/lectie-de-viata-la-vartescoiu-elevii-au-descoperit-alaturi-de-politistii-vranceni-ce-inseamna-cu-adevarat-meseria-de-politist\/mediaPool\/uSEP92x.jpeg&#8221;]<\/p>\n<div class=\"main-content detaliu-articol\"><a class=\"titlu-cat-list\" href=\"https:\/\/ziaruldevrancea.ro\/special\/educatie\">Educa\u021bie<\/a><\/p>\n<h1>Lec\u021bie de via\u021b\u0103 la V\u00e2rte\u0219coiu: Elevii au descoperit, al\u0103turi de poli\u021bi\u0219tii vr\u00e2nceni, ce \u00eenseamn\u0103 cu adev\u0103rat meseria de poli\u021bist<\/h1>\n<div class=\"date-articol clearfix\">\n<div class=\"distribuie-articol dropdown\">\n    Distribuie: \u00a0<br \/>\n    <em>|<\/em><\/div>\n<div class=\"autor-articol\"><a href=\"https:\/\/ziaruldevrancea.ro\/autor\/petre-paraschiv\/\"><img decoding=\"async\" class=\"img-circle\" src=\"https:\/\/zdvi.cname.ro\/50_50\/articleAuthor\/petre-paraschiv\/articleAuthor\/uWVWYPk.jpg\" alt><\/a><\/p>\n<h5><a href=\"https:\/\/ziaruldevrancea.ro\/autor\/petre-paraschiv\/\">Petre Paraschiv<\/a><\/h5>\n<div class=\"grup-spatiere\"><span class=\"cu-spatiere\">21 mar 2026<\/span><span class=\"cu-spatiere\">524 vizualiz\u0103ri<\/span><\/div>\n<\/div>\n<\/div>\n<div class=\"poza-mare\">\n<div class=\"poza-mare galerie-detaliu\">\n<div id=\"carousel-poza-mare\" class=\"carousel slide carusel-poza\" data-ride=\"carousel\" data-interval=\"0\">\n<div class=\"carousel-inner\" role=\"listbox\">\n<div class=\"item imagine-carusel active\"><a href class=\"openGallery\"><img decoding=\"async\" class=\"img-responsive\" src=\"https:\/\/zdvi.cname.ro\/850_530\/lectie-de-viata-la-vartescoiu-elevii-au-descoperit-alaturi-de-politistii-vranceni-ce-inseamna-cu-adevarat-meseria-de-politist\/article\/mediaPool\/uSEP92x.jpeg\" alt><\/a><\/div>\n<div class=\"item imagine-carusel \"><a href class=\"openGallery\"><img decoding=\"async\" class=\"img-responsive\" src=\"https:\/\/zdvi.cname.ro\/850_530\/lectie-de-viata-la-vartescoiu-elevii-au-descoperit-alaturi-de-politistii-vranceni-ce-inseamna-cu-adevarat-meseria-de-politist\/article\/mediaPool\/uex1NBU.jpeg\" alt><\/a><\/div>\n<div class=\"item imagine-carusel \"><a href class=\"openGallery\"><img decoding=\"async\" class=\"img-responsive\" src=\"https:\/\/zdvi.cname.ro\/850_530\/lectie-de-viata-la-vartescoiu-elevii-au-descoperit-alaturi-de-politistii-vranceni-ce-inseamna-cu-adevarat-meseria-de-politist\/article\/mediaPool\/ulnxH2j.jpeg\" alt><\/a><\/div>\n<\/div>\n<\/div>\n<div id=\"carousel-poze-mici\" class=\"carousel slide carusel-mici\" data-ride=\"carousel\" data-interval=\"0\">\n<div class=\"carousel-inner\" role=\"listbox\">\n<div class=\"item active\">\n<ul class=\"navigare-carusel-imagini\">\n<li data-target=\"#carousel-poza-mare\" data-slide-to=\"0\"><img decoding=\"async\" class=\"img-responsive\" src=\"https:\/\/zdvi.cname.ro\/_90\/lectie-de-viata-la-vartescoiu-elevii-au-descoperit-alaturi-de-politistii-vranceni-ce-inseamna-cu-adevarat-meseria-de-politist\/article\/mediaPool\/uSEP92x.jpeg\" alt><\/li>\n<li data-target=\"#carousel-poza-mare\" data-slide-to=\"1\"><img decoding=\"async\" class=\"img-responsive\" src=\"https:\/\/zdvi.cname.ro\/_90\/lectie-de-viata-la-vartescoiu-elevii-au-descoperit-alaturi-de-politistii-vranceni-ce-inseamna-cu-adevarat-meseria-de-politist\/article\/mediaPool\/uex1NBU.jpeg\" alt><\/li>\n<li data-target=\"#carousel-poza-mare\" data-slide-to=\"2\"><img decoding=\"async\" class=\"img-responsive\" src=\"https:\/\/zdvi.cname.ro\/_90\/lectie-de-viata-la-vartescoiu-elevii-au-descoperit-alaturi-de-politistii-vranceni-ce-inseamna-cu-adevarat-meseria-de-politist\/article\/mediaPool\/ulnxH2j.jpeg\" alt><\/li>\n<\/ul>\n<\/div>\n<\/div>\n<\/div>\n<\/div>\n<\/div>\n<p><strong>Ziua Povestitului, marcat\u0103 \u00een Vrancea printr-o \u00eent\u00e2lnire special\u0103 \u00eentre elevii \u0218colii Gimnaziale V\u00e2rte\u0219coiu \u0219i poli\u021bi\u0219tii de la Siguran\u021b\u0103 \u0218colar\u0103.<\/strong><\/p>\n<p>Elevii \u0218colii Gimnaziale V\u00e2rte\u0219coiu au avut parte vineri, 20 martie 2026, de o experien\u021b\u0103 educativ\u0103 aparte, \u00een cadrul unei activit\u0103\u021bi organizate cu ocazia Zilei Povestitului, \u00een colaborare cu poli\u021bi\u0219tii din cadrul compartimentului Siguran\u021b\u0103 \u0218colar\u0103 al IPJ Vrancea.<\/p>\n<p>Sub titlul sugestiv \u201e<strong><em>Lec\u021bia de siguran\u021b\u0103, scris\u0103 prin experien\u021b\u0103<\/em><\/strong>\u201d, \u00eent\u00e2lnirea a adus \u00een prim-plan pove\u0219ti reale din via\u021ba de zi cu zi a oamenilor legii, oferindu-le elevilor o perspectiv\u0103 autentic\u0103 asupra meseriei de poli\u021bist.<\/p>\n<p>Potrivit inform\u0103rii de pres\u0103 transmise de Inspectoratul de Poli\u021bie Jude\u021bean Vrancea, copiii au descoperit c\u0103 aceast\u0103 profesie nu \u00eenseamn\u0103 doar interven\u021bii \u0219i ac\u021biuni \u00een teren, ci presupune \u00een egal\u0103 m\u0103sur\u0103 curaj, empatie \u0219i responsabilitate.<\/p>\n<p>De la cazuri rezolvate cu ajutorul tehnicilor criminalistice, precum identificarea amprentelor, p\u00e2n\u0103 la exemple simple, dar esen\u021biale, din activitatea zilnic\u0103 a poli\u021bi\u0219tilor, fiecare poveste a devenit o lec\u021bie despre importan\u021ba respectului, a ajutorului reciproc \u0219i a alegerilor corecte.<\/p>\n<p>\u00cent\u00e2lnirea s-a transformat \u00eentr-un dialog deschis \u00eentre elevi \u0219i poli\u021bi\u0219ti, \u00een care tinerii au avut ocazia s\u0103 pun\u0103 \u00eentreb\u0103ri \u0219i s\u0103 afle direct de la surs\u0103 ce presupune aceast\u0103 carier\u0103. Atmosfera a fost una interactiv\u0103, iar interesul elevilor a fost vizibil.<\/p>\n<p>Momentul cel mai emo\u021bionant al activit\u0103\u021bii a fost atunci c\u00e2nd mai mul\u021bi elevi au declarat cu entuziasm c\u0103 \u00ee\u0219i doresc s\u0103 devin\u0103 poli\u021bi\u0219ti, inspira\u021bi de exemplele oferite.<\/p>\n<p>Reprezentan\u021bii IPJ Vrancea au subliniat c\u0103 alegerea acestei profesii \u00eenseamn\u0103 asumarea unei voca\u021bii, bazat\u0103 pe dorin\u021ba sincer\u0103 de a face bine \u0219i de a contribui la siguran\u021ba comunit\u0103\u021bii.<\/p>\n<p>Astfel de activit\u0103\u021bi educative contribuie la consolidarea rela\u021biei dintre poli\u021bie \u0219i comunitate, dar \u0219i la formarea unei genera\u021bii responsabile, con\u0219tiente de valorile civice \u0219i de importan\u021ba respect\u0103rii legii.<\/p>\n<p><strong>Petre Paraschiv<\/strong><\/p>\n<p><strong>Citi\u021bi \u021bi con\u021binutul integral al inform\u0103rii de pres\u0103\u00a0f\u0103cut\u0103 public, vineri 20 martie 2026 ora 18:36, de purt\u0103torul de cuv\u00e2nt al IPJ Vrancea \u00een leg\u0103tur\u0103 cu acest\u0103 \u0219tire<\/strong><\/p>\n<p><strong>Informare de pres\u0103,\u00a0vineri 20 martie 2026 ora 18:36,IPJ Vrancea<\/strong>:<strong>Lec\u021bia de siguran\u021b\u0103, scris\u0103 prin experien\u021b\u0103<\/strong><\/p>\n<div>Ast\u0103zi, elevii \u0218colii Gimnaziale V\u00e2rte\u0219coiu au avut parte de o lec\u021bie altfel.Cu ocazia Zilei Povestitului,\u00a0 au deschis \u201ecartea\u201d profesiei de poli\u021bist \u0219i au ascultat pove\u0219tile reale ale celor care vegheaz\u0103 la siguran\u021ba lor.Al\u0103turi de poli\u021bi\u0219tii de la Siguran\u021b\u0103 \u0218colar\u0103, copiii au descoperit c\u0103 meseria de poli\u021bist nu este doar despre interven\u021bii, ci despre curaj, empatie \u0219i dorin\u021ba de a ajuta semenii.De la misterele rezolvate prin amprente, p\u00e2n\u0103 la micile gesturi de zi cu zi care salveaz\u0103 vie\u021bi, fiecare poveste a fost o lec\u021bie de responsabilitate.\u00cent\u00e2lnirea de ast\u0103zi a fost o discu\u021bie deschis\u0103 \u00eentre poli\u021bi\u0219ti \u0219i elevi despre ceea ce conteaz\u0103 cu adev\u0103rat: respectul, ajutorul reciproc \u0219i curajul de a face ceea ce e corect.De Ziua Povestitului, am \u00eenv\u0103\u021bat c\u0103 cea mai frumoas\u0103 misiune a unui poli\u021bist este s\u0103 inspire \u00eencredere noii genera\u021bii.V\u0103 mul\u021bumim tuturor celor care, dup\u0103 discu\u021bia de ast\u0103zi, a\u021bi ridicat m\u00e2na \u0219i a\u021bi spus cu m\u00e2ndrie: \u201e<strong><em>\u0218i eu vreau s\u0103 devin poli\u021bist!\u201d.<\/em><\/strong>Nu este doar o meserie, este o voca\u021bie care \u00eencepe cu dorin\u021ba de a face bine. V\u0103 mul\u021bumim pentru curiozitate, pentru \u00eentreb\u0103rile iste\u021be \u0219i pentru sclipirea din ochi.\u00a0Drumul este lung \u0219i cere disciplin\u0103, dar satisfac\u021bia de a ajuta este pe m\u0103sur\u0103. V\u0103 a\u0219tept\u0103m cu drag \u00een echipa noastr\u0103!<\/div>\n<hr>\n<div class=\"bloc-widget widget-rosu\">\n<p>\u00cen lipsa unui acord scris din partea Ziarului de Vrancea, pute\u0163i prelua maxim 500 de caractere din acest articol dac\u0103 preciza\u0163i sursa \u015fi insera\u0163i vizibil link-ul articolului:\u00a0<span>#insertcurrentlinkhere<\/span><\/p>\n<\/div>\n<div class=\"extra-articol listing-anunturi\">\n<h6>Anun\u021buri <span class=\"text-primary\">ZdV<\/span> Premium<\/h6>\n<div class=\"row\">\n<div class=\"col-lg-4 col-md-6 bloc-egal\"><a class=\"card-anunt\" href=\"https:\/\/ziaruldevrancea.ro\/anunturi\/auto\/import\/oferta-auto-anunt-72739\"><strong class=\"titlu\">Import<\/strong><span class=\"text-anunt\">V\u00e2nd MATIZ, stare bun\u0103 de func\u021bionare,&#8230;<\/span><span class=\"data-anunt\">23.03.2026  <\/span><\/a><\/div>\n<div class=\"col-lg-4 col-md-6 bloc-egal\"><a class=\"card-anunt\" href=\"https:\/\/ziaruldevrancea.ro\/anunturi\/necrolog\/decese\/s-a-stins-din-viata-prof.-ioana-grAjdeanu\"><strong class=\"titlu\">Decese<\/strong><span class=\"text-anunt\">&#8221;Adev\u0103rat, adev\u0103rat v\u0103 spun c\u0103 cine&#8230;<\/span><span class=\"data-anunt\">19.03.2026  <\/span><\/a><\/div>\n<div class=\"col-lg-4 col-md-6 bloc-egal\"><a class=\"card-anunt\" href=\"https:\/\/ziaruldevrancea.ro\/anunturi\/altele\/anulare-acte\/vand-scrumbii-autentice--superioare--gust-excelent\"><strong class=\"titlu\">Vanzari diverse<\/strong><span class=\"text-anunt\">Capturi in cantitati mici de pe sectorul Dunarii&#8230;<\/span><span class=\"data-anunt\">19.03.2026 , Gala\u021bi , Gala\u021bi<\/span><\/a><\/div>\n<\/div>\n<\/div>\n<div class=\"extra-articol alte-articole\">\n<div class=\"row\">\n<div class=\"col-lg-6 bloc-egal\">\n<div class=\"card articol-listing\">\n<h6>\u00cen categoria <a href=\"https:\/\/ziaruldevrancea.ro\/special\/educatie\">Educa\u021bie<\/a><\/h6>\n<div class=\"grup-articol-listing\">\n<div class=\"cont-pils\"><a href=\"https:\/\/ziaruldevrancea.ro\/special\/educatie\/cantec-de-prieten-pentru-un-scriitor-total-evocarea-lui-ion-machidon-publicata-in-ziarul-de-vrancea\"><img decoding=\"async\" src=\"https:\/\/zdvi.cname.ro\/180_135\/special\/educatie\/cantec-de-prieten-pentru-un-scriitor-total-evocarea-lui-ion-machidon-publicata-in-ziarul-de-vrancea\/mediaPool\/uMmXSR0.jpg\" class=\"img-responsive img-180\" alt><\/a><\/div>\n<h2><a class=\"link-titlu\" href=\"https:\/\/ziaruldevrancea.ro\/special\/educatie\/cantec-de-prieten-pentru-un-scriitor-total-evocarea-lui-ion-machidon-publicata-in-ziarul-de-vrancea\">C\u00e2ntec de prieten pentru un \u201escriitor total\u201d: evocarea lui Ion Machidon, publicat\u0103 \u00een Ziarul de Vrancea<\/a><\/h2>\n<div class=\"date-post\"><a href=\"https:\/\/ziaruldevrancea.ro\/autor\/dan-sandu\">Dan Sandu<\/a>, 25 mar 2026  <\/div>\n<\/div>\n<div class=\"grup-articol-listing\">\n<div class=\"cont-pils\"><a href=\"https:\/\/ziaruldevrancea.ro\/special\/educatie\/simularea-bacalaureatului-2026-in-vrancea-peste-2.600-de-elevi-inscrisi-sute-de-absenti-la-fiecare-proba\"><img decoding=\"async\" src=\"https:\/\/zdvi.cname.ro\/180_135\/special\/educatie\/simularea-bacalaureatului-2026-in-vrancea-peste-2.600-de-elevi-inscrisi-sute-de-absenti-la-fiecare-proba\/mediaPool\/uoBhZPm.png\" class=\"img-responsive img-180\" alt><\/a><\/div>\n<h2><a class=\"link-titlu\" href=\"https:\/\/ziaruldevrancea.ro\/special\/educatie\/simularea-bacalaureatului-2026-in-vrancea-peste-2.600-de-elevi-inscrisi-sute-de-absenti-la-fiecare-proba\">Simularea Bacalaureatului 2026 \u00een Vrancea: peste 2.600 de elevi \u00eenscri\u0219i, sute de absen\u021bi la fiecare prob\u0103<\/a><\/h2>\n<div class=\"date-post\"><a href=\"https:\/\/ziaruldevrancea.ro\/autor\/maria-bratu\">Maria BRATU<\/a>, 25 mar 2026  <\/div>\n<\/div>\n<div class=\"grup-articol-listing\">\n<div class=\"cont-pils\"><a href=\"https:\/\/ziaruldevrancea.ro\/special\/educatie\/astazi-despre-ana-blandiana---poeta-care-si-a-schimbat-numele-pentru-a-ocoli-sicanele-regimului---fiica-a-unui-preot-condamnat-politic-va-realiza-peste-ani-memorialul-de-la-sighet---primul-muzeu-din-lume-dedicat-victimelor-comunismului\"><img decoding=\"async\" src=\"https:\/\/zdvi.cname.ro\/180_135\/special\/educatie\/astazi-despre-ana-blandiana---poeta-care-si-a-schimbat-numele-pentru-a-ocoli-sicanele-regimului---fiica-a-unui-preot-condamnat-politic-va-realiza-peste-ani-memorialul-de-la-sighet---primul-muzeu-din-lume-dedicat-victimelor-comunismului\/mediaPool\/uGVTjWV.jpg\" class=\"img-responsive img-180\" alt><\/a><\/div>\n<h2><a class=\"link-titlu\" href=\"https:\/\/ziaruldevrancea.ro\/special\/educatie\/astazi-despre-ana-blandiana---poeta-care-si-a-schimbat-numele-pentru-a-ocoli-sicanele-regimului---fiica-a-unui-preot-condamnat-politic-va-realiza-peste-ani-memorialul-de-la-sighet---primul-muzeu-din-lume-dedicat-victimelor-comunismului\">Ast\u0103zi despre Ana Blandiana &#8211; Poeta care \u0219i-a schimbat numele pentru a ocoli \u0219icanele regimului &#8211;  fiic\u0103 a unui preot condamnat politic, va realiza peste ani Memorialul de la Sighet &#8211; primul muzeu din lume dedicat victimelor comunismului<\/a><\/h2>\n<div class=\"date-post\"><a href=\"https:\/\/ziaruldevrancea.ro\/autor\/ziarul-de-vrancea\">Ziarul de Vrancea<\/a>, 25 mar 2026  <\/div>\n<\/div>\n<\/div>\n<\/div>\n<div class=\"col-lg-6 bloc-egal\">\n<div class=\"card articol-listing\">\n<h6>De acela\u0219i <a href=\"https:\/\/ziaruldevrancea.ro\/autor\/petre-paraschiv\/\">autor<\/a><\/h6>\n<div class=\"grup-articol-listing\">\n<div class=\"cont-pils\"><a href=\"https:\/\/ziaruldevrancea.ro\/actualitatea\/stiri-locale\/vrancea-mai-curata-incepe-campania-gratuita-de-colectare-a-deseurilor-voluminoase-textile-si-periculoase-in-mediul-rural\"><img decoding=\"async\" src=\"https:\/\/zdvi.cname.ro\/180_135\/actualitatea\/stiri-locale\/vrancea-mai-curata-incepe-campania-gratuita-de-colectare-a-deseurilor-voluminoase-textile-si-periculoase-in-mediul-rural\/mediaPool\/uR6gLTu.jpeg\" class=\"img-responsive img-180\" alt><\/a><\/div>\n<h2><a class=\"link-titlu\" href=\"https:\/\/ziaruldevrancea.ro\/actualitatea\/stiri-locale\/vrancea-mai-curata-incepe-campania-gratuita-de-colectare-a-deseurilor-voluminoase-textile-si-periculoase-in-mediul-rural\">Vrancea mai curat\u0103: \u00eencepe campania gratuit\u0103 de colectare a de\u0219eurilor voluminoase, textile \u0219i periculoase \u00een mediul rural<\/a><\/h2>\n<div class=\"date-post\"><a href=\"https:\/\/ziaruldevrancea.ro\/autor\/petre-paraschiv\">Petre Paraschiv<\/a>, 25 mar 2026  <\/div>\n<\/div>\n<div class=\"grup-articol-listing\">\n<div class=\"cont-pils\"><a href=\"https:\/\/ziaruldevrancea.ro\/actualitatea\/stiri-locale\/restrictii-de-circulatie-in-focsani-pe-strada-republicii-lucrari-de-asfaltare-pe-25-martie-2026\"><img decoding=\"async\" src=\"https:\/\/zdvi.cname.ro\/180_135\/actualitatea\/stiri-locale\/restrictii-de-circulatie-in-focsani-pe-strada-republicii-lucrari-de-asfaltare-pe-25-martie-2026\/mediaPool\/unm0bdY.jpg\" class=\"img-responsive img-180\" alt><\/a><\/div>\n<h2><a class=\"link-titlu\" href=\"https:\/\/ziaruldevrancea.ro\/actualitatea\/stiri-locale\/restrictii-de-circulatie-in-focsani-pe-strada-republicii-lucrari-de-asfaltare-pe-25-martie-2026\">Restric\u021bii de circula\u021bie \u00een Foc\u0219ani pe strada Republicii: lucr\u0103ri de asfaltare pe 25 martie 2026<\/a><\/h2>\n<div class=\"date-post\"><a href=\"https:\/\/ziaruldevrancea.ro\/autor\/petre-paraschiv\">Petre Paraschiv<\/a>, 25 mar 2026  <\/div>\n<\/div>\n<div class=\"grup-articol-listing\">\n<div class=\"cont-pils\"><a href=\"https:\/\/ziaruldevrancea.ro\/actualitatea\/stiri-locale\/saptamana-de-actiuni-in-vrancea-pentru-protejarea-pietonilor-politistii-intensifica-controalele-in-trafic\"><img decoding=\"async\" src=\"https:\/\/zdvi.cname.ro\/180_135\/actualitatea\/stiri-locale\/saptamana-de-actiuni-in-vrancea-pentru-protejarea-pietonilor-politistii-intensifica-controalele-in-trafic\/mediaPool\/uBHsFUy.jpeg\" class=\"img-responsive img-180\" alt><\/a><\/div>\n<h2><a class=\"link-titlu\" href=\"https:\/\/ziaruldevrancea.ro\/actualitatea\/stiri-locale\/saptamana-de-actiuni-in-vrancea-pentru-protejarea-pietonilor-politistii-intensifica-controalele-in-trafic\">S\u0103pt\u0103m\u00e2n\u0103 de ac\u021biuni \u00een Vrancea pentru protejarea pietonilor: poli\u021bi\u0219tii intensific\u0103 controalele \u00een trafic<\/a><\/h2>\n<div class=\"date-post\"><a href=\"https:\/\/ziaruldevrancea.ro\/autor\/petre-paraschiv\">Petre Paraschiv<\/a>, 23 mar 2026  <\/div>\n<\/div>\n<\/div>\n<\/div>\n<\/div>\n<\/div>\n<div class=\"extra-articol listing-anunturi\">\n<h6>Anun\u021buri <span class=\"text-primary\">ZdV<\/span> Premium<\/h6>\n<div class=\"row\">\n<div class=\"col-lg-4 col-md-6 bloc-egal\"><a class=\"card-anunt\" href=\"https:\/\/ziaruldevrancea.ro\/anunturi\/httpswww.ziaruldevrancea.roanunturialtelediversevand-struguri-de-vin-toate-soiurile\/vand-scrumbii-dunare-superioare--capturi-galati\"><strong class=\"titlu\">VANZARI DIVERSE<\/strong><span class=\"text-anunt\">Scrumbii proaspete ( cantitati mici ) superioare ,&#8230;<\/span><span class=\"data-anunt\">19.03.2026 , Gala\u021bi , Gala\u021bi<\/span><\/a><\/div>\n<div class=\"col-lg-4 col-md-6 bloc-egal\"><a class=\"card-anunt\" href=\"https:\/\/ziaruldevrancea.ro\/anunturi\/httpswww.ziaruldevrancea.roanunturialtelediversevand-struguri-de-vin-toate-soiurile\/vand-pat-si-doua-chiuvete\"><strong class=\"titlu\">VANZARI DIVERSE<\/strong><span class=\"text-anunt\">V\u00e2nd pat o persoan\u0103, cu saltea (1500 lei),&#8230;<\/span><span class=\"data-anunt\">10.03.2026  <\/span><\/a><\/div>\n<div class=\"col-lg-4 col-md-6 bloc-egal\"><a class=\"card-anunt\" href=\"https:\/\/ziaruldevrancea.ro\/anunturi\/imobiliare\/vanzari-ap-3-camere\/vand-apartament-in-focsani\"><strong class=\"titlu\">V\u00e2nz\u0103ri ap 3 camere<\/strong><span class=\"text-anunt\">Vand apartament \u00een Foc\u0219ani 3 camere la&#8230;<\/span><span class=\"data-anunt\">04.03.2026  <\/span><\/a><\/div>\n<\/div>\n<\/div>\n<div class=\"bloc-widget widget-albastru\">\n    Ziarul de Vrancea \u00a0nu este responsabil juridic pentru con\u0163inutul textelor din comentariile de mai jos. Responsabilitatea pentru mesajele dumneavoastra v\u0103 revine \u00een exclusivitate.\n<\/div>\n<div class=\"comentarii-articol\" id=\"comentarii\">\n<h3>Comentarii: <span class=\"text-primary\">0<\/span><\/h3>\n<p><a href=\"https:\/\/ziaruldevrancea.ro\/special\/educatie\/lectie-de-viata-la-vartescoiu-elevii-au-descoperit-alaturi-de-politistii-vranceni-ce-inseamna-cu-adevarat-meseria-de-politist\" class=\"btn btn-success btn-adauga-com\" data-toggle=\"modal\" data-parent=\"0\" data-target=\"#commentModal\">Adaug\u0103 comentariu<\/a><\/p>\n<div class=\"loadMask comments-mask\"><img decoding=\"async\" src=\"https:\/\/zdvs.cname.ro\/images\/loader_40.gif\"><\/div>\n<div class=\"comenteaza-jos\">Trebuie s\u0103 fii <a href=\"https:\/\/ziaruldevrancea.ro\/account\">autentificat<\/a> pentru a putea <a href=\"https:\/\/ziaruldevrancea.ro\/special\/educatie\/lectie-de-viata-la-vartescoiu-elevii-au-descoperit-alaturi-de-politistii-vranceni-ce-inseamna-cu-adevarat-meseria-de-politist\" class data-toggle=\"modal\" data-parent=\"0\" data-target=\"#commentModal\">posta un comentariu<\/a>.<\/div>\n<\/div>\n<div class=\"modal fade\" id=\"commentModal\" role=\"dialog\" aria-labelledby=\"commentModalLabel\">\n<div class=\"modal-dialog modal-lg\" role=\"document\">\n<div class=\"modal-content\">\n<div class=\"modal-header\">\n<h3 class=\"modal-title\" id=\"commentModalLabel\">Comenteaz\u0103<\/h3>\n<\/div>\n<div class=\"modal-body\">\n<div class=\"tabel tabel-full\">\n<div class=\"celula\">\n              Trebuie s\u0103 fii <a href=\"https:\/\/ziaruldevrancea.ro\/account\">autentificat<\/a> pentru a putea posta un comentariu.\n            <\/div>\n<\/div>\n<\/div>\n<div class=\"modal-footer\">\n<div id=\"commentPending\" class=\"formPending pull-left\"><img decoding=\"async\" src=\"https:\/\/zdvs.cname.ro\/images\/loader_40.gif\"> In curs de procesare&#8230;<\/div>\n<p><a href=\"https:\/\/ziaruldevrancea.ro\/special\/educatie\/lectie-de-viata-la-vartescoiu-elevii-au-descoperit-alaturi-de-politistii-vranceni-ce-inseamna-cu-adevarat-meseria-de-politist\" class=\"btn btn-default\" data-dismiss=\"modal\">Anuleaz\u0103<\/a><\/div>\n<\/div>\n<\/div>\n<\/div>\n<div class=\"modal fade\" id=\"commentReportModal\" role=\"dialog\" aria-labelledby=\"commentReportModalLabel\">\n<div class=\"modal-dialog modal-lg\" role=\"document\">\n<div class=\"modal-content\">\n<div class=\"modal-header\">\n<h3 class=\"modal-title\" id=\"commentReportModalLabel\">Raporteaza comentariu<\/h3>\n<\/div>\n<div class=\"modal-body\">\n<div class=\"tabel tabel-full\">\n<div class=\"celula\">\n              Trebuie s\u0103 fii <a href=\"https:\/\/ziaruldevrancea.ro\/account\">autentificat<\/a> pentru a putea raporta un comentariu.\n            <\/div>\n<\/div>\n<\/div>\n<div class=\"modal-footer\">\n<div id=\"commentReportPending\" class=\"formPending pull-left\"><img decoding=\"async\" src=\"https:\/\/zdvs.cname.ro\/images\/loader_40.gif\"> In curs de procesare&#8230;<\/div>\n<p><a href=\"https:\/\/ziaruldevrancea.ro\/special\/educatie\/lectie-de-viata-la-vartescoiu-elevii-au-descoperit-alaturi-de-politistii-vranceni-ce-inseamna-cu-adevarat-meseria-de-politist\" class=\"btn btn-default\" data-dismiss=\"modal\">Anuleaz\u0103<\/a><\/div>\n<\/div>\n<\/div>\n<\/div>\n<div class=\"modal fade\" id=\"commentLikeModal\" role=\"dialog\" aria-labelledby=\"commentLikeModalLabel\">\n<div class=\"modal-dialog modal-lg\" role=\"document\">\n<div class=\"modal-content\">\n<div class=\"modal-header\">\n<h3 class=\"modal-title\" id=\"commentReportModalLabel\">Apreciaza comentariu<\/h3>\n<\/div>\n<div class=\"modal-body\">\n<div class=\"tabel tabel-full\">\n<div class=\"celula\">\n            Trebuie s\u0103 fii <a href=\"https:\/\/ziaruldevrancea.ro\/account\">autentificat<\/a> pentru a putea aprecia un comentariu.\n          <\/div>\n<\/div>\n<\/div>\n<div class=\"modal-footer\"><a href=\"https:\/\/ziaruldevrancea.ro\/special\/educatie\/lectie-de-viata-la-vartescoiu-elevii-au-descoperit-alaturi-de-politistii-vranceni-ce-inseamna-cu-adevarat-meseria-de-politist\" class=\"btn btn-default\" data-dismiss=\"modal\">Anuleaz\u0103<\/a><\/div>\n<\/div>\n<\/div>\n<\/div>\n<div class=\"bloc-widget widget-rosu\"><span><small>Ziarul de Vrancea doreste ca acest site sa fie un spatiu al discutiilor civilizate, al comentariilor de bun simt. Din acest motiv, cei care posteaza comentarii la articole trebuie sa respecte urmatoarele reguli:<br \/>\n1. Sa se refere doar la articolul la care posteaza comentarii.<br \/>\n2. Sa foloseasca un limbaj civilizat, fara injurii, calomnii, comentarii antisemite, xenofobe sau rasiste.<br \/>\n3. Sunt interzise atacurile la adresa autorilor, daca acestea nu au legatura cu textul.<br \/>\n4. Username-ul sa nu fie nume de personalitati ale vietii publice sau parodieri ale acestora.<br \/>\nAutorul unui articol poate fi criticat pentru eventuale greseli, incoerenta, lipsa de documentare etc.<br \/>\nNerespectarea regulilor mentionate mai sus va duce la stergerea comentariilor, fara avertisment si fara explicatii.<br \/>\nAbaterile repetate vor avea drept consecinta interdictia accesului la aceasta facilitate a site-ului.<\/small><\/span><\/div>\n<\/div>\n<p>[analyse_source url=&#8221;https:\/\/ziaruldevrancea.ro\/special\/educatie\/lectie-de-viata-la-vartescoiu-elevii-au-descoperit-alaturi-de-politistii-vranceni-ce-inseamna-cu-adevarat-meseria-de-politist&#8221;]<\/p>\n","protected":false},"excerpt":{"rendered":"<p>[analyse_image type=&#8221;featured&#8221; src=&#8221;https:\/\/zdvi.cname.ro\/_\/lectie-de-viata-la-vartescoiu-elevii-au-descoperit-alaturi-de-politistii-vranceni-ce-inseamna-cu-adevarat-meseria-de-politist\/mediaPool\/uSEP92x.jpeg&#8221;] Educa\u021bie Lec\u021bie de via\u021b\u0103 la V\u00e2rte\u0219coiu: Elevii au descoperit, al\u0103turi de poli\u021bi\u0219tii vr\u00e2nceni, ce \u00eenseamn\u0103 cu adev\u0103rat meseria de poli\u021bist Distribuie: \u00a0 | Petre Paraschiv 21 mar 2026524 vizualiz\u0103ri Ziua Povestitului, marcat\u0103 \u00een Vrancea printr-o \u00eent\u00e2lnire special\u0103 \u00eentre elevii \u0218colii Gimnaziale V\u00e2rte\u0219coiu \u0219i poli\u021bi\u0219tii de la Siguran\u021b\u0103 \u0218colar\u0103. Elevii \u0218colii Gimnaziale V\u00e2rte\u0219coiu [&hellip;]<\/p>\n","protected":false},"author":1,"featured_media":0,"comment_status":"open","ping_status":"","sticky":false,"template":"","format":"standard","meta":{"footnotes":""},"categories":[89],"tags":[226,208],"class_list":["post-1846185","post","type-post","status-publish","format-standard","hentry","category-romania","tag-crawlmanager","tag-ziaruldevrancea-ro"],"_links":{"self":[{"href":"https:\/\/analyse.optim.biz\/index.php?rest_route=\/wp\/v2\/posts\/1846185","targetHints":{"allow":["GET"]}}],"collection":[{"href":"https:\/\/analyse.optim.biz\/index.php?rest_route=\/wp\/v2\/posts"}],"about":[{"href":"https:\/\/analyse.optim.biz\/index.php?rest_route=\/wp\/v2\/types\/post"}],"author":[{"embeddable":true,"href":"https:\/\/analyse.optim.biz\/index.php?rest_route=\/wp\/v2\/users\/1"}],"replies":[{"embeddable":true,"href":"https:\/\/analyse.optim.biz\/index.php?rest_route=%2Fwp%2Fv2%2Fcomments&post=1846185"}],"version-history":[{"count":0,"href":"https:\/\/analyse.optim.biz\/index.php?rest_route=\/wp\/v2\/posts\/1846185\/revisions"}],"wp:attachment":[{"href":"https:\/\/analyse.optim.biz\/index.php?rest_route=%2Fwp%2Fv2%2Fmedia&parent=1846185"}],"wp:term":[{"taxonomy":"category","embeddable":true,"href":"https:\/\/analyse.optim.biz\/index.php?rest_route=%2Fwp%2Fv2%2Fcategories&post=1846185"},{"taxonomy":"post_tag","embeddable":true,"href":"https:\/\/analyse.optim.biz\/index.php?rest_route=%2Fwp%2Fv2%2Ftags&post=1846185"}],"curies":[{"name":"wp","href":"https:\/\/api.w.org\/{rel}","templated":true}]}}