{"id":1846182,"date":"2026-03-21T00:00:00","date_gmt":"2026-03-20T21:00:00","guid":{"rendered":"https:\/\/analyse.optim.biz\/?p=1846182"},"modified":"2026-03-21T00:00:00","modified_gmt":"2026-03-20T21:00:00","slug":"targ-pentru-mamici-si-pitici-la-focsani-mall-biblioteca-judeteana-vrancea-aduce-lectura-mai-aproape-de-copii-si-parinti","status":"publish","type":"post","link":"https:\/\/analyse.optim.biz\/?p=1846182","title":{"rendered":"T\u00e2rg pentru M\u0103mici \u0219i Pitici la Foc\u0219ani Mall: Biblioteca Jude\u021bean\u0103 Vrancea aduce lectura mai aproape de copii \u0219i p\u0103rin\u021bi"},"content":{"rendered":"<p>[analyse_image type=&#8221;featured&#8221; src=&#8221;https:\/\/zdvi.cname.ro\/_\/targ-pentru-mamici-si-pitici-la-focsani-mall-biblioteca-judeteana-vrancea-aduce-lectura-mai-aproape-de-copii-si-parinti\/mediaPool\/uZRuHSs.jpg&#8221;]<\/p>\n<div class=\"main-content detaliu-articol\"><a class=\"titlu-cat-list\" href=\"https:\/\/ziaruldevrancea.ro\/special\/educatie\">Educa\u021bie<\/a><\/p>\n<h1>T\u00e2rg pentru M\u0103mici \u0219i Pitici la Foc\u0219ani Mall: Biblioteca Jude\u021bean\u0103 Vrancea aduce lectura mai aproape de copii \u0219i p\u0103rin\u021bi<\/h1>\n<div class=\"date-articol clearfix\">\n<div class=\"distribuie-articol dropdown\">\n    Distribuie: \u00a0<br \/>\n    <em>|<\/em><\/div>\n<div class=\"autor-articol\"><a href=\"https:\/\/ziaruldevrancea.ro\/autor\/anca-vasiliu\/\"><img decoding=\"async\" class=\"img-circle\" src=\"https:\/\/zdvi.cname.ro\/50_50\/articleAuthor\/anca-vasiliu\/articleAuthor\/u3OxgX4.PNG\" alt><\/a><\/p>\n<h5><a href=\"https:\/\/ziaruldevrancea.ro\/autor\/anca-vasiliu\/\">Anca Vasiliu<\/a><\/h5>\n<div class=\"grup-spatiere\"><span class=\"cu-spatiere\">21 mar 2026<\/span><span class=\"cu-spatiere\">490 vizualiz\u0103ri<\/span><\/div>\n<\/div>\n<\/div>\n<div class=\"poza-mare\"><a href class=\"openGallery\"><img decoding=\"async\" class=\"img-responsive\" src=\"https:\/\/zdvi.cname.ro\/850_530\/targ-pentru-mamici-si-pitici-la-focsani-mall-biblioteca-judeteana-vrancea-aduce-lectura-mai-aproape-de-copii-si-parinti\/article\/mediaPool\/uZRuHSs.jpg\" alt><\/a><\/div>\n<p><strong>Weekend dedicat familiilor din Vrancea: activit\u0103\u021bi interactive, ateliere creative \u0219i standuri de carte, pe 21-22 martie 2026, la Foc\u0219ani Mall<\/strong><\/p>\n<p>Foc\u0219aniul devine, \u00een acest weekend, punctul de atrac\u021bie pentru familiile din \u00eentreg jude\u021bul Vrancea. Pe <strong>21 \u0219i 22 martie 2026, \u00eentre orele 10:00 \u0219i 19:00, la Foc\u0219ani Mall<\/strong> are loc \u201e<strong><em>T\u00e2rgul pentru M\u0103mici \u0219i Pitici\u201d,<\/em><\/strong> un eveniment dedicat copiilor, p\u0103rin\u021bilor \u0219i tuturor celor interesa\u021bi de educa\u021bie, dezvoltare \u0219i activit\u0103\u021bi recreative.<\/p>\n<p>Potrivit unui comunicat transmis redac\u021biei noastre de c\u0103tre conducerea <strong>Bibliotecii Jude\u021bene \u201eDuiliu Zamfirescu\u201d Vrancea<\/strong>, institu\u021bia va fi prezent\u0103 activ \u00een cadrul t\u00e2rgului, oferind publicului o serie de activit\u0103\u021bi menite s\u0103 promoveze lectura \u0219i accesul la informa\u021bie.<\/p>\n<p><strong>Biblioteca, mai aproape de comunitate<\/strong><\/p>\n<p>Vizitatorii vor putea descoperi:<\/p>\n<ul>\n<li>standuri de carte pentru toate v\u00e2rstele, disponibile pentru \u00eemprumut la domiciliu<\/li>\n<li>volume oferite \u00een cadrul programului \u201eBiblioteca d\u0103ruie\u0219te!\u201d<\/li>\n<li>materiale informative despre serviciile bibliotecii<\/li>\n<\/ul>\n<p>\u00cen plus, reprezentan\u021bii bibliotecii vor organiza <strong>activit\u0103\u021bi de lectur\u0103 \u0219i ateliere creative<\/strong>, dedicate copiilor, cu scopul de a stimula imagina\u021bia \u0219i de a \u00eencuraja apropierea de universul c\u0103r\u021bilor \u00eenc\u0103 de la cele mai fragede v\u00e2rste.<\/p>\n<p><strong>Un eveniment pentru \u00eentreaga familie<\/strong><\/p>\n<p>\u201eT\u00e2rgul pentru M\u0103mici \u0219i Pitici\u201d reune\u0219te, \u00eentr-un singur loc, p\u0103rin\u021bi, copii, speciali\u0219ti \u0219i organiza\u021bii locale, \u00eentr-un cadru prietenos \u0219i interactiv. Evenimentul propune:<\/p>\n<ul>\n<li>activit\u0103\u021bi educative \u0219i recreative<\/li>\n<li>solu\u021bii \u0219i idei utile pentru cre\u0219terea copiilor<\/li>\n<li>oportunit\u0103\u021bi de socializare pentru familii<\/li>\n<\/ul>\n<p>Organizatorii \u00ee\u0219i propun ca acest t\u00e2rg s\u0103 devin\u0103 un reper important \u00een calendarul evenimentelor locale din Vrancea.<\/p>\n<p><strong>\u00a0Organizare \u0219i parteneri<\/strong><\/p>\n<p>Evenimentul este organizat de <strong>Promotis \u2013 Solu\u021bii de Promovare<\/strong>, cu sprijinul <strong>Foc\u0219ani Mall<\/strong>, \u0219i beneficiaz\u0103 de implicarea institu\u021biilor culturale locale, printre care \u0219i Biblioteca Jude\u021bean\u0103 Vrancea.<\/p>\n<p>Managerul institu\u021biei, <strong>Oana-Raluca Boian<\/strong>, invit\u0103 publicul s\u0103 participe:<\/p>\n<blockquote>\n<p>\u201e<strong>V\u0103 a\u0219tept\u0103m la Foc\u0219ani Mall pentru dou\u0103 zile pline de activit\u0103\u021bi educative, lectur\u0103 \u0219i momente speciale dedicate copiilor \u0219i familiilor din comunitatea noastr\u0103.<\/strong>\u201d<\/p>\n<\/blockquote>\n<hr>\n<p>T\u00e2rgul pentru M\u0103mici \u0219i Pitici de la Foc\u0219ani Mall se anun\u021b\u0103 a fi unul dintre cele mai atractive evenimente pentru familiile din Vrancea \u00een luna martie 2026, pun\u00e2nd accent pe educa\u021bie, lectur\u0103 \u0219i dezvoltarea armonioas\u0103 a copiilor.<\/p>\n<hr>\n<div class=\"bloc-widget widget-rosu\">\n<p>\u00cen lipsa unui acord scris din partea Ziarului de Vrancea, pute\u0163i prelua maxim 500 de caractere din acest articol dac\u0103 preciza\u0163i sursa \u015fi insera\u0163i vizibil link-ul articolului:\u00a0<span>#insertcurrentlinkhere<\/span><\/p>\n<\/div>\n<div class=\"extra-articol listing-anunturi\">\n<h6>Anun\u021buri <span class=\"text-primary\">ZdV<\/span> Premium<\/h6>\n<div class=\"row\">\n<div class=\"col-lg-4 col-md-6 bloc-egal\"><a class=\"card-anunt\" href=\"https:\/\/ziaruldevrancea.ro\/anunturi\/auto\/import\/oferta-auto-anunt-72739\"><strong class=\"titlu\">Import<\/strong><span class=\"text-anunt\">V\u00e2nd MATIZ, stare bun\u0103 de func\u021bionare,&#8230;<\/span><span class=\"data-anunt\">23.03.2026  <\/span><\/a><\/div>\n<div class=\"col-lg-4 col-md-6 bloc-egal\"><a class=\"card-anunt\" href=\"https:\/\/ziaruldevrancea.ro\/anunturi\/necrolog\/decese\/s-a-stins-din-viata-prof.-ioana-grAjdeanu\"><strong class=\"titlu\">Decese<\/strong><span class=\"text-anunt\">&#8221;Adev\u0103rat, adev\u0103rat v\u0103 spun c\u0103 cine&#8230;<\/span><span class=\"data-anunt\">19.03.2026  <\/span><\/a><\/div>\n<div class=\"col-lg-4 col-md-6 bloc-egal\"><a class=\"card-anunt\" href=\"https:\/\/ziaruldevrancea.ro\/anunturi\/altele\/anulare-acte\/vand-scrumbii-autentice--superioare--gust-excelent\"><strong class=\"titlu\">Vanzari diverse<\/strong><span class=\"text-anunt\">Capturi in cantitati mici de pe sectorul Dunarii&#8230;<\/span><span class=\"data-anunt\">19.03.2026 , Gala\u021bi , Gala\u021bi<\/span><\/a><\/div>\n<\/div>\n<\/div>\n<div class=\"extra-articol alte-articole\">\n<div class=\"row\">\n<div class=\"col-lg-6 bloc-egal\">\n<div class=\"card articol-listing\">\n<h6>\u00cen categoria <a href=\"https:\/\/ziaruldevrancea.ro\/special\/educatie\">Educa\u021bie<\/a><\/h6>\n<div class=\"grup-articol-listing\">\n<div class=\"cont-pils\"><a href=\"https:\/\/ziaruldevrancea.ro\/special\/educatie\/cantec-de-prieten-pentru-un-scriitor-total-evocarea-lui-ion-machidon-publicata-in-ziarul-de-vrancea\"><img decoding=\"async\" src=\"https:\/\/zdvi.cname.ro\/180_135\/special\/educatie\/cantec-de-prieten-pentru-un-scriitor-total-evocarea-lui-ion-machidon-publicata-in-ziarul-de-vrancea\/mediaPool\/uMmXSR0.jpg\" class=\"img-responsive img-180\" alt><\/a><\/div>\n<h2><a class=\"link-titlu\" href=\"https:\/\/ziaruldevrancea.ro\/special\/educatie\/cantec-de-prieten-pentru-un-scriitor-total-evocarea-lui-ion-machidon-publicata-in-ziarul-de-vrancea\">C\u00e2ntec de prieten pentru un \u201escriitor total\u201d: evocarea lui Ion Machidon, publicat\u0103 \u00een Ziarul de Vrancea<\/a><\/h2>\n<div class=\"date-post\"><a href=\"https:\/\/ziaruldevrancea.ro\/autor\/dan-sandu\">Dan Sandu<\/a>, 25 mar 2026  <\/div>\n<\/div>\n<div class=\"grup-articol-listing\">\n<div class=\"cont-pils\"><a href=\"https:\/\/ziaruldevrancea.ro\/special\/educatie\/simularea-bacalaureatului-2026-in-vrancea-peste-2.600-de-elevi-inscrisi-sute-de-absenti-la-fiecare-proba\"><img decoding=\"async\" src=\"https:\/\/zdvi.cname.ro\/180_135\/special\/educatie\/simularea-bacalaureatului-2026-in-vrancea-peste-2.600-de-elevi-inscrisi-sute-de-absenti-la-fiecare-proba\/mediaPool\/uoBhZPm.png\" class=\"img-responsive img-180\" alt><\/a><\/div>\n<h2><a class=\"link-titlu\" href=\"https:\/\/ziaruldevrancea.ro\/special\/educatie\/simularea-bacalaureatului-2026-in-vrancea-peste-2.600-de-elevi-inscrisi-sute-de-absenti-la-fiecare-proba\">Simularea Bacalaureatului 2026 \u00een Vrancea: peste 2.600 de elevi \u00eenscri\u0219i, sute de absen\u021bi la fiecare prob\u0103<\/a><\/h2>\n<div class=\"date-post\"><a href=\"https:\/\/ziaruldevrancea.ro\/autor\/maria-bratu\">Maria BRATU<\/a>, 25 mar 2026  <\/div>\n<\/div>\n<div class=\"grup-articol-listing\">\n<div class=\"cont-pils\"><a href=\"https:\/\/ziaruldevrancea.ro\/special\/educatie\/astazi-despre-ana-blandiana---poeta-care-si-a-schimbat-numele-pentru-a-ocoli-sicanele-regimului---fiica-a-unui-preot-condamnat-politic-va-realiza-peste-ani-memorialul-de-la-sighet---primul-muzeu-din-lume-dedicat-victimelor-comunismului\"><img decoding=\"async\" src=\"https:\/\/zdvi.cname.ro\/180_135\/special\/educatie\/astazi-despre-ana-blandiana---poeta-care-si-a-schimbat-numele-pentru-a-ocoli-sicanele-regimului---fiica-a-unui-preot-condamnat-politic-va-realiza-peste-ani-memorialul-de-la-sighet---primul-muzeu-din-lume-dedicat-victimelor-comunismului\/mediaPool\/uGVTjWV.jpg\" class=\"img-responsive img-180\" alt><\/a><\/div>\n<h2><a class=\"link-titlu\" href=\"https:\/\/ziaruldevrancea.ro\/special\/educatie\/astazi-despre-ana-blandiana---poeta-care-si-a-schimbat-numele-pentru-a-ocoli-sicanele-regimului---fiica-a-unui-preot-condamnat-politic-va-realiza-peste-ani-memorialul-de-la-sighet---primul-muzeu-din-lume-dedicat-victimelor-comunismului\">Ast\u0103zi despre Ana Blandiana &#8211; Poeta care \u0219i-a schimbat numele pentru a ocoli \u0219icanele regimului &#8211;  fiic\u0103 a unui preot condamnat politic, va realiza peste ani Memorialul de la Sighet &#8211; primul muzeu din lume dedicat victimelor comunismului<\/a><\/h2>\n<div class=\"date-post\"><a href=\"https:\/\/ziaruldevrancea.ro\/autor\/ziarul-de-vrancea\">Ziarul de Vrancea<\/a>, 25 mar 2026  <\/div>\n<\/div>\n<\/div>\n<\/div>\n<div class=\"col-lg-6 bloc-egal\">\n<div class=\"card articol-listing\">\n<h6>De acela\u0219i <a href=\"https:\/\/ziaruldevrancea.ro\/autor\/anca-vasiliu\/\">autor<\/a><\/h6>\n<div class=\"grup-articol-listing\">\n<div class=\"cont-pils\"><a href=\"https:\/\/ziaruldevrancea.ro\/promo\/brand-voice\/lege-adoptata-in-senat-pentru-recunoasterea-vechimii-medicilor-din-garzi.-initiativa-sustinuta-de-senatorul-de-vrancea-catalin-graur\"><img decoding=\"async\" src=\"https:\/\/zdvi.cname.ro\/180_135\/promo\/brand-voice\/lege-adoptata-in-senat-pentru-recunoasterea-vechimii-medicilor-din-garzi.-initiativa-sustinuta-de-senatorul-de-vrancea-catalin-graur\/mediaPool\/uswafvn.png\" class=\"img-responsive img-180\" alt><\/a><\/div>\n<h2><a class=\"link-titlu\" href=\"https:\/\/ziaruldevrancea.ro\/promo\/brand-voice\/lege-adoptata-in-senat-pentru-recunoasterea-vechimii-medicilor-din-garzi.-initiativa-sustinuta-de-senatorul-de-vrancea-catalin-graur\">Lege adoptat\u0103 \u00een Senat pentru recunoa\u0219terea vechimii medicilor din g\u0103rzi. Ini\u021biativa sus\u021binut\u0103 de senatorul de Vrancea, C\u0103t\u0103lin Graur<\/a><\/h2>\n<div class=\"date-post\"><a href=\"https:\/\/ziaruldevrancea.ro\/autor\/anca-vasiliu\">Anca Vasiliu<\/a>, 25 mar 2026  <\/div>\n<\/div>\n<div class=\"grup-articol-listing\">\n<div class=\"cont-pils\"><a href=\"https:\/\/ziaruldevrancea.ro\/special\/educatie\/simularea-bac-2026-nu-s-a-organizat-la-colegiul-national-unirea-focsani-explicatiile-oficiale-ale-conducerii-si-isj-vrancea\"><img decoding=\"async\" src=\"https:\/\/zdvi.cname.ro\/180_135\/special\/educatie\/simularea-bac-2026-nu-s-a-organizat-la-colegiul-national-unirea-focsani-explicatiile-oficiale-ale-conducerii-si-isj-vrancea\/mediaPool\/uABZXnj.jpg\" class=\"img-responsive img-180\" alt><\/a><\/div>\n<h2><a class=\"link-titlu\" href=\"https:\/\/ziaruldevrancea.ro\/special\/educatie\/simularea-bac-2026-nu-s-a-organizat-la-colegiul-national-unirea-focsani-explicatiile-oficiale-ale-conducerii-si-isj-vrancea\">Simularea BAC 2026 nu s-a organizat la Colegiul Na\u021bional \u201eUnirea\u201d Foc\u0219ani: explica\u021biile oficiale ale conducerii \u0219i I\u0218J Vrancea<\/a><\/h2>\n<div class=\"date-post\"><a href=\"https:\/\/ziaruldevrancea.ro\/autor\/anca-vasiliu\">Anca Vasiliu<\/a>, 24 mar 2026  <\/div>\n<\/div>\n<div class=\"grup-articol-listing\">\n<div class=\"cont-pils\"><a href=\"https:\/\/ziaruldevrancea.ro\/special\/educatie\/decizii-importante-pentru-profesorii-din-vrancea-isj-a-finalizat-completarile-de-norma-pentru-anul-scolar-2026-2027\"><img decoding=\"async\" src=\"https:\/\/zdvi.cname.ro\/180_135\/special\/educatie\/decizii-importante-pentru-profesorii-din-vrancea-isj-a-finalizat-completarile-de-norma-pentru-anul-scolar-2026-2027\/mediaPool\/usVGO72.jpg\" class=\"img-responsive img-180\" alt><\/a><\/div>\n<h2><a class=\"link-titlu\" href=\"https:\/\/ziaruldevrancea.ro\/special\/educatie\/decizii-importante-pentru-profesorii-din-vrancea-isj-a-finalizat-completarile-de-norma-pentru-anul-scolar-2026-2027\">Decizii importante pentru profesorii din Vrancea: I\u0218J a finalizat complet\u0103rile de norm\u0103 pentru anul \u0219colar 2026\u20132027<\/a><\/h2>\n<div class=\"date-post\"><a href=\"https:\/\/ziaruldevrancea.ro\/autor\/anca-vasiliu\">Anca Vasiliu<\/a>, 23 mar 2026  <\/div>\n<\/div>\n<\/div>\n<\/div>\n<\/div>\n<\/div>\n<div class=\"extra-articol listing-anunturi\">\n<h6>Anun\u021buri <span class=\"text-primary\">ZdV<\/span> Premium<\/h6>\n<div class=\"row\">\n<div class=\"col-lg-4 col-md-6 bloc-egal\"><a class=\"card-anunt\" href=\"https:\/\/ziaruldevrancea.ro\/anunturi\/httpswww.ziaruldevrancea.roanunturialtelediversevand-struguri-de-vin-toate-soiurile\/vand-scrumbii-dunare-superioare--capturi-galati\"><strong class=\"titlu\">VANZARI DIVERSE<\/strong><span class=\"text-anunt\">Scrumbii proaspete ( cantitati mici ) superioare ,&#8230;<\/span><span class=\"data-anunt\">19.03.2026 , Gala\u021bi , Gala\u021bi<\/span><\/a><\/div>\n<div class=\"col-lg-4 col-md-6 bloc-egal\"><a class=\"card-anunt\" href=\"https:\/\/ziaruldevrancea.ro\/anunturi\/httpswww.ziaruldevrancea.roanunturialtelediversevand-struguri-de-vin-toate-soiurile\/vand-pat-si-doua-chiuvete\"><strong class=\"titlu\">VANZARI DIVERSE<\/strong><span class=\"text-anunt\">V\u00e2nd pat o persoan\u0103, cu saltea (1500 lei),&#8230;<\/span><span class=\"data-anunt\">10.03.2026  <\/span><\/a><\/div>\n<div class=\"col-lg-4 col-md-6 bloc-egal\"><a class=\"card-anunt\" href=\"https:\/\/ziaruldevrancea.ro\/anunturi\/imobiliare\/vanzari-ap-3-camere\/vand-apartament-in-focsani\"><strong class=\"titlu\">V\u00e2nz\u0103ri ap 3 camere<\/strong><span class=\"text-anunt\">Vand apartament \u00een Foc\u0219ani 3 camere la&#8230;<\/span><span class=\"data-anunt\">04.03.2026  <\/span><\/a><\/div>\n<\/div>\n<\/div>\n<div class=\"bloc-widget widget-albastru\">\n    Ziarul de Vrancea \u00a0nu este responsabil juridic pentru con\u0163inutul textelor din comentariile de mai jos. Responsabilitatea pentru mesajele dumneavoastra v\u0103 revine \u00een exclusivitate.\n<\/div>\n<div class=\"comentarii-articol\" id=\"comentarii\">\n<h3>Comentarii: <span class=\"text-primary\">0<\/span><\/h3>\n<p><a href=\"https:\/\/ziaruldevrancea.ro\/special\/educatie\/targ-pentru-mamici-si-pitici-la-focsani-mall-biblioteca-judeteana-vrancea-aduce-lectura-mai-aproape-de-copii-si-parinti\" class=\"btn btn-success btn-adauga-com\" data-toggle=\"modal\" data-parent=\"0\" data-target=\"#commentModal\">Adaug\u0103 comentariu<\/a><\/p>\n<div class=\"loadMask comments-mask\"><img decoding=\"async\" src=\"https:\/\/zdvs.cname.ro\/images\/loader_40.gif\"><\/div>\n<div class=\"comenteaza-jos\">Trebuie s\u0103 fii <a href=\"https:\/\/ziaruldevrancea.ro\/account\">autentificat<\/a> pentru a putea <a href=\"https:\/\/ziaruldevrancea.ro\/special\/educatie\/targ-pentru-mamici-si-pitici-la-focsani-mall-biblioteca-judeteana-vrancea-aduce-lectura-mai-aproape-de-copii-si-parinti\" class data-toggle=\"modal\" data-parent=\"0\" data-target=\"#commentModal\">posta un comentariu<\/a>.<\/div>\n<\/div>\n<div class=\"modal fade\" id=\"commentModal\" role=\"dialog\" aria-labelledby=\"commentModalLabel\">\n<div class=\"modal-dialog modal-lg\" role=\"document\">\n<div class=\"modal-content\">\n<div class=\"modal-header\">\n<h3 class=\"modal-title\" id=\"commentModalLabel\">Comenteaz\u0103<\/h3>\n<\/div>\n<div class=\"modal-body\">\n<div class=\"tabel tabel-full\">\n<div class=\"celula\">\n              Trebuie s\u0103 fii <a href=\"https:\/\/ziaruldevrancea.ro\/account\">autentificat<\/a> pentru a putea posta un comentariu.\n            <\/div>\n<\/div>\n<\/div>\n<div class=\"modal-footer\">\n<div id=\"commentPending\" class=\"formPending pull-left\"><img decoding=\"async\" src=\"https:\/\/zdvs.cname.ro\/images\/loader_40.gif\"> In curs de procesare&#8230;<\/div>\n<p><a href=\"https:\/\/ziaruldevrancea.ro\/special\/educatie\/targ-pentru-mamici-si-pitici-la-focsani-mall-biblioteca-judeteana-vrancea-aduce-lectura-mai-aproape-de-copii-si-parinti\" class=\"btn btn-default\" data-dismiss=\"modal\">Anuleaz\u0103<\/a><\/div>\n<\/div>\n<\/div>\n<\/div>\n<div class=\"modal fade\" id=\"commentReportModal\" role=\"dialog\" aria-labelledby=\"commentReportModalLabel\">\n<div class=\"modal-dialog modal-lg\" role=\"document\">\n<div class=\"modal-content\">\n<div class=\"modal-header\">\n<h3 class=\"modal-title\" id=\"commentReportModalLabel\">Raporteaza comentariu<\/h3>\n<\/div>\n<div class=\"modal-body\">\n<div class=\"tabel tabel-full\">\n<div class=\"celula\">\n              Trebuie s\u0103 fii <a href=\"https:\/\/ziaruldevrancea.ro\/account\">autentificat<\/a> pentru a putea raporta un comentariu.\n            <\/div>\n<\/div>\n<\/div>\n<div class=\"modal-footer\">\n<div id=\"commentReportPending\" class=\"formPending pull-left\"><img decoding=\"async\" src=\"https:\/\/zdvs.cname.ro\/images\/loader_40.gif\"> In curs de procesare&#8230;<\/div>\n<p><a href=\"https:\/\/ziaruldevrancea.ro\/special\/educatie\/targ-pentru-mamici-si-pitici-la-focsani-mall-biblioteca-judeteana-vrancea-aduce-lectura-mai-aproape-de-copii-si-parinti\" class=\"btn btn-default\" data-dismiss=\"modal\">Anuleaz\u0103<\/a><\/div>\n<\/div>\n<\/div>\n<\/div>\n<div class=\"modal fade\" id=\"commentLikeModal\" role=\"dialog\" aria-labelledby=\"commentLikeModalLabel\">\n<div class=\"modal-dialog modal-lg\" role=\"document\">\n<div class=\"modal-content\">\n<div class=\"modal-header\">\n<h3 class=\"modal-title\" id=\"commentReportModalLabel\">Apreciaza comentariu<\/h3>\n<\/div>\n<div class=\"modal-body\">\n<div class=\"tabel tabel-full\">\n<div class=\"celula\">\n            Trebuie s\u0103 fii <a href=\"https:\/\/ziaruldevrancea.ro\/account\">autentificat<\/a> pentru a putea aprecia un comentariu.\n          <\/div>\n<\/div>\n<\/div>\n<div class=\"modal-footer\"><a href=\"https:\/\/ziaruldevrancea.ro\/special\/educatie\/targ-pentru-mamici-si-pitici-la-focsani-mall-biblioteca-judeteana-vrancea-aduce-lectura-mai-aproape-de-copii-si-parinti\" class=\"btn btn-default\" data-dismiss=\"modal\">Anuleaz\u0103<\/a><\/div>\n<\/div>\n<\/div>\n<\/div>\n<div class=\"bloc-widget widget-rosu\"><span><small>Ziarul de Vrancea doreste ca acest site sa fie un spatiu al discutiilor civilizate, al comentariilor de bun simt. Din acest motiv, cei care posteaza comentarii la articole trebuie sa respecte urmatoarele reguli:<br \/>\n1. Sa se refere doar la articolul la care posteaza comentarii.<br \/>\n2. Sa foloseasca un limbaj civilizat, fara injurii, calomnii, comentarii antisemite, xenofobe sau rasiste.<br \/>\n3. Sunt interzise atacurile la adresa autorilor, daca acestea nu au legatura cu textul.<br \/>\n4. Username-ul sa nu fie nume de personalitati ale vietii publice sau parodieri ale acestora.<br \/>\nAutorul unui articol poate fi criticat pentru eventuale greseli, incoerenta, lipsa de documentare etc.<br \/>\nNerespectarea regulilor mentionate mai sus va duce la stergerea comentariilor, fara avertisment si fara explicatii.<br \/>\nAbaterile repetate vor avea drept consecinta interdictia accesului la aceasta facilitate a site-ului.<\/small><\/span><\/div>\n<\/div>\n<p>[analyse_source url=&#8221;https:\/\/ziaruldevrancea.ro\/special\/educatie\/targ-pentru-mamici-si-pitici-la-focsani-mall-biblioteca-judeteana-vrancea-aduce-lectura-mai-aproape-de-copii-si-parinti&#8221;]<\/p>\n","protected":false},"excerpt":{"rendered":"<p>[analyse_image type=&#8221;featured&#8221; src=&#8221;https:\/\/zdvi.cname.ro\/_\/targ-pentru-mamici-si-pitici-la-focsani-mall-biblioteca-judeteana-vrancea-aduce-lectura-mai-aproape-de-copii-si-parinti\/mediaPool\/uZRuHSs.jpg&#8221;] Educa\u021bie T\u00e2rg pentru M\u0103mici \u0219i Pitici la Foc\u0219ani Mall: Biblioteca Jude\u021bean\u0103 Vrancea aduce lectura mai aproape de copii \u0219i p\u0103rin\u021bi Distribuie: \u00a0 | Anca Vasiliu 21 mar 2026490 vizualiz\u0103ri Weekend dedicat familiilor din Vrancea: activit\u0103\u021bi interactive, ateliere creative \u0219i standuri de carte, pe 21-22 martie 2026, la Foc\u0219ani Mall Foc\u0219aniul devine, \u00een [&hellip;]<\/p>\n","protected":false},"author":1,"featured_media":0,"comment_status":"open","ping_status":"","sticky":false,"template":"","format":"standard","meta":{"footnotes":""},"categories":[89],"tags":[226,208],"class_list":["post-1846182","post","type-post","status-publish","format-standard","hentry","category-romania","tag-crawlmanager","tag-ziaruldevrancea-ro"],"_links":{"self":[{"href":"https:\/\/analyse.optim.biz\/index.php?rest_route=\/wp\/v2\/posts\/1846182","targetHints":{"allow":["GET"]}}],"collection":[{"href":"https:\/\/analyse.optim.biz\/index.php?rest_route=\/wp\/v2\/posts"}],"about":[{"href":"https:\/\/analyse.optim.biz\/index.php?rest_route=\/wp\/v2\/types\/post"}],"author":[{"embeddable":true,"href":"https:\/\/analyse.optim.biz\/index.php?rest_route=\/wp\/v2\/users\/1"}],"replies":[{"embeddable":true,"href":"https:\/\/analyse.optim.biz\/index.php?rest_route=%2Fwp%2Fv2%2Fcomments&post=1846182"}],"version-history":[{"count":0,"href":"https:\/\/analyse.optim.biz\/index.php?rest_route=\/wp\/v2\/posts\/1846182\/revisions"}],"wp:attachment":[{"href":"https:\/\/analyse.optim.biz\/index.php?rest_route=%2Fwp%2Fv2%2Fmedia&parent=1846182"}],"wp:term":[{"taxonomy":"category","embeddable":true,"href":"https:\/\/analyse.optim.biz\/index.php?rest_route=%2Fwp%2Fv2%2Fcategories&post=1846182"},{"taxonomy":"post_tag","embeddable":true,"href":"https:\/\/analyse.optim.biz\/index.php?rest_route=%2Fwp%2Fv2%2Ftags&post=1846182"}],"curies":[{"name":"wp","href":"https:\/\/api.w.org\/{rel}","templated":true}]}}