{"id":184617,"date":"2015-03-20T15:55:35","date_gmt":"2015-03-20T12:55:35","guid":{"rendered":"https:\/\/analyse.optim.biz\/?p=184617"},"modified":"2015-03-20T15:55:35","modified_gmt":"2015-03-20T12:55:35","slug":"klaus-iohannis-si-a-intrerupt-de-doua-ori-discursul-la-bruxelles-din-cauza-unor-incidente","status":"publish","type":"post","link":"https:\/\/analyse.optim.biz\/?p=184617","title":{"rendered":"Klaus Iohannis \u015fi-a \u00eentrerupt de dou\u0103 ori discursul la Bruxelles din cauza unor incidente"},"content":{"rendered":"<div class=\"entry data-app-meta data-app-meta-article\" data-embed-base-url-canonical=\"https:\/\/www.digi24.ro\/embed\/stiri\/actualitate\/politica\/klaus-iohannis-si-a-intrerupt-de-doua-ori-discursul-la-bruxelles-din-cauza-unor-incidente-373170\">\n<p data-index=\"1\">\u00a0<img decoding=\"async\" src=\"https:\/\/analyse.optim.biz\/wp-content\/uploads\/2024\/09\/ad0zngviywy1ndi5zdzhzgq4ytzhmzzkmwuzmtq3ogezza-thumb_.jpg\" data-skip-htmlfix=\"1\" title=\"ad0zngviywy1ndi5zdzhzgq4ytzhmzzkmwuzmtq3ogezza-thumb_\"><\/p>\n<p data-index=\"2\">Pre\u015fedintele Iohannis \u015fi-a \u00eenceput discursul la conferin\u0163a de pres\u0103 sus\u0163inut\u0103 la Bruxelles la finalul Consiliului European, \u00eens\u0103 s-a oprit la scurt timp deoarece \u00een sala de pres\u0103 a pornit pe nea\u015fteptate un televizor al televiziunii cu circuit intern, din cadrul Consiliului European, potrivit Mediafax.<\/p>\n<p data-index=\"3\">\u015eeful statului \u015fi-a \u00eentrerupt discursul \u015fi a a\u015fteptat p\u00e2n\u0103 c\u00e2nd unul dintre membrii staff-ului preziden\u0163ial a reu\u015fit s\u0103 opreasc\u0103 televizorul, iar apoi \u015fi-a continuat conferin\u0163a.<\/p>\n<p data-index=\"4\">Klaus Iohannis \u015fi-a \u00eentrerupt discursul \u00een fa\u0163a a peste 20 de jurnali\u015fti pentru a doua oar\u0103, dup\u0103 ce unui ziarist aflat \u00een primul r\u00e2nd a \u00eenceput s\u0103-i sune telefonul.<\/p>\n<p data-index=\"5\">Dac\u0103 prima dat\u0103 Klaus Iohannis s-a enervat f\u0103c\u00e2nd o grimas\u0103, de aceast\u0103 dat\u0103 pre\u015fedintele a a\u015fteptat p\u00e2n\u0103 c\u00e2nd jurnalistul \u015fi-a scos telefonul din buzunar \u015fi l-a oprit, dup\u0103 care a continuat s\u0103 vorbeasc\u0103, schi\u0163\u00e2nd un z\u00e2mbet.<\/p>\n<p data-index=\"6\">Pre\u015fedintele Klaus Iohannis a participat, joi \u015fi vineri, la Bruxelles, la Consiliul European, reuniune \u00een cadrul c\u0103reia liderii statelor europene au dezb\u0103tut subiecte precum uniunea energetic\u0103, conflictul ucrainean \u015fi sanc\u0163iunile impuse Rusiei, dar \u015fi criza greceasc\u0103.<\/p>\n<\/div>\n<p> Source URL: https:\/\/www.digi24.ro\/stiri\/actualitate\/politica\/klaus-iohannis-si-a-intrerupt-de-doua-ori-discursul-la-bruxelles-din-cauza-unor-incidente-373170<\/p>\n","protected":false},"excerpt":{"rendered":"<p>\u00a0 Pre\u015fedintele Iohannis \u015fi-a \u00eenceput discursul la conferin\u0163a de pres\u0103 sus\u0163inut\u0103 la Bruxelles la finalul Consiliului European, \u00eens\u0103 s-a oprit la scurt timp deoarece \u00een sala de pres\u0103 a pornit pe nea\u015fteptate un televizor al televiziunii cu circuit intern, din cadrul Consiliului European, potrivit Mediafax. \u015eeful statului \u015fi-a \u00eentrerupt discursul \u015fi a a\u015fteptat p\u00e2n\u0103 c\u00e2nd [&hellip;]<\/p>\n","protected":false},"author":1,"featured_media":184618,"comment_status":"open","ping_status":"","sticky":false,"template":"","format":"standard","meta":{"footnotes":""},"categories":[2],"tags":[11],"class_list":["post-184617","post","type-post","status-publish","format-standard","has-post-thumbnail","hentry","category-politics","tag-digi24"],"_links":{"self":[{"href":"https:\/\/analyse.optim.biz\/index.php?rest_route=\/wp\/v2\/posts\/184617","targetHints":{"allow":["GET"]}}],"collection":[{"href":"https:\/\/analyse.optim.biz\/index.php?rest_route=\/wp\/v2\/posts"}],"about":[{"href":"https:\/\/analyse.optim.biz\/index.php?rest_route=\/wp\/v2\/types\/post"}],"author":[{"embeddable":true,"href":"https:\/\/analyse.optim.biz\/index.php?rest_route=\/wp\/v2\/users\/1"}],"replies":[{"embeddable":true,"href":"https:\/\/analyse.optim.biz\/index.php?rest_route=%2Fwp%2Fv2%2Fcomments&post=184617"}],"version-history":[{"count":0,"href":"https:\/\/analyse.optim.biz\/index.php?rest_route=\/wp\/v2\/posts\/184617\/revisions"}],"wp:featuredmedia":[{"embeddable":true,"href":"https:\/\/analyse.optim.biz\/index.php?rest_route=\/wp\/v2\/media\/184618"}],"wp:attachment":[{"href":"https:\/\/analyse.optim.biz\/index.php?rest_route=%2Fwp%2Fv2%2Fmedia&parent=184617"}],"wp:term":[{"taxonomy":"category","embeddable":true,"href":"https:\/\/analyse.optim.biz\/index.php?rest_route=%2Fwp%2Fv2%2Fcategories&post=184617"},{"taxonomy":"post_tag","embeddable":true,"href":"https:\/\/analyse.optim.biz\/index.php?rest_route=%2Fwp%2Fv2%2Ftags&post=184617"}],"curies":[{"name":"wp","href":"https:\/\/api.w.org\/{rel}","templated":true}]}}