{"id":1846067,"date":"2026-03-25T13:08:42","date_gmt":"2026-03-25T10:08:42","guid":{"rendered":"https:\/\/analyse.optim.biz\/?p=1846067"},"modified":"2026-03-25T13:08:42","modified_gmt":"2026-03-25T10:08:42","slug":"buzoianul-jean-visan-confirmat-oficial-la-carma-romsilva-mandat-de-director-general-pana-in-2029","status":"publish","type":"post","link":"https:\/\/analyse.optim.biz\/?p=1846067","title":{"rendered":"Buzoianul Jean Vi\u0219an, confirmat oficial la c\u00e2rma Romsilva. Mandat de director general p\u00e2n\u0103 \u00een 2029"},"content":{"rendered":"<p>[analyse_image type=&#8221;featured&#8221; src=&#8221;https:\/\/sansanews.ro\/wp-content\/uploads\/2026\/03\/jean-visan.jpghttps:\/\/sansanews.ro\/wp-content\/uploads\/2026\/03\/jean-visan.jpg&#8221;]<\/p>\n<div class=\"entry-content herald-entry-content\">\n<p>Dup\u0103 o<br \/>\nperioad\u0103 de interimat \u00een care a demonstrat c\u0103 poate gestiona regia care se<br \/>\nocup\u0103 de aurul verde al Rom\u00e2niei, inginerul silvic buzoian Jean Vi\u0219an a<br \/>\nc\u00e2\u0219tigat concursul pentru func\u021bia de director general al Romsilva. El a semnat<br \/>\ncontractul de mandat care \u00eei asigur\u0103 conducerea institu\u021biei pentru urm\u0103torii<br \/>\ntrei ani \u0219i jum\u0103tate.<\/p>\n<p>Jean Vi\u0219an nu este un nume nou la<br \/>\nv\u00e2rful Regiei Na\u021bionale a P\u0103durilor. Din august 2025, acesta a ocupat func\u021bia<br \/>\nde director general interimar, perioad\u0103 \u00een care a \u00eenceput implementarea unor<br \/>\nreforme structurale cerute de Ministerul Mediului. Acum, \u00een urma unei proceduri<br \/>\nde selec\u021bie desf\u0103\u0219urate sub regulile guvernan\u021bei corporative, Consiliul de<br \/>\nAdministra\u021bie l-a desemnat oficial c\u00e2\u0219tig\u0103tor, oferindu-i un mandat plin p\u00e2n\u0103 \u00een<br \/>\naugust 2029.<\/p>\n<p>Cu o experien\u021b\u0103 de peste 24 de ani<br \/>\n\u00een domeniu, Vi\u0219an \u0219i-a \u00eenceput cariera \u00een 2002, ca inginer la Ocolul Silvic<br \/>\nVintil\u0103 Vod\u0103. Parcursul s\u0103u profesional a continuat \u00een cadrul Direc\u021biei Silvice<br \/>\nBuz\u0103u, unde a fost responsabil de investi\u021bii, pentru ca din 2006 s\u0103 fac\u0103 pasul<br \/>\nc\u0103tre structura central\u0103 a Romsilva. Aici a ocupat, pe r\u00e2nd, func\u021bii de<br \/>\ninginer, \u0219ef de birou \u0219i director de departament, av\u00e2nd \u0219i un scurt mandat de<br \/>\ndirector plin la Buz\u0103u, \u00een a doua jum\u0103tate a anului 2020. <\/p>\n<p>Doctor \u00een silvicultur\u0103 \u0219i specialist<br \/>\nrecunoscut \u00een investi\u021bii \u0219i regenerarea p\u0103durilor, Vi\u0219an a urcat toate treptele<br \/>\nierarhice, devenind acum primul buzoian care conduce oficial destinul celor 3,1<br \/>\nmilioane de hectare de p\u0103dure ale statului rom\u00e2n dintr-o postur\u0103 de director<br \/>\nplin, confirmat prin concurs.<\/p>\n<p>Confirmarea sa pe post vine \u00eentr-un moment de cotitur\u0103 pentru Romsilva. Jean Vi\u0219an are sarcina de a finaliza una dintre cele mai mari reforme administrative din istoria institu\u021biei: reducerea num\u0103rului de direc\u021bii silvice de la 41 la doar 19. Pe l\u00e2ng\u0103 aceast\u0103 reorganizare, mandatul s\u0103u vizeaz\u0103, de asemenea, digitalizarea regiei \u0219i monitorizarea strict\u0103 a fondului forestier, combaterea t\u0103ierilor ilegale prin sisteme de supraveghere modern \u00a0\u0219i gestionarea celor 14.000 de angaja\u021bi \u00eentr-o structur\u0103 mai supl\u0103 \u0219i mai eficient\u0103.<\/p>\n<div class=\"meta-tags\"><span>Etichete<\/span><a href=\"https:\/\/sansanews.ro\/tag\/directia-silvica-buzau\/\" rel=\"tag\">direc\u021bia silvic\u0103 buz\u0103u<\/a><a href=\"https:\/\/sansanews.ro\/tag\/jean-visan\/\" rel=\"tag\">Jean Vi\u015fan<\/a><a href=\"https:\/\/sansanews.ro\/tag\/romsilva\/\" rel=\"tag\">romsilva<\/a><\/div>\n<div class=\"herald-share-content\">\n<div class=\"meks_ess rectangle no-labels outline\"><a class=\"meks_ess-item socicon-facebook\" data-url=\"http:\/\/www.facebook.com\/sharer\/sharer.php?u=https%3A%2F%2Fsansanews.ro%2Fbuzoianul-jean-visan-confirmat-oficial-la-carma-romsilva-mandat-de-director-general-pana-in-2029%2F&amp;t=Buzoianul%20Jean%20Vi%C8%99an%2C%20confirmat%20oficial%20la%20c%C3%A2rma%20Romsilva.%20Mandat%20de%20director%20general%20p%C3%A2n%C4%83%20%C3%AEn%202029\"><span>Facebook<\/span><\/a><a href=\"https:\/\/api.whatsapp.com\/send?text=Buzoianul%20Jean%20Vi%C8%99an%2C%20confirmat%20oficial%20la%20c%C3%A2rma%20Romsilva.%20Mandat%20de%20director%20general%20p%C3%A2n%C4%83%20%C3%AEn%202029%20https%3A%2F%2Fsansanews.ro%2Fbuzoianul-jean-visan-confirmat-oficial-la-carma-romsilva-mandat-de-director-general-pana-in-2029%2F\" class=\"meks_ess-item socicon-whatsapp prevent-share-popup\"><span>WhatsApp<\/span><\/a><a class=\"meks_ess-item socicon-twitter\" data-url=\"http:\/\/twitter.com\/intent\/tweet?url=https%3A%2F%2Fsansanews.ro%2Fbuzoianul-jean-visan-confirmat-oficial-la-carma-romsilva-mandat-de-director-general-pana-in-2029%2F&amp;text=Buzoianul%20Jean%20Vi%C8%99an%2C%20confirmat%20oficial%20la%20c%C3%A2rma%20Romsilva.%20Mandat%20de%20director%20general%20p%C3%A2n%C4%83%20%C3%AEn%202029\"><span>Twitter<\/span><\/a><a class=\"meks_ess-item socicon-pinterest\" data-url=\"http:\/\/pinterest.com\/pin\/create\/button\/?url=https%3A%2F%2Fsansanews.ro%2Fbuzoianul-jean-visan-confirmat-oficial-la-carma-romsilva-mandat-de-director-general-pana-in-2029%2F&amp;media=https%3A%2F%2Fsansanews.ro%2Fwp-content%2Fuploads%2F2026%2F03%2Fjean-visan.jpg&amp;description=Buzoianul%20Jean%20Vi%C8%99an%2C%20confirmat%20oficial%20la%20c%C3%A2rma%20Romsilva.%20Mandat%20de%20director%20general%20p%C3%A2n%C4%83%20%C3%AEn%202029\"><span>Pinterest<\/span><\/a><\/div>\n<\/div>\n<\/div>\n<div class=\"entry-content herald-entry-content\">\n<p>Dup\u0103 o<br \/>\nperioad\u0103 de interimat \u00een care a demonstrat c\u0103 poate gestiona regia care se<br \/>\nocup\u0103 de aurul verde al Rom\u00e2niei, inginerul silvic buzoian Jean Vi\u0219an a<br \/>\nc\u00e2\u0219tigat concursul pentru func\u021bia de director general al Romsilva. El a semnat<br \/>\ncontractul de mandat care \u00eei asigur\u0103 conducerea institu\u021biei pentru urm\u0103torii<br \/>\ntrei ani \u0219i jum\u0103tate.<\/p>\n<p>Jean Vi\u0219an nu este un nume nou la<br \/>\nv\u00e2rful Regiei Na\u021bionale a P\u0103durilor. Din august 2025, acesta a ocupat func\u021bia<br \/>\nde director general interimar, perioad\u0103 \u00een care a \u00eenceput implementarea unor<br \/>\nreforme structurale cerute de Ministerul Mediului. Acum, \u00een urma unei proceduri<br \/>\nde selec\u021bie desf\u0103\u0219urate sub regulile guvernan\u021bei corporative, Consiliul de<br \/>\nAdministra\u021bie l-a desemnat oficial c\u00e2\u0219tig\u0103tor, oferindu-i un mandat plin p\u00e2n\u0103 \u00een<br \/>\naugust 2029.<\/p>\n<p>Cu o experien\u021b\u0103 de peste 24 de ani<br \/>\n\u00een domeniu, Vi\u0219an \u0219i-a \u00eenceput cariera \u00een 2002, ca inginer la Ocolul Silvic<br \/>\nVintil\u0103 Vod\u0103. Parcursul s\u0103u profesional a continuat \u00een cadrul Direc\u021biei Silvice<br \/>\nBuz\u0103u, unde a fost responsabil de investi\u021bii, pentru ca din 2006 s\u0103 fac\u0103 pasul<br \/>\nc\u0103tre structura central\u0103 a Romsilva. Aici a ocupat, pe r\u00e2nd, func\u021bii de<br \/>\ninginer, \u0219ef de birou \u0219i director de departament, av\u00e2nd \u0219i un scurt mandat de<br \/>\ndirector plin la Buz\u0103u, \u00een a doua jum\u0103tate a anului 2020. <\/p>\n<p>Doctor \u00een silvicultur\u0103 \u0219i specialist<br \/>\nrecunoscut \u00een investi\u021bii \u0219i regenerarea p\u0103durilor, Vi\u0219an a urcat toate treptele<br \/>\nierarhice, devenind acum primul buzoian care conduce oficial destinul celor 3,1<br \/>\nmilioane de hectare de p\u0103dure ale statului rom\u00e2n dintr-o postur\u0103 de director<br \/>\nplin, confirmat prin concurs.<\/p>\n<p>Confirmarea sa pe post vine \u00eentr-un moment de cotitur\u0103 pentru Romsilva. Jean Vi\u0219an are sarcina de a finaliza una dintre cele mai mari reforme administrative din istoria institu\u021biei: reducerea num\u0103rului de direc\u021bii silvice de la 41 la doar 19. Pe l\u00e2ng\u0103 aceast\u0103 reorganizare, mandatul s\u0103u vizeaz\u0103, de asemenea, digitalizarea regiei \u0219i monitorizarea strict\u0103 a fondului forestier, combaterea t\u0103ierilor ilegale prin sisteme de supraveghere modern \u00a0\u0219i gestionarea celor 14.000 de angaja\u021bi \u00eentr-o structur\u0103 mai supl\u0103 \u0219i mai eficient\u0103.<\/p>\n<div class=\"meta-tags\"><span>Etichete<\/span><a href=\"https:\/\/sansanews.ro\/tag\/directia-silvica-buzau\/\" rel=\"tag\">direc\u021bia silvic\u0103 buz\u0103u<\/a><a href=\"https:\/\/sansanews.ro\/tag\/jean-visan\/\" rel=\"tag\">Jean Vi\u015fan<\/a><a href=\"https:\/\/sansanews.ro\/tag\/romsilva\/\" rel=\"tag\">romsilva<\/a><\/div>\n<div class=\"herald-share-content\">\n<div class=\"meks_ess rectangle no-labels outline\"><a class=\"meks_ess-item socicon-facebook\" data-url=\"http:\/\/www.facebook.com\/sharer\/sharer.php?u=https%3A%2F%2Fsansanews.ro%2Fbuzoianul-jean-visan-confirmat-oficial-la-carma-romsilva-mandat-de-director-general-pana-in-2029%2F&amp;t=Buzoianul%20Jean%20Vi%C8%99an%2C%20confirmat%20oficial%20la%20c%C3%A2rma%20Romsilva.%20Mandat%20de%20director%20general%20p%C3%A2n%C4%83%20%C3%AEn%202029\"><span>Facebook<\/span><\/a><a href=\"https:\/\/api.whatsapp.com\/send?text=Buzoianul%20Jean%20Vi%C8%99an%2C%20confirmat%20oficial%20la%20c%C3%A2rma%20Romsilva.%20Mandat%20de%20director%20general%20p%C3%A2n%C4%83%20%C3%AEn%202029%20https%3A%2F%2Fsansanews.ro%2Fbuzoianul-jean-visan-confirmat-oficial-la-carma-romsilva-mandat-de-director-general-pana-in-2029%2F\" class=\"meks_ess-item socicon-whatsapp prevent-share-popup\"><span>WhatsApp<\/span><\/a><a class=\"meks_ess-item socicon-twitter\" data-url=\"http:\/\/twitter.com\/intent\/tweet?url=https%3A%2F%2Fsansanews.ro%2Fbuzoianul-jean-visan-confirmat-oficial-la-carma-romsilva-mandat-de-director-general-pana-in-2029%2F&amp;text=Buzoianul%20Jean%20Vi%C8%99an%2C%20confirmat%20oficial%20la%20c%C3%A2rma%20Romsilva.%20Mandat%20de%20director%20general%20p%C3%A2n%C4%83%20%C3%AEn%202029\"><span>Twitter<\/span><\/a><a class=\"meks_ess-item socicon-pinterest\" data-url=\"http:\/\/pinterest.com\/pin\/create\/button\/?url=https%3A%2F%2Fsansanews.ro%2Fbuzoianul-jean-visan-confirmat-oficial-la-carma-romsilva-mandat-de-director-general-pana-in-2029%2F&amp;media=https%3A%2F%2Fsansanews.ro%2Fwp-content%2Fuploads%2F2026%2F03%2Fjean-visan.jpg&amp;description=Buzoianul%20Jean%20Vi%C8%99an%2C%20confirmat%20oficial%20la%20c%C3%A2rma%20Romsilva.%20Mandat%20de%20director%20general%20p%C3%A2n%C4%83%20%C3%AEn%202029\"><span>Pinterest<\/span><\/a><\/div>\n<\/div>\n<\/div>\n<p>[analyse_source url=&#8221;https:\/\/sansanews.ro\/buzoianul-jean-visan-confirmat-oficial-la-carma-romsilva-mandat-de-director-general-pana-in-2029\/&#8221;]<\/p>\n","protected":false},"excerpt":{"rendered":"<p>[analyse_image type=&#8221;featured&#8221; src=&#8221;https:\/\/sansanews.ro\/wp-content\/uploads\/2026\/03\/jean-visan.jpghttps:\/\/sansanews.ro\/wp-content\/uploads\/2026\/03\/jean-visan.jpg&#8221;] Dup\u0103 o perioad\u0103 de interimat \u00een care a demonstrat c\u0103 poate gestiona regia care se ocup\u0103 de aurul verde al Rom\u00e2niei, inginerul silvic buzoian Jean Vi\u0219an a c\u00e2\u0219tigat concursul pentru func\u021bia de director general al Romsilva. El a semnat contractul de mandat care \u00eei asigur\u0103 conducerea institu\u021biei pentru urm\u0103torii trei ani \u0219i [&hellip;]<\/p>\n","protected":false},"author":1,"featured_media":0,"comment_status":"open","ping_status":"","sticky":false,"template":"","format":"standard","meta":{"footnotes":""},"categories":[2],"tags":[226,51],"class_list":["post-1846067","post","type-post","status-publish","format-standard","hentry","category-politics","tag-crawlmanager","tag-sansanews-ro"],"_links":{"self":[{"href":"https:\/\/analyse.optim.biz\/index.php?rest_route=\/wp\/v2\/posts\/1846067","targetHints":{"allow":["GET"]}}],"collection":[{"href":"https:\/\/analyse.optim.biz\/index.php?rest_route=\/wp\/v2\/posts"}],"about":[{"href":"https:\/\/analyse.optim.biz\/index.php?rest_route=\/wp\/v2\/types\/post"}],"author":[{"embeddable":true,"href":"https:\/\/analyse.optim.biz\/index.php?rest_route=\/wp\/v2\/users\/1"}],"replies":[{"embeddable":true,"href":"https:\/\/analyse.optim.biz\/index.php?rest_route=%2Fwp%2Fv2%2Fcomments&post=1846067"}],"version-history":[{"count":0,"href":"https:\/\/analyse.optim.biz\/index.php?rest_route=\/wp\/v2\/posts\/1846067\/revisions"}],"wp:attachment":[{"href":"https:\/\/analyse.optim.biz\/index.php?rest_route=%2Fwp%2Fv2%2Fmedia&parent=1846067"}],"wp:term":[{"taxonomy":"category","embeddable":true,"href":"https:\/\/analyse.optim.biz\/index.php?rest_route=%2Fwp%2Fv2%2Fcategories&post=1846067"},{"taxonomy":"post_tag","embeddable":true,"href":"https:\/\/analyse.optim.biz\/index.php?rest_route=%2Fwp%2Fv2%2Ftags&post=1846067"}],"curies":[{"name":"wp","href":"https:\/\/api.w.org\/{rel}","templated":true}]}}