{"id":1845996,"date":"2026-03-25T11:14:10","date_gmt":"2026-03-25T08:14:10","guid":{"rendered":"https:\/\/analyse.optim.biz\/?p=1845996"},"modified":"2026-03-25T11:14:10","modified_gmt":"2026-03-25T08:14:10","slug":"consiliul-local-ramnicu-sarat-convocat-in-sedinta-ordinara-pe-31-martie-2026","status":"publish","type":"post","link":"https:\/\/analyse.optim.biz\/?p=1845996","title":{"rendered":"Consiliul Local R\u00e2mnicu S\u0103rat convocat \u00een \u015fedin\u0163\u0103 ordinar\u0103 pe 31 martie 2026"},"content":{"rendered":"<p>[analyse_image type=&#8221;featured&#8221; src=&#8221;https:\/\/www.buzau.net\/stiri-din-buzau\/wp-content\/uploads\/2024\/11\/Primaria-Rm.-Sarat.jpg&#8221;]<\/p>\n<div id=\"mvp-content-main\" class=\"left relative\">\n<p>Prim\u0103ria Municipiului R\u00e2mnicu S\u0103rat a emis dispozi\u021bia de convocare a Consiliului Local \u00een \u0219edin\u021b\u0103 ordinar\u0103 pentru data de 31 martie 2026, ora 15:00, care va avea loc \u00een Sala de \u0219edin\u021be a Prim\u0103riei, strada Nicolae B\u0103lcescu nr. 1. \u00cen document se precizeaz\u0103 c\u0103 participarea consilierilor locali va fi fizic\u0103, iar proiectul ordinii de zi este anexat dispozi\u021biei \u0219i va fi f\u0103cut public prin afi\u0219are pe site-ul prim\u0103riei (primariermsarat.ro) \u0219i la avizierul institu\u021biei.<\/p>\n<p>Consilierii locali pot prelua materialele \u00een format electronic (CD) contra semn\u0103turii sau le pot desc\u0103rca de pe pagina de internet a unit\u0103\u021bii, iar membrii Consiliului sunt invita\u021bi s\u0103 formuleze \u0219i s\u0103 depun\u0103 eventuale amendamente la proiectele de hot\u0103r\u00e2re incluse pe ordinea de zi. Secretarul general al municipiului va asigura comunicarea dispozi\u021biei autorit\u0103\u021bilor \u0219i persoanelor interesate, \u00een conformitate cu prevederile legale.<\/p>\n<p>Pe ordinea de zi figureaz\u0103 11 puncte principale, \u00eentre care se num\u0103r\u0103 aprobarea raportului primarului privind gestionarea bunurilor UAT pe anul 2025 \u0219i actualizarea Regulamentului de organizare \u0219i desf\u0103\u0219urare a evalu\u0103rii activit\u0103\u021bii managerului Spitalului Municipal R\u00e2mnicu S\u0103rat. Tot legate de spital sunt \u0219i proiectele privind numirea comisiei de evaluare anual\u0103 a activit\u0103\u021bii managerului pentru anul 2025 \u0219i a comisiei pentru solu\u021bionarea contesta\u021biilor.<\/p>\n<p>Alte proiecte propuse spre aprobare vizeaz\u0103 primirea, ca membri asocia\u021bi, a unor comune \u00een cadrul Asocia\u021biei de Dezvoltare Intercomunitar\u0103 a Transportului Public din R\u00e2mnicu S\u0103rat (ATRAS), repartizarea unui spa\u021biu cu destina\u021bia sediu de partid c\u0103tre Organiza\u021bia Municipal\u0103 Ramnicu S\u0103rat a Partidului Alian\u021ba pentru Unirea Rom\u00e2nilor, precum \u0219i aprobarea listei solicitan\u021bilor pentru locuin\u021bele pentru tineri destinate \u00eenchirierii, \u00een ordinea de prioritate.<\/p>\n<p>Pe ordinea de zi se reg\u0103sesc \u0219i propuneri privind modificarea tarifelor serviciului public de salubrizare, aprobarea unui Plan Urbanistic Zonal \u0219i a regulamentului local de urbanism pentru \u00eenfiin\u021bare\/dezvoltare spa\u021bii verzi pe strada Avram Iancu nr. 9 (nr. cadastral 37078), precum \u0219i actualizarea indicatorilor tehnico-economici pentru proiectul de modernizare a transportului public prin achizi\u021bia de autobuze electrice \u0219i extinderea e-ticketing, \u00een baza contractului de finan\u021bare \u00eencheiat cu ADR Sud-Est.<\/p>\n<p>Un alt punct important vizeaz\u0103 aprobarea \u00eenfiin\u021b\u0103rii Organiza\u021biei de Management al Destina\u021biei Jude\u021bul Buz\u0103u (OMD) \u0219i participarea Municipiului R\u00e2mnicu S\u0103rat, prin Consiliul Local, ca membru fondator. La finalul ordinii de zi sunt incluse \u0219i materiale privind activitatea curent\u0103: raport asupra peti\u021biilor primite \u00een perioada 14.01.2026\u201317.03.2026, convocatorul \u0219i materialele AGA ADI \u201eBuz\u0103u 2008\u201d din 24.02.2026 \u0219i o informare \u00een prim\u0103 lectur\u0103 asupra Regulamentului pentru stabilirea condi\u021biilor de acces pe proprietatea municipiului de c\u0103tre operatorii de re\u021bele de comunica\u021bii electronice.<\/p>\n<div class=\"heateor_sss_sharing_container heateor_sss_horizontal_sharing\" data-heateor-sss-href=\"https:\/\/www.buzau.net\/stiri-din-buzau\/consiliul-local-ramnicu-sarat-convocat-in-sedinta-ordinara-pe-31-martie-2026\/\">\n<div class=\"heateor_sss_sharing_title\">DISTRIBUIE ACEST ARTICOL<\/div>\n<\/div>\n<\/div>\n<p>[analyse_source url=&#8221;https:\/\/www.buzau.net\/stiri-din-buzau\/consiliul-local-ramnicu-sarat-convocat-in-sedinta-ordinara-pe-31-martie-2026\/&#8221;]<\/p>\n","protected":false},"excerpt":{"rendered":"<p>[analyse_image type=&#8221;featured&#8221; src=&#8221;https:\/\/www.buzau.net\/stiri-din-buzau\/wp-content\/uploads\/2024\/11\/Primaria-Rm.-Sarat.jpg&#8221;] Prim\u0103ria Municipiului R\u00e2mnicu S\u0103rat a emis dispozi\u021bia de convocare a Consiliului Local \u00een \u0219edin\u021b\u0103 ordinar\u0103 pentru data de 31 martie 2026, ora 15:00, care va avea loc \u00een Sala de \u0219edin\u021be a Prim\u0103riei, strada Nicolae B\u0103lcescu nr. 1. \u00cen document se precizeaz\u0103 c\u0103 participarea consilierilor locali va fi fizic\u0103, iar proiectul ordinii [&hellip;]<\/p>\n","protected":false},"author":1,"featured_media":0,"comment_status":"open","ping_status":"","sticky":false,"template":"","format":"standard","meta":{"footnotes":""},"categories":[2],"tags":[113,226],"class_list":["post-1845996","post","type-post","status-publish","format-standard","hentry","category-politics","tag-buzau-net","tag-crawlmanager"],"_links":{"self":[{"href":"https:\/\/analyse.optim.biz\/index.php?rest_route=\/wp\/v2\/posts\/1845996","targetHints":{"allow":["GET"]}}],"collection":[{"href":"https:\/\/analyse.optim.biz\/index.php?rest_route=\/wp\/v2\/posts"}],"about":[{"href":"https:\/\/analyse.optim.biz\/index.php?rest_route=\/wp\/v2\/types\/post"}],"author":[{"embeddable":true,"href":"https:\/\/analyse.optim.biz\/index.php?rest_route=\/wp\/v2\/users\/1"}],"replies":[{"embeddable":true,"href":"https:\/\/analyse.optim.biz\/index.php?rest_route=%2Fwp%2Fv2%2Fcomments&post=1845996"}],"version-history":[{"count":0,"href":"https:\/\/analyse.optim.biz\/index.php?rest_route=\/wp\/v2\/posts\/1845996\/revisions"}],"wp:attachment":[{"href":"https:\/\/analyse.optim.biz\/index.php?rest_route=%2Fwp%2Fv2%2Fmedia&parent=1845996"}],"wp:term":[{"taxonomy":"category","embeddable":true,"href":"https:\/\/analyse.optim.biz\/index.php?rest_route=%2Fwp%2Fv2%2Fcategories&post=1845996"},{"taxonomy":"post_tag","embeddable":true,"href":"https:\/\/analyse.optim.biz\/index.php?rest_route=%2Fwp%2Fv2%2Ftags&post=1845996"}],"curies":[{"name":"wp","href":"https:\/\/api.w.org\/{rel}","templated":true}]}}