{"id":1845866,"date":"2026-03-25T12:55:32","date_gmt":"2026-03-25T09:55:32","guid":{"rendered":"https:\/\/analyse.optim.biz\/?p=1845866"},"modified":"2026-03-25T12:55:32","modified_gmt":"2026-03-25T09:55:32","slug":"primaria-mihail-kogalniceanu-infiinteaza-un-parc-fotovoltaic-in-localitatea-randunica","status":"publish","type":"post","link":"https:\/\/analyse.optim.biz\/?p=1845866","title":{"rendered":"Prim\u0103ria Mihail Kog\u0103lniceanu \u00eenfiin\u021beaz\u0103 un parc fotovoltaic \u00een localitatea R\u00e2ndunica"},"content":{"rendered":"<p>[analyse_image type=&#8221;featured&#8221; src=&#8221;https:\/\/dobrogeanews.b-cdn.net\/wp-content\/uploads\/2024\/04\/parc-fotovoltaic.jpg&#8221;]<\/p>\n<div id=\"post-69395\" class=\"entry single-default post-69395 post type-post status-publish format-standard has-post-thumbnail hentry category-info tag-mihail-kogalniceanu tag-parc-fotovoltaic tag-randunica\">\n<div>\n<div class=\"ss-follow-wrapper ss-clearfix ss-regular-buttons ss-columns-1 ss-default-style\">\n<div class=\"ss-follow-column\" data-ss-sf-network-id='\"facebook\"'><a href=\"https:\/\/www.facebook.com\/dobrogeanews\" class=\"ss-follow-network ss-facebook-color\" rel=\"nofollow noopener\" aria-label=\"facebook\" target=\"_blank\"><span class=\"ss-follow-network-label\">Urm\u0103re\u015fte-ne \u015fi pe Facebook!<\/span><span class=\"ss-follow-network-count\"><span class=\"ss-follow-network-count-number\">57K<\/span><span class=\"ss-follow-network-count-label\">Followers<\/span><\/span><\/a><\/div>\n<\/div>\n<\/div>\n<p>P\u00e2n\u0103 la sf\u00e2r\u0219itul acestui an, Prim\u0103ria Mihail Kog\u0103lniceanu \u00eenfiin\u021beaz\u0103 un  parc fotovoltaic \u00een localitatea R\u00e2ndunica. Proiectul se afl\u0103 \u00een implementare, contractul a fost semnat, finan\u021barea este asigurat\u0103 prin Programul Fondul pentru Modernizare.<\/p>\n<figure class=\"wp-block-image size-full is-resized\">\n<source type=\"image\/webp\" data-lazy-srcset=\"https:\/\/dobrogeanews.b-cdn.net\/wp-content\/uploads\/2024\/04\/parc-fotovoltaic.jpg.webp 2560w, https:\/\/dobrogeanews.b-cdn.net\/wp-content\/uploads\/2024\/04\/parc-fotovoltaic-300x193.jpg.webp 300w, https:\/\/dobrogeanews.b-cdn.net\/wp-content\/uploads\/2024\/04\/parc-fotovoltaic-1024x658.jpg.webp 1024w, https:\/\/dobrogeanews.b-cdn.net\/wp-content\/uploads\/2024\/04\/parc-fotovoltaic-768x494.jpg.webp 768w, https:\/\/dobrogeanews.b-cdn.net\/wp-content\/uploads\/2024\/04\/parc-fotovoltaic-1536x988.jpg.webp 1536w, https:\/\/dobrogeanews.b-cdn.net\/wp-content\/uploads\/2024\/04\/parc-fotovoltaic-2048x1317.jpg.webp 2048w\" sizes=\"(max-width: 640px) 100vw, 640px\" \/><br \/>\n<img loading=\"lazy\" decoding=\"async\" src=\"https:\/\/dobrogeanews.b-cdn.net\/wp-content\/uploads\/2024\/04\/parc-fotovoltaic.jpg\" alt=\"Babadag parc fotovoltaic\" width=\"640\" height=\"412\"><\/figure>\n<p>Valoarea total\u0103 a proiectului este de 3.430.452,04 RON TVA inclus, valoarea<br \/>nerambursabil\u0103 finan\u021bat\u0103 din Fondul pentru Modernizare este de 100% din cheltuielile eligibile, respectiv 2.555.802,04 RON (TVA inclus), valoarea asigurat\u0103 de beneficiar este de 874.650,01 RON (TVA inclus).<\/p>\n<p>Noua unitate de de productie a energiei din surse regenerabile pentru consum propriu (cca. 0,38MW) se construie\u0219te pe un teren care apar\u021bine Prim\u0103riei Mihail Kog\u0103lniceanu \u0219i are drept termen de finalizare finalul anului \u00een curs. <\/p>\n<p>Sprijinirea investi\u0163iilor \u00een noi capacit\u0103\u0163i de producere a energiei electrice produs\u0103 din surse regenerabile pentru autoconsum pentru entit\u0103\u021bi publice, gestionat de c\u0103tre Ministerul Energiei, vizeaz\u0103 promovarea investi\u0163iilor \u00een sectorul de energie curat\u0103 \u015fi eficien\u0163\u0103 energetic\u0103, sunt \u021binte stabilite \u00een cadrul Planului Na\u021bional Integrat \u00een domeniul Energiei \u0219i Schimb\u0103rilor Climatice (PNIESC). <\/p>\n<div class=\"monsterinsights-inline-popular-posts monsterinsights-inline-popular-posts-charlie monsterinsights-popular-posts-styled\">\n<div class=\"monsterinsights-inline-popular-posts-text\"><span class=\"monsterinsights-inline-popular-posts-label\">Vezi \u0219i:<\/span><\/p>\n<div class=\"monsterinsights-inline-popular-posts-post\"><a class=\"monsterinsights-inline-popular-posts-title\" href=\"https:\/\/www.dobrogeanews.ro\/dr-laurentiu-ivanof-fiti-atenti-la-taceri-la-retrageri-la-schimbari-subtile-uneori-cei-care-au-cea-mai-mare-nevoie-de-ajutor-sunt-cei-care-cer-cel-mai-putin\/\">Dr. Lauren\u021biu Ivanof: Fi\u021bi aten\u021bi la t\u0103ceri. La retrageri. La schimb\u0103ri subtile. Uneori, cei care au cea mai mare nevoie de ajutor sunt cei care cer cel mai pu\u021bin.<\/a><\/div>\n<div class=\"monsterinsights-inline-popular-posts-post\"><a class=\"monsterinsights-inline-popular-posts-title\" href=\"https:\/\/www.dobrogeanews.ro\/la-babadag-eleviii-continua-sa-primeasca-pachetele-alimentare-prin-programul-national-masa-sanatoasa\/\">La Babadag, elevii continu\u0103 s\u0103 primeasc\u0103 pachetele alimentare prin Programul Na\u021bional \u201eMas\u0103 s\u0103n\u0103toas\u0103\u201d<\/a><\/div>\n<div class=\"monsterinsights-inline-popular-posts-post\"><a class=\"monsterinsights-inline-popular-posts-title\" href=\"https:\/\/www.dobrogeanews.ro\/cine-este-fata-de-18-ani-care-s-a-sinucis-la-tulcea-soapte-intre-lumi\/\">Cine este fata de 18 ani care s-a sinucis la Tulcea. \u0218oapte \u00eentre lumi \u2026<\/a><\/div>\n<\/div>\n<\/div>\n<p class=\"has-text-align-center has-white-color has-text-color has-background\"><span><a href=\"https:\/\/news.google.com\/publications\/CAAqBwgKMIu5pgsw88O-Aw?ceid=RO:ro&amp;oc=3\">Urm\u0103ri\u0163i \u015etirile Dobrogeanews \u015fi pe Google News<\/a><\/span><\/p>\n<\/div>\n<div id=\"post-69395\" class=\"entry single-default post-69395 post type-post status-publish format-standard has-post-thumbnail hentry category-info tag-mihail-kogalniceanu tag-parc-fotovoltaic tag-randunica\">\n<div>\n<div class=\"ss-follow-wrapper ss-clearfix ss-regular-buttons ss-columns-1 ss-default-style\">\n<div class=\"ss-follow-column\" data-ss-sf-network-id='\"facebook\"'><a href=\"https:\/\/www.facebook.com\/dobrogeanews\" class=\"ss-follow-network ss-facebook-color\" rel=\"nofollow noopener\" aria-label=\"facebook\" target=\"_blank\"><span class=\"ss-follow-network-label\">Urm\u0103re\u015fte-ne \u015fi pe Facebook!<\/span><span class=\"ss-follow-network-count\"><span class=\"ss-follow-network-count-number\">57K<\/span><span class=\"ss-follow-network-count-label\">Followers<\/span><\/span><\/a><\/div>\n<\/div>\n<\/div>\n<p>P\u00e2n\u0103 la sf\u00e2r\u0219itul acestui an, Prim\u0103ria Mihail Kog\u0103lniceanu \u00eenfiin\u021beaz\u0103 un  parc fotovoltaic \u00een localitatea R\u00e2ndunica. Proiectul se afl\u0103 \u00een implementare, contractul a fost semnat, finan\u021barea este asigurat\u0103 prin Programul Fondul pentru Modernizare.<\/p>\n<figure class=\"wp-block-image size-full is-resized\">\n<source type=\"image\/webp\" data-lazy-srcset=\"https:\/\/dobrogeanews.b-cdn.net\/wp-content\/uploads\/2024\/04\/parc-fotovoltaic.jpg.webp 2560w, https:\/\/dobrogeanews.b-cdn.net\/wp-content\/uploads\/2024\/04\/parc-fotovoltaic-300x193.jpg.webp 300w, https:\/\/dobrogeanews.b-cdn.net\/wp-content\/uploads\/2024\/04\/parc-fotovoltaic-1024x658.jpg.webp 1024w, https:\/\/dobrogeanews.b-cdn.net\/wp-content\/uploads\/2024\/04\/parc-fotovoltaic-768x494.jpg.webp 768w, https:\/\/dobrogeanews.b-cdn.net\/wp-content\/uploads\/2024\/04\/parc-fotovoltaic-1536x988.jpg.webp 1536w, https:\/\/dobrogeanews.b-cdn.net\/wp-content\/uploads\/2024\/04\/parc-fotovoltaic-2048x1317.jpg.webp 2048w\" sizes=\"(max-width: 640px) 100vw, 640px\" \/><br \/>\n<img loading=\"lazy\" decoding=\"async\" src=\"https:\/\/dobrogeanews.b-cdn.net\/wp-content\/uploads\/2024\/04\/parc-fotovoltaic.jpg\" alt=\"Babadag parc fotovoltaic\" width=\"640\" height=\"412\"><\/figure>\n<p>Valoarea total\u0103 a proiectului este de 3.430.452,04 RON TVA inclus, valoarea<br \/>nerambursabil\u0103 finan\u021bat\u0103 din Fondul pentru Modernizare este de 100% din cheltuielile eligibile, respectiv 2.555.802,04 RON (TVA inclus), valoarea asigurat\u0103 de beneficiar este de 874.650,01 RON (TVA inclus).<\/p>\n<p>Noua unitate de de productie a energiei din surse regenerabile pentru consum propriu (cca. 0,38MW) se construie\u0219te pe un teren care apar\u021bine Prim\u0103riei Mihail Kog\u0103lniceanu \u0219i are drept termen de finalizare finalul anului \u00een curs. <\/p>\n<p>Sprijinirea investi\u0163iilor \u00een noi capacit\u0103\u0163i de producere a energiei electrice produs\u0103 din surse regenerabile pentru autoconsum pentru entit\u0103\u021bi publice, gestionat de c\u0103tre Ministerul Energiei, vizeaz\u0103 promovarea investi\u0163iilor \u00een sectorul de energie curat\u0103 \u015fi eficien\u0163\u0103 energetic\u0103, sunt \u021binte stabilite \u00een cadrul Planului Na\u021bional Integrat \u00een domeniul Energiei \u0219i Schimb\u0103rilor Climatice (PNIESC). <\/p>\n<div class=\"monsterinsights-inline-popular-posts monsterinsights-inline-popular-posts-charlie monsterinsights-popular-posts-styled\">\n<div class=\"monsterinsights-inline-popular-posts-text\"><span class=\"monsterinsights-inline-popular-posts-label\">Vezi \u0219i:<\/span><\/p>\n<div class=\"monsterinsights-inline-popular-posts-post\"><a class=\"monsterinsights-inline-popular-posts-title\" href=\"https:\/\/www.dobrogeanews.ro\/dr-laurentiu-ivanof-fiti-atenti-la-taceri-la-retrageri-la-schimbari-subtile-uneori-cei-care-au-cea-mai-mare-nevoie-de-ajutor-sunt-cei-care-cer-cel-mai-putin\/\">Dr. Lauren\u021biu Ivanof: Fi\u021bi aten\u021bi la t\u0103ceri. La retrageri. La schimb\u0103ri subtile. Uneori, cei care au cea mai mare nevoie de ajutor sunt cei care cer cel mai pu\u021bin.<\/a><\/div>\n<div class=\"monsterinsights-inline-popular-posts-post\"><a class=\"monsterinsights-inline-popular-posts-title\" href=\"https:\/\/www.dobrogeanews.ro\/la-babadag-eleviii-continua-sa-primeasca-pachetele-alimentare-prin-programul-national-masa-sanatoasa\/\">La Babadag, elevii continu\u0103 s\u0103 primeasc\u0103 pachetele alimentare prin Programul Na\u021bional \u201eMas\u0103 s\u0103n\u0103toas\u0103\u201d<\/a><\/div>\n<div class=\"monsterinsights-inline-popular-posts-post\"><a class=\"monsterinsights-inline-popular-posts-title\" href=\"https:\/\/www.dobrogeanews.ro\/cine-este-fata-de-18-ani-care-s-a-sinucis-la-tulcea-soapte-intre-lumi\/\">Cine este fata de 18 ani care s-a sinucis la Tulcea. \u0218oapte \u00eentre lumi \u2026<\/a><\/div>\n<\/div>\n<\/div>\n<p class=\"has-text-align-center has-white-color has-text-color has-background\"><span><a href=\"https:\/\/news.google.com\/publications\/CAAqBwgKMIu5pgsw88O-Aw?ceid=RO:ro&amp;oc=3\">Urm\u0103ri\u0163i \u015etirile Dobrogeanews \u015fi pe Google News<\/a><\/span><\/p>\n<\/div>\n<p>[analyse_source url=&#8221;https:\/\/www.dobrogeanews.ro\/primaria-mihail-kogalniceanu-infiinteaza-un-parc-fotovoltaic-in-localitatea-randunica\/&#8221;]<\/p>\n","protected":false},"excerpt":{"rendered":"<p>[analyse_image type=&#8221;featured&#8221; src=&#8221;https:\/\/dobrogeanews.b-cdn.net\/wp-content\/uploads\/2024\/04\/parc-fotovoltaic.jpg&#8221;] Urm\u0103re\u015fte-ne \u015fi pe Facebook!57KFollowers P\u00e2n\u0103 la sf\u00e2r\u0219itul acestui an, Prim\u0103ria Mihail Kog\u0103lniceanu \u00eenfiin\u021beaz\u0103 un parc fotovoltaic \u00een localitatea R\u00e2ndunica. Proiectul se afl\u0103 \u00een implementare, contractul a fost semnat, finan\u021barea este asigurat\u0103 prin Programul Fondul pentru Modernizare. Valoarea total\u0103 a proiectului este de 3.430.452,04 RON TVA inclus, valoareanerambursabil\u0103 finan\u021bat\u0103 din Fondul pentru Modernizare [&hellip;]<\/p>\n","protected":false},"author":1,"featured_media":0,"comment_status":"open","ping_status":"","sticky":false,"template":"","format":"standard","meta":{"footnotes":""},"categories":[89],"tags":[226,223],"class_list":["post-1845866","post","type-post","status-publish","format-standard","hentry","category-romania","tag-crawlmanager","tag-dobrogeanews-ro"],"_links":{"self":[{"href":"https:\/\/analyse.optim.biz\/index.php?rest_route=\/wp\/v2\/posts\/1845866","targetHints":{"allow":["GET"]}}],"collection":[{"href":"https:\/\/analyse.optim.biz\/index.php?rest_route=\/wp\/v2\/posts"}],"about":[{"href":"https:\/\/analyse.optim.biz\/index.php?rest_route=\/wp\/v2\/types\/post"}],"author":[{"embeddable":true,"href":"https:\/\/analyse.optim.biz\/index.php?rest_route=\/wp\/v2\/users\/1"}],"replies":[{"embeddable":true,"href":"https:\/\/analyse.optim.biz\/index.php?rest_route=%2Fwp%2Fv2%2Fcomments&post=1845866"}],"version-history":[{"count":0,"href":"https:\/\/analyse.optim.biz\/index.php?rest_route=\/wp\/v2\/posts\/1845866\/revisions"}],"wp:attachment":[{"href":"https:\/\/analyse.optim.biz\/index.php?rest_route=%2Fwp%2Fv2%2Fmedia&parent=1845866"}],"wp:term":[{"taxonomy":"category","embeddable":true,"href":"https:\/\/analyse.optim.biz\/index.php?rest_route=%2Fwp%2Fv2%2Fcategories&post=1845866"},{"taxonomy":"post_tag","embeddable":true,"href":"https:\/\/analyse.optim.biz\/index.php?rest_route=%2Fwp%2Fv2%2Ftags&post=1845866"}],"curies":[{"name":"wp","href":"https:\/\/api.w.org\/{rel}","templated":true}]}}