{"id":1845813,"date":"2026-03-24T20:36:21","date_gmt":"2026-03-24T17:36:21","guid":{"rendered":"https:\/\/analyse.optim.biz\/?p=1845813"},"modified":"2026-03-24T20:36:21","modified_gmt":"2026-03-24T17:36:21","slug":"deficit-de-personal-la-jandarmerie","status":"publish","type":"post","link":"https:\/\/analyse.optim.biz\/?p=1845813","title":{"rendered":"Deficit de personal la Jandarmerie"},"content":{"rendered":"<p>[analyse_image type=&#8221;featured&#8221; src=&#8221;https:\/\/www.tvbuzau.ro\/wp-content\/uploads\/2026\/03\/sddefault-50.jpghttps:\/\/www.tvbuzau.ro\/wp-content\/uploads\/2026\/03\/sddefault-50.jpg&#8221;]<\/p>\n<div class=\"td-ss-main-content\">\n<article id=\"post-118495\" class=\"post-118495 post type-post status-publish format-video has-post-thumbnail hentry category-actualitate post_format-post-format-video\">\n<div class=\"td-post-header\">\n<ul class=\"td-category\">\n<li class=\"entry-category\"><a href=\"https:\/\/www.tvbuzau.ro\/category\/actualitate\/\">Actualitate<\/a><\/li>\n<\/ul>\n<header class=\"td-post-title\">\n<h1 class=\"entry-title\">Deficit de personal la Jandarmerie<\/h1>\n<div class=\"td-module-meta-info\">\n<div class=\"td-post-author-name\">De c\u0103tre <a href=\"https:\/\/www.tvbuzau.ro\/author\/mihai-vasilescu\/\">TV Buz\u0103u<\/a> &#8211; <\/div>\n<p><span class=\"td-post-date\"><time class=\"entry-date updated td-module-date\" datetime=\"2026-03-24T20:36:21+00:00\">martie 24, 2026<\/time><\/span><\/p>\n<div class=\"td-post-comments\"><a href=\"https:\/\/www.tvbuzau.ro\/deficit-de-personal-la-jandarmerie\/#respond\">0<\/a><\/div>\n<div class=\"td-post-views\"><span class=\"td-nr-views-118495\">15<\/span><\/div>\n<\/div>\n<\/header>\n<\/div>\n<div class=\"td-post-sharing td-post-sharing-top td-with-like\">\n<div class=\"td-default-sharing\"><a class=\"td-social-sharing-buttons td-social-facebook\" href=\"http:\/\/www.facebook.com\/sharer.php?u=https%3A%2F%2Fwww.tvbuzau.ro%2Fdeficit-de-personal-la-jandarmerie%2F\"><\/p>\n<div class=\"td-social-but-text\">Distribui\u021bi pe Facebook<\/div>\n<p><\/a><a class=\"td-social-sharing-buttons td-social-twitter\" href=\"https:\/\/twitter.com\/intent\/tweet?text=Deficit+de+personal+la+Jandarmerie&amp;url=https%3A%2F%2Fwww.tvbuzau.ro%2Fdeficit-de-personal-la-jandarmerie%2F&amp;via=TV+Buz%C4%83u\"><\/p>\n<div class=\"td-social-but-text\">Distribui\u021bi pe Twitter<\/div>\n<p><\/a><\/div>\n<div class=\"td-classic-sharing\">\n<ul>\n<li class=\"td-classic-facebook\"><iframe frameborder src=\"https:\/\/www.facebook.com\/plugins\/like.php?href=https:\/\/www.tvbuzau.ro\/deficit-de-personal-la-jandarmerie\/&amp;layout=button_count&amp;show_faces=false&amp;width=105&amp;action=like&amp;colorscheme=light&amp;height=21\"><\/iframe><\/li>\n<li class=\"td-classic-twitter\"><a href=\"https:\/\/twitter.com\/share\" class=\"twitter-share-button\" data-url=\"https:\/\/www.tvbuzau.ro\/deficit-de-personal-la-jandarmerie\/\" data-text=\"Deficit de personal la Jandarmerie\" data-via data-lang=\"en\">tweet<\/a><\/li>\n<\/ul>\n<\/div>\n<\/div>\n<div class=\"td-post-content\">\n<div class=\"td-featured-image-rec\">\n<div class=\"wpb_video_wrapper\">\n                    <iframe loading=\"lazy\" id=\"td_youtube_player\" width=\"600\" height=\"560\" src=\"https:\/\/www.youtube.com\/embed\/saJf_iUJjJw?enablejsapi=1&amp;feature=oembed&amp;wmode=opaque&amp;vq=hd720\" frameborder allowfullscreen><\/iframe><\/p><\/div>\n<\/div>\n<p>Primesc sprijin de la Gruparea mobil\u0103 Ploie\u015fti<br \/>\nConducerea Inspectoratului Jude\u0163ean de Jandarmi Buz\u0103u eviden\u0163iaz\u0103 un deficit de personal, de altfel situa\u0163ie reg\u0103sit\u0103 la nivelul tuturor institu\u0163iilor subordonate Ministerului de Interne.<br \/>\nPrin sprijinul acordat de c\u0103tre celelalte structuri, Jandrmeria Buz\u0103u acoper\u0103 cu personal misiunile \u00een care este angrenat\u0103.<br \/>\n\u00cen domeniul resurselor umane, 79 de candida\u021bi au fost recruta\u021bi pentru sesiunile de admitere organizate pentru \u0219colile de subofi\u021beri, 29 fiind declara\u021bi admis.<\/p>\n<div class=\"post-views post-118495 entry-meta\"><span class=\"post-views-label\">Post Views: <\/span><span class=\"post-views-count\">150<\/span><\/div>\n<\/div>\n<footer>\n<div class=\"td-post-sharing td-post-sharing-bottom td-with-like\"><span class=\"td-post-share-title\">DISTRIBUI\u021aI<\/span><\/p>\n<div class=\"td-default-sharing\"><a class=\"td-social-sharing-buttons td-social-facebook\" href=\"http:\/\/www.facebook.com\/sharer.php?u=https%3A%2F%2Fwww.tvbuzau.ro%2Fdeficit-de-personal-la-jandarmerie%2F\"><\/p>\n<div class=\"td-social-but-text\">Facebook<\/div>\n<p><\/a><a class=\"td-social-sharing-buttons td-social-twitter\" href=\"https:\/\/twitter.com\/intent\/tweet?text=Deficit+de+personal+la+Jandarmerie&amp;url=https%3A%2F%2Fwww.tvbuzau.ro%2Fdeficit-de-personal-la-jandarmerie%2F&amp;via=TV+Buz%C4%83u\"><\/p>\n<div class=\"td-social-but-text\">Twitter<\/div>\n<p><\/a><\/div>\n<div class=\"td-classic-sharing\">\n<ul>\n<li class=\"td-classic-facebook\"><iframe frameborder src=\"https:\/\/www.facebook.com\/plugins\/like.php?href=https:\/\/www.tvbuzau.ro\/deficit-de-personal-la-jandarmerie\/&amp;layout=button_count&amp;show_faces=false&amp;width=105&amp;action=like&amp;colorscheme=light&amp;height=21\"><\/iframe><\/li>\n<li class=\"td-classic-twitter\"><a href=\"https:\/\/twitter.com\/share\" class=\"twitter-share-button\" data-url=\"https:\/\/www.tvbuzau.ro\/deficit-de-personal-la-jandarmerie\/\" data-text=\"Deficit de personal la Jandarmerie\" data-via data-lang=\"en\">tweet<\/a><\/li>\n<\/ul>\n<\/div>\n<\/div>\n<div class=\"td-author-name vcard author\"><span class=\"fn\"><a href=\"https:\/\/www.tvbuzau.ro\/author\/mihai-vasilescu\/\">TV Buz\u0103u<\/a><\/span><\/div>\n<p><span><\/span><span><span><\/span><\/span><span><\/span><\/footer>\n<\/article>\n<div class=\"td_block_wrap td_block_related_posts td_uid_1_69c3d08d526a2_rand td_with_ajax_pagination td-pb-border-top\" data-td-block-uid=\"td_uid_1_69c3d08d526a2\">\n<h4 class=\"td-related-title\"><a id=\"td_uid_2_69c3d08d57e32\" class=\"td-related-left td-cur-simple-item\" data-td_filter_value data-td_block_id=\"td_uid_1_69c3d08d526a2\" href=\"https:\/\/www.tvbuzau.ro\/deficit-de-personal-la-jandarmerie\/\">ARTICOLE SIMILARE<\/a><a id=\"td_uid_3_69c3d08d57e6d\" class=\"td-related-right\" data-td_filter_value=\"td_related_more_from_author\" data-td_block_id=\"td_uid_1_69c3d08d526a2\" href=\"https:\/\/www.tvbuzau.ro\/deficit-de-personal-la-jandarmerie\/\">DE LA ACELA\u0218I AUTOR<\/a><\/h4>\n<div id=\"td_uid_1_69c3d08d526a2\" class=\"td_block_inner\">\n<div class=\"td-related-row\">\n<div class=\"td-related-span4\">\n<div class=\"td_module_related_posts td-animation-stack td_mod_related_posts\">\n<div class=\"td-module-image\">\n<div class=\"td-module-thumb\"><a href=\"https:\/\/www.tvbuzau.ro\/unde-se-infunda-canalizarile-in-buzau\/\" rel=\"bookmark\" title=\"Unde se \u00eenfund\u0103 canaliz\u0103rile \u00een Buz\u0103u\"><img loading=\"lazy\" decoding=\"async\" width=\"218\" height=\"150\" class=\"entry-thumb\" src=\"https:\/\/www.tvbuzau.ro\/wp-content\/uploads\/2026\/03\/hqdefault-40-218x150.jpg\" alt title=\"Unde se \u00eenfund\u0103 canaliz\u0103rile \u00een Buz\u0103u\"><span class=\"td-video-play-ico\"><img loading=\"lazy\" decoding=\"async\" width=\"40\" height=\"40\" class=\"td-retina\" src=\"https:\/\/www.tvbuzau.ro\/wp-content\/themes\/Newspaper\/images\/icons\/ico-video-large.png\" alt=\"video\"><\/span><\/a><\/div>\n<p><a href=\"https:\/\/www.tvbuzau.ro\/category\/actualitate\/\" class=\"td-post-category\">Actualitate<\/a><\/div>\n<div class=\"item-details\">\n<h3 class=\"entry-title td-module-title\"><a href=\"https:\/\/www.tvbuzau.ro\/unde-se-infunda-canalizarile-in-buzau\/\" rel=\"bookmark\" title=\"Unde se \u00eenfund\u0103 canaliz\u0103rile \u00een Buz\u0103u\">Unde se \u00eenfund\u0103 canaliz\u0103rile \u00een Buz\u0103u<\/a><\/h3>\n<\/div>\n<\/div>\n<\/div>\n<div class=\"td-related-span4\">\n<div class=\"td_module_related_posts td-animation-stack td_mod_related_posts\">\n<div class=\"td-module-image\">\n<div class=\"td-module-thumb\"><a href=\"https:\/\/www.tvbuzau.ro\/brgv-face-eforturi-pentru-protejarea-florii-de-colt\/\" rel=\"bookmark\" title=\"BRGV face eforturi pentru protejarea florii de col\u0163\"><img loading=\"lazy\" decoding=\"async\" width=\"218\" height=\"150\" class=\"entry-thumb\" src=\"https:\/\/www.tvbuzau.ro\/wp-content\/uploads\/2026\/03\/sddefault-49-218x150.jpg\" alt title=\"BRGV face eforturi pentru protejarea florii de col\u0163\"><span class=\"td-video-play-ico\"><img loading=\"lazy\" decoding=\"async\" width=\"40\" height=\"40\" class=\"td-retina\" src=\"https:\/\/www.tvbuzau.ro\/wp-content\/themes\/Newspaper\/images\/icons\/ico-video-large.png\" alt=\"video\"><\/span><\/a><\/div>\n<p><a href=\"https:\/\/www.tvbuzau.ro\/category\/actualitate\/\" class=\"td-post-category\">Actualitate<\/a><\/div>\n<div class=\"item-details\">\n<h3 class=\"entry-title td-module-title\"><a href=\"https:\/\/www.tvbuzau.ro\/brgv-face-eforturi-pentru-protejarea-florii-de-colt\/\" rel=\"bookmark\" title=\"BRGV face eforturi pentru protejarea florii de col\u0163\">BRGV face eforturi pentru protejarea florii de col\u0163<\/a><\/h3>\n<\/div>\n<\/div>\n<\/div>\n<div class=\"td-related-span4\">\n<div class=\"td_module_related_posts td-animation-stack td_mod_related_posts\">\n<div class=\"td-module-image\">\n<div class=\"td-module-thumb\"><a href=\"https:\/\/www.tvbuzau.ro\/pugilistul-bogdan-dinu-fata-in-fata-cu-tinerii-sportivi\/\" rel=\"bookmark\" title=\"Pugilistul Bogdan Dinu, fa\u0163\u0103 \u00een fa\u0163\u0103 cu tinerii sportivi\"><img loading=\"lazy\" decoding=\"async\" width=\"218\" height=\"150\" class=\"entry-thumb\" src=\"https:\/\/www.tvbuzau.ro\/wp-content\/uploads\/2026\/03\/sddefault-48-218x150.jpg\" alt title=\"Pugilistul Bogdan Dinu, fa\u0163\u0103 \u00een fa\u0163\u0103 cu tinerii sportivi\"><span class=\"td-video-play-ico\"><img loading=\"lazy\" decoding=\"async\" width=\"40\" height=\"40\" class=\"td-retina\" src=\"https:\/\/www.tvbuzau.ro\/wp-content\/themes\/Newspaper\/images\/icons\/ico-video-large.png\" alt=\"video\"><\/span><\/a><\/div>\n<p><a href=\"https:\/\/www.tvbuzau.ro\/category\/actualitate\/\" class=\"td-post-category\">Actualitate<\/a><\/div>\n<div class=\"item-details\">\n<h3 class=\"entry-title td-module-title\"><a href=\"https:\/\/www.tvbuzau.ro\/pugilistul-bogdan-dinu-fata-in-fata-cu-tinerii-sportivi\/\" rel=\"bookmark\" title=\"Pugilistul Bogdan Dinu, fa\u0163\u0103 \u00een fa\u0163\u0103 cu tinerii sportivi\">Pugilistul Bogdan Dinu, fa\u0163\u0103 \u00een fa\u0163\u0103 cu tinerii sportivi<\/a><\/h3>\n<\/div>\n<\/div>\n<\/div>\n<\/div>\n<div class=\"td-related-row\">\n<div class=\"td-related-span4\">\n<div class=\"td_module_related_posts td-animation-stack td_mod_related_posts\">\n<div class=\"td-module-image\">\n<div class=\"td-module-thumb\"><a href=\"https:\/\/www.tvbuzau.ro\/anunt-importat-al-apia-cu-privire-la-cererile-unice-de-plata\/\" rel=\"bookmark\" title=\"Anun\u0163 importat al APIA cu privire la cererile unice de plat\u0103\"><img loading=\"lazy\" decoding=\"async\" width=\"218\" height=\"150\" class=\"entry-thumb\" src=\"https:\/\/www.tvbuzau.ro\/wp-content\/uploads\/2026\/03\/hqdefault-39-218x150.jpg\" alt title=\"Anun\u0163 importat al APIA cu privire la cererile unice de plat\u0103\"><span class=\"td-video-play-ico\"><img loading=\"lazy\" decoding=\"async\" width=\"40\" height=\"40\" class=\"td-retina\" src=\"https:\/\/www.tvbuzau.ro\/wp-content\/themes\/Newspaper\/images\/icons\/ico-video-large.png\" alt=\"video\"><\/span><\/a><\/div>\n<p><a href=\"https:\/\/www.tvbuzau.ro\/category\/actualitate\/\" class=\"td-post-category\">Actualitate<\/a><\/div>\n<div class=\"item-details\">\n<h3 class=\"entry-title td-module-title\"><a href=\"https:\/\/www.tvbuzau.ro\/anunt-importat-al-apia-cu-privire-la-cererile-unice-de-plata\/\" rel=\"bookmark\" title=\"Anun\u0163 importat al APIA cu privire la cererile unice de plat\u0103\">Anun\u0163 importat al APIA cu privire la cererile unice de plat\u0103<\/a><\/h3>\n<\/div>\n<\/div>\n<\/div>\n<div class=\"td-related-span4\">\n<div class=\"td_module_related_posts td-animation-stack td_mod_related_posts\">\n<div class=\"td-module-image\">\n<div class=\"td-module-thumb\"><a href=\"https:\/\/www.tvbuzau.ro\/primarul-c-toma-doreste-desfiitarea-jocurilor-de-noroc-in-oras\/\" rel=\"bookmark\" title=\"Primarul C.Toma dore\u015fte desfii\u0163area jocurilor de noroc \u00een ora\u015f\"><img loading=\"lazy\" decoding=\"async\" width=\"218\" height=\"150\" class=\"entry-thumb\" src=\"https:\/\/www.tvbuzau.ro\/wp-content\/uploads\/2026\/03\/hqdefault-38-218x150.jpg\" alt title=\"Primarul C.Toma dore\u015fte desfii\u0163area jocurilor de noroc \u00een ora\u015f\"><span class=\"td-video-play-ico\"><img loading=\"lazy\" decoding=\"async\" width=\"40\" height=\"40\" class=\"td-retina\" src=\"https:\/\/www.tvbuzau.ro\/wp-content\/themes\/Newspaper\/images\/icons\/ico-video-large.png\" alt=\"video\"><\/span><\/a><\/div>\n<p><a href=\"https:\/\/www.tvbuzau.ro\/category\/actualitate\/\" class=\"td-post-category\">Actualitate<\/a><\/div>\n<div class=\"item-details\">\n<h3 class=\"entry-title td-module-title\"><a href=\"https:\/\/www.tvbuzau.ro\/primarul-c-toma-doreste-desfiitarea-jocurilor-de-noroc-in-oras\/\" rel=\"bookmark\" title=\"Primarul C.Toma dore\u015fte desfii\u0163area jocurilor de noroc \u00een ora\u015f\">Primarul C.Toma dore\u015fte desfii\u0163area jocurilor de noroc \u00een ora\u015f<\/a><\/h3>\n<\/div>\n<\/div>\n<\/div>\n<div class=\"td-related-span4\">\n<div class=\"td_module_related_posts td-animation-stack td_mod_related_posts\">\n<div class=\"td-module-image\">\n<div class=\"td-module-thumb\"><a href=\"https:\/\/www.tvbuzau.ro\/anumiti-locatari-ar-putea-sa-nu-beneficieze-de-reduceri-la-impozite-pentru-cladirile-vechi\/\" rel=\"bookmark\" title=\"Anumi\u0163i locatari ar putea s\u0103 nu beneficieze de reduceri la impozite pentru cl\u0103dirile vechi\"><img loading=\"lazy\" decoding=\"async\" width=\"218\" height=\"150\" class=\"entry-thumb\" src=\"https:\/\/www.tvbuzau.ro\/wp-content\/uploads\/2026\/03\/sddefault-47-218x150.jpg\" alt title=\"Anumi\u0163i locatari ar putea s\u0103 nu beneficieze de reduceri la impozite pentru cl\u0103dirile vechi\"><span class=\"td-video-play-ico\"><img loading=\"lazy\" decoding=\"async\" width=\"40\" height=\"40\" class=\"td-retina\" src=\"https:\/\/www.tvbuzau.ro\/wp-content\/themes\/Newspaper\/images\/icons\/ico-video-large.png\" alt=\"video\"><\/span><\/a><\/div>\n<p><a href=\"https:\/\/www.tvbuzau.ro\/category\/actualitate\/\" class=\"td-post-category\">Actualitate<\/a><\/div>\n<div class=\"item-details\">\n<h3 class=\"entry-title td-module-title\"><a href=\"https:\/\/www.tvbuzau.ro\/anumiti-locatari-ar-putea-sa-nu-beneficieze-de-reduceri-la-impozite-pentru-cladirile-vechi\/\" rel=\"bookmark\" title=\"Anumi\u0163i locatari ar putea s\u0103 nu beneficieze de reduceri la impozite pentru cl\u0103dirile vechi\">Anumi\u0163i locatari ar putea s\u0103 nu beneficieze de reduceri la impozite pentru cl\u0103dirile vechi<\/a><\/h3>\n<\/div>\n<\/div>\n<\/div>\n<\/div>\n<\/div>\n<\/div>\n<div class=\"comments\" id=\"comments\">\n<div id=\"respond\" class=\"comment-respond\">\n<h3 id=\"reply-title\" class=\"comment-reply-title\">L\u0102SA\u021aI UN MESAJ <small><a rel=\"nofollow\" id=\"cancel-comment-reply-link\" href=\"https:\/\/www.tvbuzau.ro\/deficit-de-personal-la-jandarmerie\/#respond\">Renun\u021ba\u021bi la r\u0103spuns<\/a><\/small><\/h3>\n<\/div>\n<\/div>\n<\/div>\n<div class=\"td-post-content\">\n<div class=\"td-featured-image-rec\">\n<div class=\"wpb_video_wrapper\">\n                    <iframe loading=\"lazy\" id=\"td_youtube_player\" width=\"600\" height=\"560\" src=\"https:\/\/www.youtube.com\/embed\/saJf_iUJjJw?enablejsapi=1&amp;feature=oembed&amp;wmode=opaque&amp;vq=hd720\" frameborder allowfullscreen><\/iframe><\/p><\/div>\n<\/div>\n<p>Primesc sprijin de la Gruparea mobil\u0103 Ploie\u015fti<br \/>\nConducerea Inspectoratului Jude\u0163ean de Jandarmi Buz\u0103u eviden\u0163iaz\u0103 un deficit de personal, de altfel situa\u0163ie reg\u0103sit\u0103 la nivelul tuturor institu\u0163iilor subordonate Ministerului de Interne.<br \/>\nPrin sprijinul acordat de c\u0103tre celelalte structuri, Jandrmeria Buz\u0103u acoper\u0103 cu personal misiunile \u00een care este angrenat\u0103.<br \/>\n\u00cen domeniul resurselor umane, 79 de candida\u021bi au fost recruta\u021bi pentru sesiunile de admitere organizate pentru \u0219colile de subofi\u021beri, 29 fiind declara\u021bi admis.<\/p>\n<div class=\"post-views post-118495 entry-meta\"><span class=\"post-views-label\">Post Views: <\/span><span class=\"post-views-count\">150<\/span><\/div>\n<\/div>\n<p>[analyse_source url=&#8221;https:\/\/www.tvbuzau.ro\/deficit-de-personal-la-jandarmerie\/&#8221;]<\/p>\n","protected":false},"excerpt":{"rendered":"<p>[analyse_image type=&#8221;featured&#8221; src=&#8221;https:\/\/www.tvbuzau.ro\/wp-content\/uploads\/2026\/03\/sddefault-50.jpghttps:\/\/www.tvbuzau.ro\/wp-content\/uploads\/2026\/03\/sddefault-50.jpg&#8221;] Actualitate Deficit de personal la Jandarmerie De c\u0103tre TV Buz\u0103u &#8211; martie 24, 2026 0 15 Distribui\u021bi pe Facebook Distribui\u021bi pe Twitter tweet Primesc sprijin de la Gruparea mobil\u0103 Ploie\u015fti Conducerea Inspectoratului Jude\u0163ean de Jandarmi Buz\u0103u eviden\u0163iaz\u0103 un deficit de personal, de altfel situa\u0163ie reg\u0103sit\u0103 la nivelul tuturor institu\u0163iilor subordonate Ministerului de [&hellip;]<\/p>\n","protected":false},"author":1,"featured_media":0,"comment_status":"open","ping_status":"","sticky":false,"template":"","format":"standard","meta":{"footnotes":""},"categories":[2],"tags":[226,116],"class_list":["post-1845813","post","type-post","status-publish","format-standard","hentry","category-politics","tag-crawlmanager","tag-tvbuzau-ro"],"_links":{"self":[{"href":"https:\/\/analyse.optim.biz\/index.php?rest_route=\/wp\/v2\/posts\/1845813","targetHints":{"allow":["GET"]}}],"collection":[{"href":"https:\/\/analyse.optim.biz\/index.php?rest_route=\/wp\/v2\/posts"}],"about":[{"href":"https:\/\/analyse.optim.biz\/index.php?rest_route=\/wp\/v2\/types\/post"}],"author":[{"embeddable":true,"href":"https:\/\/analyse.optim.biz\/index.php?rest_route=\/wp\/v2\/users\/1"}],"replies":[{"embeddable":true,"href":"https:\/\/analyse.optim.biz\/index.php?rest_route=%2Fwp%2Fv2%2Fcomments&post=1845813"}],"version-history":[{"count":0,"href":"https:\/\/analyse.optim.biz\/index.php?rest_route=\/wp\/v2\/posts\/1845813\/revisions"}],"wp:attachment":[{"href":"https:\/\/analyse.optim.biz\/index.php?rest_route=%2Fwp%2Fv2%2Fmedia&parent=1845813"}],"wp:term":[{"taxonomy":"category","embeddable":true,"href":"https:\/\/analyse.optim.biz\/index.php?rest_route=%2Fwp%2Fv2%2Fcategories&post=1845813"},{"taxonomy":"post_tag","embeddable":true,"href":"https:\/\/analyse.optim.biz\/index.php?rest_route=%2Fwp%2Fv2%2Ftags&post=1845813"}],"curies":[{"name":"wp","href":"https:\/\/api.w.org\/{rel}","templated":true}]}}