{"id":1845810,"date":"2026-03-24T20:33:24","date_gmt":"2026-03-24T17:33:24","guid":{"rendered":"https:\/\/analyse.optim.biz\/?p=1845810"},"modified":"2026-03-24T20:33:24","modified_gmt":"2026-03-24T17:33:24","slug":"brgv-face-eforturi-pentru-protejarea-florii-de-colt","status":"publish","type":"post","link":"https:\/\/analyse.optim.biz\/?p=1845810","title":{"rendered":"BRGV face eforturi pentru protejarea florii de col\u0163"},"content":{"rendered":"<p>[analyse_image type=&#8221;featured&#8221; src=&#8221;https:\/\/www.tvbuzau.ro\/wp-content\/uploads\/2026\/03\/sddefault-49.jpghttps:\/\/www.tvbuzau.ro\/wp-content\/uploads\/2026\/03\/sddefault-49.jpg&#8221;]<\/p>\n<div class=\"td-ss-main-content\">\n<article id=\"post-118489\" class=\"post-118489 post type-post status-publish format-video has-post-thumbnail hentry category-actualitate post_format-post-format-video\">\n<div class=\"td-post-header\">\n<ul class=\"td-category\">\n<li class=\"entry-category\"><a href=\"https:\/\/www.tvbuzau.ro\/category\/actualitate\/\">Actualitate<\/a><\/li>\n<\/ul>\n<header class=\"td-post-title\">\n<h1 class=\"entry-title\">BRGV face eforturi pentru protejarea florii de col\u0163<\/h1>\n<div class=\"td-module-meta-info\">\n<div class=\"td-post-author-name\">De c\u0103tre <a href=\"https:\/\/www.tvbuzau.ro\/author\/mihai-vasilescu\/\">TV Buz\u0103u<\/a> &#8211; <\/div>\n<p><span class=\"td-post-date\"><time class=\"entry-date updated td-module-date\" datetime=\"2026-03-24T20:33:24+00:00\">martie 24, 2026<\/time><\/span><\/p>\n<div class=\"td-post-comments\"><a href=\"https:\/\/www.tvbuzau.ro\/brgv-face-eforturi-pentru-protejarea-florii-de-colt\/#respond\">0<\/a><\/div>\n<div class=\"td-post-views\"><span class=\"td-nr-views-118489\">5<\/span><\/div>\n<\/div>\n<\/header>\n<\/div>\n<div class=\"td-post-sharing td-post-sharing-top td-with-like\">\n<div class=\"td-default-sharing\"><a class=\"td-social-sharing-buttons td-social-facebook\" href=\"http:\/\/www.facebook.com\/sharer.php?u=https%3A%2F%2Fwww.tvbuzau.ro%2Fbrgv-face-eforturi-pentru-protejarea-florii-de-colt%2F\"><\/p>\n<div class=\"td-social-but-text\">Distribui\u021bi pe Facebook<\/div>\n<p><\/a><a class=\"td-social-sharing-buttons td-social-twitter\" href=\"https:\/\/twitter.com\/intent\/tweet?text=BRGV+face+eforturi+pentru+protejarea+florii+de+col%C5%A3&amp;url=https%3A%2F%2Fwww.tvbuzau.ro%2Fbrgv-face-eforturi-pentru-protejarea-florii-de-colt%2F&amp;via=TV+Buz%C4%83u\"><\/p>\n<div class=\"td-social-but-text\">Distribui\u021bi pe Twitter<\/div>\n<p><\/a><\/div>\n<div class=\"td-classic-sharing\">\n<ul>\n<li class=\"td-classic-facebook\"><iframe frameborder src=\"https:\/\/www.facebook.com\/plugins\/like.php?href=https:\/\/www.tvbuzau.ro\/brgv-face-eforturi-pentru-protejarea-florii-de-colt\/&amp;layout=button_count&amp;show_faces=false&amp;width=105&amp;action=like&amp;colorscheme=light&amp;height=21\"><\/iframe><\/li>\n<li class=\"td-classic-twitter\"><a href=\"https:\/\/twitter.com\/share\" class=\"twitter-share-button\" data-url=\"https:\/\/www.tvbuzau.ro\/brgv-face-eforturi-pentru-protejarea-florii-de-colt\/\" data-text=\"BRGV face eforturi pentru protejarea florii de col\u0163\" data-via data-lang=\"en\">tweet<\/a><\/li>\n<\/ul>\n<\/div>\n<\/div>\n<div class=\"td-post-content\">\n<div class=\"td-featured-image-rec\">\n<div class=\"wpb_video_wrapper\">\n                    <iframe loading=\"lazy\" id=\"td_youtube_player\" width=\"600\" height=\"560\" src=\"https:\/\/www.youtube.com\/embed\/pZcy4gXr9tc?enablejsapi=1&amp;feature=oembed&amp;wmode=opaque&amp;vq=hd720\" frameborder allowfullscreen><\/iframe><\/p><\/div>\n<\/div>\n<p>Ar putea fi p\u0103strat\u0103 timp de 100 de ani<br \/>\nBanca de Resurse Genetice Vegetale  Buz\u0103u desf\u0103\u0219oar\u0103  cercet\u0103ri \u00een scopul<br \/>\np\u0103str\u0103rii semin\u021belor florii de col\u0163 p\u00e2n\u0103 la 100 de ani, pentru protejarea, conservarea \u015fi perpetuarea speciei.<br \/>\nSpeciali\u015ftii atrag aten\u0163ia c\u0103 \u00een mediul natural, planta este deosebit de semnibil\u0103, motiv pentru care nu trebuie rupt\u0103.<br \/>\nFloarea de col\u021b  a fost declarat\u0103 monument al naturii \u0219i este ocrotit\u0103 prin lege \u00eenc\u0103 din 1933.<\/p>\n<div class=\"post-views post-118489 entry-meta\"><span class=\"post-views-label\">Post Views: <\/span><span class=\"post-views-count\">143<\/span><\/div>\n<\/div>\n<footer>\n<div class=\"td-post-sharing td-post-sharing-bottom td-with-like\"><span class=\"td-post-share-title\">DISTRIBUI\u021aI<\/span><\/p>\n<div class=\"td-default-sharing\"><a class=\"td-social-sharing-buttons td-social-facebook\" href=\"http:\/\/www.facebook.com\/sharer.php?u=https%3A%2F%2Fwww.tvbuzau.ro%2Fbrgv-face-eforturi-pentru-protejarea-florii-de-colt%2F\"><\/p>\n<div class=\"td-social-but-text\">Facebook<\/div>\n<p><\/a><a class=\"td-social-sharing-buttons td-social-twitter\" href=\"https:\/\/twitter.com\/intent\/tweet?text=BRGV+face+eforturi+pentru+protejarea+florii+de+col%C5%A3&amp;url=https%3A%2F%2Fwww.tvbuzau.ro%2Fbrgv-face-eforturi-pentru-protejarea-florii-de-colt%2F&amp;via=TV+Buz%C4%83u\"><\/p>\n<div class=\"td-social-but-text\">Twitter<\/div>\n<p><\/a><\/div>\n<div class=\"td-classic-sharing\">\n<ul>\n<li class=\"td-classic-facebook\"><iframe frameborder src=\"https:\/\/www.facebook.com\/plugins\/like.php?href=https:\/\/www.tvbuzau.ro\/brgv-face-eforturi-pentru-protejarea-florii-de-colt\/&amp;layout=button_count&amp;show_faces=false&amp;width=105&amp;action=like&amp;colorscheme=light&amp;height=21\"><\/iframe><\/li>\n<li class=\"td-classic-twitter\"><a href=\"https:\/\/twitter.com\/share\" class=\"twitter-share-button\" data-url=\"https:\/\/www.tvbuzau.ro\/brgv-face-eforturi-pentru-protejarea-florii-de-colt\/\" data-text=\"BRGV face eforturi pentru protejarea florii de col\u0163\" data-via data-lang=\"en\">tweet<\/a><\/li>\n<\/ul>\n<\/div>\n<\/div>\n<div class=\"td-author-name vcard author\"><span class=\"fn\"><a href=\"https:\/\/www.tvbuzau.ro\/author\/mihai-vasilescu\/\">TV Buz\u0103u<\/a><\/span><\/div>\n<p><span><\/span><span><span><\/span><\/span><span><\/span><\/footer>\n<\/article>\n<div class=\"td_block_wrap td_block_related_posts td_uid_1_69c3d0046c05d_rand td_with_ajax_pagination td-pb-border-top\" data-td-block-uid=\"td_uid_1_69c3d0046c05d\">\n<h4 class=\"td-related-title\"><a id=\"td_uid_2_69c3d00471dc1\" class=\"td-related-left td-cur-simple-item\" data-td_filter_value data-td_block_id=\"td_uid_1_69c3d0046c05d\" href=\"https:\/\/www.tvbuzau.ro\/brgv-face-eforturi-pentru-protejarea-florii-de-colt\/\">ARTICOLE SIMILARE<\/a><a id=\"td_uid_3_69c3d00471dfc\" class=\"td-related-right\" data-td_filter_value=\"td_related_more_from_author\" data-td_block_id=\"td_uid_1_69c3d0046c05d\" href=\"https:\/\/www.tvbuzau.ro\/brgv-face-eforturi-pentru-protejarea-florii-de-colt\/\">DE LA ACELA\u0218I AUTOR<\/a><\/h4>\n<div id=\"td_uid_1_69c3d0046c05d\" class=\"td_block_inner\">\n<div class=\"td-related-row\">\n<div class=\"td-related-span4\">\n<div class=\"td_module_related_posts td-animation-stack td_mod_related_posts\">\n<div class=\"td-module-image\">\n<div class=\"td-module-thumb\"><a href=\"https:\/\/www.tvbuzau.ro\/deficit-de-personal-la-jandarmerie\/\" rel=\"bookmark\" title=\"Deficit de personal la Jandarmerie\"><img loading=\"lazy\" decoding=\"async\" width=\"218\" height=\"150\" class=\"entry-thumb\" src=\"https:\/\/www.tvbuzau.ro\/wp-content\/uploads\/2026\/03\/sddefault-50-218x150.jpg\" alt title=\"Deficit de personal la Jandarmerie\"><span class=\"td-video-play-ico\"><img loading=\"lazy\" decoding=\"async\" width=\"40\" height=\"40\" class=\"td-retina\" src=\"https:\/\/www.tvbuzau.ro\/wp-content\/themes\/Newspaper\/images\/icons\/ico-video-large.png\" alt=\"video\"><\/span><\/a><\/div>\n<p><a href=\"https:\/\/www.tvbuzau.ro\/category\/actualitate\/\" class=\"td-post-category\">Actualitate<\/a><\/div>\n<div class=\"item-details\">\n<h3 class=\"entry-title td-module-title\"><a href=\"https:\/\/www.tvbuzau.ro\/deficit-de-personal-la-jandarmerie\/\" rel=\"bookmark\" title=\"Deficit de personal la Jandarmerie\">Deficit de personal la Jandarmerie<\/a><\/h3>\n<\/div>\n<\/div>\n<\/div>\n<div class=\"td-related-span4\">\n<div class=\"td_module_related_posts td-animation-stack td_mod_related_posts\">\n<div class=\"td-module-image\">\n<div class=\"td-module-thumb\"><a href=\"https:\/\/www.tvbuzau.ro\/unde-se-infunda-canalizarile-in-buzau\/\" rel=\"bookmark\" title=\"Unde se \u00eenfund\u0103 canaliz\u0103rile \u00een Buz\u0103u\"><img loading=\"lazy\" decoding=\"async\" width=\"218\" height=\"150\" class=\"entry-thumb\" src=\"https:\/\/www.tvbuzau.ro\/wp-content\/uploads\/2026\/03\/hqdefault-40-218x150.jpg\" alt title=\"Unde se \u00eenfund\u0103 canaliz\u0103rile \u00een Buz\u0103u\"><span class=\"td-video-play-ico\"><img loading=\"lazy\" decoding=\"async\" width=\"40\" height=\"40\" class=\"td-retina\" src=\"https:\/\/www.tvbuzau.ro\/wp-content\/themes\/Newspaper\/images\/icons\/ico-video-large.png\" alt=\"video\"><\/span><\/a><\/div>\n<p><a href=\"https:\/\/www.tvbuzau.ro\/category\/actualitate\/\" class=\"td-post-category\">Actualitate<\/a><\/div>\n<div class=\"item-details\">\n<h3 class=\"entry-title td-module-title\"><a href=\"https:\/\/www.tvbuzau.ro\/unde-se-infunda-canalizarile-in-buzau\/\" rel=\"bookmark\" title=\"Unde se \u00eenfund\u0103 canaliz\u0103rile \u00een Buz\u0103u\">Unde se \u00eenfund\u0103 canaliz\u0103rile \u00een Buz\u0103u<\/a><\/h3>\n<\/div>\n<\/div>\n<\/div>\n<div class=\"td-related-span4\">\n<div class=\"td_module_related_posts td-animation-stack td_mod_related_posts\">\n<div class=\"td-module-image\">\n<div class=\"td-module-thumb\"><a href=\"https:\/\/www.tvbuzau.ro\/pugilistul-bogdan-dinu-fata-in-fata-cu-tinerii-sportivi\/\" rel=\"bookmark\" title=\"Pugilistul Bogdan Dinu, fa\u0163\u0103 \u00een fa\u0163\u0103 cu tinerii sportivi\"><img loading=\"lazy\" decoding=\"async\" width=\"218\" height=\"150\" class=\"entry-thumb\" src=\"https:\/\/www.tvbuzau.ro\/wp-content\/uploads\/2026\/03\/sddefault-48-218x150.jpg\" alt title=\"Pugilistul Bogdan Dinu, fa\u0163\u0103 \u00een fa\u0163\u0103 cu tinerii sportivi\"><span class=\"td-video-play-ico\"><img loading=\"lazy\" decoding=\"async\" width=\"40\" height=\"40\" class=\"td-retina\" src=\"https:\/\/www.tvbuzau.ro\/wp-content\/themes\/Newspaper\/images\/icons\/ico-video-large.png\" alt=\"video\"><\/span><\/a><\/div>\n<p><a href=\"https:\/\/www.tvbuzau.ro\/category\/actualitate\/\" class=\"td-post-category\">Actualitate<\/a><\/div>\n<div class=\"item-details\">\n<h3 class=\"entry-title td-module-title\"><a href=\"https:\/\/www.tvbuzau.ro\/pugilistul-bogdan-dinu-fata-in-fata-cu-tinerii-sportivi\/\" rel=\"bookmark\" title=\"Pugilistul Bogdan Dinu, fa\u0163\u0103 \u00een fa\u0163\u0103 cu tinerii sportivi\">Pugilistul Bogdan Dinu, fa\u0163\u0103 \u00een fa\u0163\u0103 cu tinerii sportivi<\/a><\/h3>\n<\/div>\n<\/div>\n<\/div>\n<\/div>\n<div class=\"td-related-row\">\n<div class=\"td-related-span4\">\n<div class=\"td_module_related_posts td-animation-stack td_mod_related_posts\">\n<div class=\"td-module-image\">\n<div class=\"td-module-thumb\"><a href=\"https:\/\/www.tvbuzau.ro\/anunt-importat-al-apia-cu-privire-la-cererile-unice-de-plata\/\" rel=\"bookmark\" title=\"Anun\u0163 importat al APIA cu privire la cererile unice de plat\u0103\"><img loading=\"lazy\" decoding=\"async\" width=\"218\" height=\"150\" class=\"entry-thumb\" src=\"https:\/\/www.tvbuzau.ro\/wp-content\/uploads\/2026\/03\/hqdefault-39-218x150.jpg\" alt title=\"Anun\u0163 importat al APIA cu privire la cererile unice de plat\u0103\"><span class=\"td-video-play-ico\"><img loading=\"lazy\" decoding=\"async\" width=\"40\" height=\"40\" class=\"td-retina\" src=\"https:\/\/www.tvbuzau.ro\/wp-content\/themes\/Newspaper\/images\/icons\/ico-video-large.png\" alt=\"video\"><\/span><\/a><\/div>\n<p><a href=\"https:\/\/www.tvbuzau.ro\/category\/actualitate\/\" class=\"td-post-category\">Actualitate<\/a><\/div>\n<div class=\"item-details\">\n<h3 class=\"entry-title td-module-title\"><a href=\"https:\/\/www.tvbuzau.ro\/anunt-importat-al-apia-cu-privire-la-cererile-unice-de-plata\/\" rel=\"bookmark\" title=\"Anun\u0163 importat al APIA cu privire la cererile unice de plat\u0103\">Anun\u0163 importat al APIA cu privire la cererile unice de plat\u0103<\/a><\/h3>\n<\/div>\n<\/div>\n<\/div>\n<div class=\"td-related-span4\">\n<div class=\"td_module_related_posts td-animation-stack td_mod_related_posts\">\n<div class=\"td-module-image\">\n<div class=\"td-module-thumb\"><a href=\"https:\/\/www.tvbuzau.ro\/primarul-c-toma-doreste-desfiitarea-jocurilor-de-noroc-in-oras\/\" rel=\"bookmark\" title=\"Primarul C.Toma dore\u015fte desfii\u0163area jocurilor de noroc \u00een ora\u015f\"><img loading=\"lazy\" decoding=\"async\" width=\"218\" height=\"150\" class=\"entry-thumb\" src=\"https:\/\/www.tvbuzau.ro\/wp-content\/uploads\/2026\/03\/hqdefault-38-218x150.jpg\" alt title=\"Primarul C.Toma dore\u015fte desfii\u0163area jocurilor de noroc \u00een ora\u015f\"><span class=\"td-video-play-ico\"><img loading=\"lazy\" decoding=\"async\" width=\"40\" height=\"40\" class=\"td-retina\" src=\"https:\/\/www.tvbuzau.ro\/wp-content\/themes\/Newspaper\/images\/icons\/ico-video-large.png\" alt=\"video\"><\/span><\/a><\/div>\n<p><a href=\"https:\/\/www.tvbuzau.ro\/category\/actualitate\/\" class=\"td-post-category\">Actualitate<\/a><\/div>\n<div class=\"item-details\">\n<h3 class=\"entry-title td-module-title\"><a href=\"https:\/\/www.tvbuzau.ro\/primarul-c-toma-doreste-desfiitarea-jocurilor-de-noroc-in-oras\/\" rel=\"bookmark\" title=\"Primarul C.Toma dore\u015fte desfii\u0163area jocurilor de noroc \u00een ora\u015f\">Primarul C.Toma dore\u015fte desfii\u0163area jocurilor de noroc \u00een ora\u015f<\/a><\/h3>\n<\/div>\n<\/div>\n<\/div>\n<div class=\"td-related-span4\">\n<div class=\"td_module_related_posts td-animation-stack td_mod_related_posts\">\n<div class=\"td-module-image\">\n<div class=\"td-module-thumb\"><a href=\"https:\/\/www.tvbuzau.ro\/anumiti-locatari-ar-putea-sa-nu-beneficieze-de-reduceri-la-impozite-pentru-cladirile-vechi\/\" rel=\"bookmark\" title=\"Anumi\u0163i locatari ar putea s\u0103 nu beneficieze de reduceri la impozite pentru cl\u0103dirile vechi\"><img loading=\"lazy\" decoding=\"async\" width=\"218\" height=\"150\" class=\"entry-thumb\" src=\"https:\/\/www.tvbuzau.ro\/wp-content\/uploads\/2026\/03\/sddefault-47-218x150.jpg\" alt title=\"Anumi\u0163i locatari ar putea s\u0103 nu beneficieze de reduceri la impozite pentru cl\u0103dirile vechi\"><span class=\"td-video-play-ico\"><img loading=\"lazy\" decoding=\"async\" width=\"40\" height=\"40\" class=\"td-retina\" src=\"https:\/\/www.tvbuzau.ro\/wp-content\/themes\/Newspaper\/images\/icons\/ico-video-large.png\" alt=\"video\"><\/span><\/a><\/div>\n<p><a href=\"https:\/\/www.tvbuzau.ro\/category\/actualitate\/\" class=\"td-post-category\">Actualitate<\/a><\/div>\n<div class=\"item-details\">\n<h3 class=\"entry-title td-module-title\"><a href=\"https:\/\/www.tvbuzau.ro\/anumiti-locatari-ar-putea-sa-nu-beneficieze-de-reduceri-la-impozite-pentru-cladirile-vechi\/\" rel=\"bookmark\" title=\"Anumi\u0163i locatari ar putea s\u0103 nu beneficieze de reduceri la impozite pentru cl\u0103dirile vechi\">Anumi\u0163i locatari ar putea s\u0103 nu beneficieze de reduceri la impozite pentru cl\u0103dirile vechi<\/a><\/h3>\n<\/div>\n<\/div>\n<\/div>\n<\/div>\n<\/div>\n<\/div>\n<div class=\"comments\" id=\"comments\">\n<div id=\"respond\" class=\"comment-respond\">\n<h3 id=\"reply-title\" class=\"comment-reply-title\">L\u0102SA\u021aI UN MESAJ <small><a rel=\"nofollow\" id=\"cancel-comment-reply-link\" href=\"https:\/\/www.tvbuzau.ro\/brgv-face-eforturi-pentru-protejarea-florii-de-colt\/#respond\">Renun\u021ba\u021bi la r\u0103spuns<\/a><\/small><\/h3>\n<\/div>\n<\/div>\n<\/div>\n<div class=\"td-post-content\">\n<div class=\"td-featured-image-rec\">\n<div class=\"wpb_video_wrapper\">\n                    <iframe loading=\"lazy\" id=\"td_youtube_player\" width=\"600\" height=\"560\" src=\"https:\/\/www.youtube.com\/embed\/pZcy4gXr9tc?enablejsapi=1&amp;feature=oembed&amp;wmode=opaque&amp;vq=hd720\" frameborder allowfullscreen><\/iframe><\/p><\/div>\n<\/div>\n<p>Ar putea fi p\u0103strat\u0103 timp de 100 de ani<br \/>\nBanca de Resurse Genetice Vegetale  Buz\u0103u desf\u0103\u0219oar\u0103  cercet\u0103ri \u00een scopul<br \/>\np\u0103str\u0103rii semin\u021belor florii de col\u0163 p\u00e2n\u0103 la 100 de ani, pentru protejarea, conservarea \u015fi perpetuarea speciei.<br \/>\nSpeciali\u015ftii atrag aten\u0163ia c\u0103 \u00een mediul natural, planta este deosebit de semnibil\u0103, motiv pentru care nu trebuie rupt\u0103.<br \/>\nFloarea de col\u021b  a fost declarat\u0103 monument al naturii \u0219i este ocrotit\u0103 prin lege \u00eenc\u0103 din 1933.<\/p>\n<div class=\"post-views post-118489 entry-meta\"><span class=\"post-views-label\">Post Views: <\/span><span class=\"post-views-count\">143<\/span><\/div>\n<\/div>\n<p>[analyse_source url=&#8221;https:\/\/www.tvbuzau.ro\/brgv-face-eforturi-pentru-protejarea-florii-de-colt\/&#8221;]<\/p>\n","protected":false},"excerpt":{"rendered":"<p>[analyse_image type=&#8221;featured&#8221; src=&#8221;https:\/\/www.tvbuzau.ro\/wp-content\/uploads\/2026\/03\/sddefault-49.jpghttps:\/\/www.tvbuzau.ro\/wp-content\/uploads\/2026\/03\/sddefault-49.jpg&#8221;] Actualitate BRGV face eforturi pentru protejarea florii de col\u0163 De c\u0103tre TV Buz\u0103u &#8211; martie 24, 2026 0 5 Distribui\u021bi pe Facebook Distribui\u021bi pe Twitter tweet Ar putea fi p\u0103strat\u0103 timp de 100 de ani Banca de Resurse Genetice Vegetale Buz\u0103u desf\u0103\u0219oar\u0103 cercet\u0103ri \u00een scopul p\u0103str\u0103rii semin\u021belor florii de col\u0163 p\u00e2n\u0103 la [&hellip;]<\/p>\n","protected":false},"author":1,"featured_media":0,"comment_status":"open","ping_status":"","sticky":false,"template":"","format":"standard","meta":{"footnotes":""},"categories":[2],"tags":[226,116],"class_list":["post-1845810","post","type-post","status-publish","format-standard","hentry","category-politics","tag-crawlmanager","tag-tvbuzau-ro"],"_links":{"self":[{"href":"https:\/\/analyse.optim.biz\/index.php?rest_route=\/wp\/v2\/posts\/1845810","targetHints":{"allow":["GET"]}}],"collection":[{"href":"https:\/\/analyse.optim.biz\/index.php?rest_route=\/wp\/v2\/posts"}],"about":[{"href":"https:\/\/analyse.optim.biz\/index.php?rest_route=\/wp\/v2\/types\/post"}],"author":[{"embeddable":true,"href":"https:\/\/analyse.optim.biz\/index.php?rest_route=\/wp\/v2\/users\/1"}],"replies":[{"embeddable":true,"href":"https:\/\/analyse.optim.biz\/index.php?rest_route=%2Fwp%2Fv2%2Fcomments&post=1845810"}],"version-history":[{"count":0,"href":"https:\/\/analyse.optim.biz\/index.php?rest_route=\/wp\/v2\/posts\/1845810\/revisions"}],"wp:attachment":[{"href":"https:\/\/analyse.optim.biz\/index.php?rest_route=%2Fwp%2Fv2%2Fmedia&parent=1845810"}],"wp:term":[{"taxonomy":"category","embeddable":true,"href":"https:\/\/analyse.optim.biz\/index.php?rest_route=%2Fwp%2Fv2%2Fcategories&post=1845810"},{"taxonomy":"post_tag","embeddable":true,"href":"https:\/\/analyse.optim.biz\/index.php?rest_route=%2Fwp%2Fv2%2Ftags&post=1845810"}],"curies":[{"name":"wp","href":"https:\/\/api.w.org\/{rel}","templated":true}]}}