{"id":1845806,"date":"2026-03-25T10:18:22","date_gmt":"2026-03-25T07:18:22","guid":{"rendered":"https:\/\/analyse.optim.biz\/?p=1845806"},"modified":"2026-03-25T10:18:22","modified_gmt":"2026-03-25T07:18:22","slug":"proiectul-surduc-siriu-in-linie-dreapta-ministrul-mediului-anunta-conditii-drastice-pentru-ca-mii-de-buzoieni-sa-nu-ramana-fara-apa","status":"publish","type":"post","link":"https:\/\/analyse.optim.biz\/?p=1845806","title":{"rendered":"Proiectul Surduc-Siriu, \u00een linie dreapt\u0103. Ministrul Mediului anun\u021b\u0103 condi\u021bii drastice pentru ca mii de buzoieni s\u0103 nu r\u0103m\u00e2n\u0103 f\u0103r\u0103 ap\u0103"},"content":{"rendered":"<p>[analyse_image type=&#8221;featured&#8221; src=&#8221;https:\/\/sansanews.ro\/wp-content\/uploads\/2026\/03\/surduc.jpghttps:\/\/sansanews.ro\/wp-content\/uploads\/2026\/03\/surduc.jpg&#8221;]<\/p>\n<div class=\"entry-content herald-entry-content\">\n<p>Anun\u021b important f\u0103cut de ministrul Mediului, Diana Buzoianu, privind proiectul hidrocentralei Surduc, un proiect intens contestat de ONG-uri \u0219i localnici, care spun c\u0103 impactul asupra mediului \u0219i comunit\u0103\u021bii va fi major, risc\u00e2nd chiar s\u0103 dispar\u0103 anumite cursuri de ap\u0103. <\/p>\n<div class=\"wp-block-image\">\n<figure class=\"alignright is-resized\"><img loading=\"lazy\" decoding=\"async\" src=\"https:\/\/sansanews.ro\/wp-content\/uploads\/2026\/03\/diana-buzoianu-1024x683.jpg\" alt class=\"wp-image-118379\" width=\"331\" height=\"221\"><\/figure>\n<\/div>\n<p> Printr-o postare pe Facebook, ministrul Diana Buzoianu a anun\u021bat lansarea \u00een transparen\u021b\u0103 decizional\u0103 a proiectului de acord de mediu pentru hidrocentrala Surduc\u2013Siriu. Ministrul subliniaz\u0103 c\u0103 proiectul a fost analizat atent \u0219i vine cu reguli noi, astfel \u00eenc\u00e2t s\u0103 fie evitate efectele negative asupra mediului \u0219i oamenilor.<\/p>\n<blockquote class=\"wp-block-quote\">\n<p>\u201cAm pus ast\u0103zi \u00een transparen\u021b\u0103 proiectul de acord de mediu pentru amenajarea hidroenergetic\u0103 Surduc-Siriu. <\/p>\n<p>A\u0219a cum am spus cu fiecare ocazie: acordurile de mediu se emit, dar se emit cu respectarea prevederilor legale. Asta \u00eenseamn\u0103 o analiz\u0103 temeinic\u0103 pentru c\u0103, la final, ce ne dorim este s\u0103 nu fie consecin\u021be nefaste pentru comunit\u0103\u021bile din zon\u0103.\u201d<\/p>\n<\/blockquote>\n<p>Ministrul Mediului spune c\u0103 acordul de mediu include condi\u021bii ferme \u0219i obliga\u021bii clare pentru Hidroelectrica. De exemplu, trebuie luate m\u0103suri pentru protejarea speciilor din cursurile de ap\u0103 din zon\u0103. De asemenea, a fost inclus\u0103 obliga\u021bia monitoriz\u0103rii debitului apelor, iar datele vor trebui transmise \u00een timp real \u0219i publicate pe site-ul Hidroelectrica. <\/p>\n<blockquote class=\"wp-block-quote\">\n<p>\u201cAcest proiect de acord vine cu o serie de obliga\u021bii clare:<\/p>\n<\/blockquote>\n<ul>\n<li>1. C\u00e2nd a ajuns prima dat\u0103 la minister, dosarul pentru hidrocentrala de la Surduc-Siriu cuprindea ,,posibilitatea\u201d de a fi implementate m\u0103suri pentru protec\u021bia speciilor din acele r\u00e2uri. La finalul analizei, acordul cuprinde obliga\u021bia clar\u0103 de a implementa m\u0103suri. \u0218i e o obliga\u021bie cu termeni tehnici care trebuie respecta\u021bi. <\/li>\n<li>2. Au fost introduse prevederi exprese pentru monitorizarea debitului ecologic \u00een amonte \u0219i \u00een aval cu sta\u021bii omologate. <\/li>\n<li>3. Am introdus obliga\u021bia de a se transmite live datele colectate prin sta\u021bii pe site-ul Hidroelectrica.\u201d<\/li>\n<\/ul>\n<p>Ministrul Mediului anun\u021b\u0103 c\u0103 documentul lansat<br \/>\n\u00een dezbatere stabile\u0219te \u0219i sanc\u021biuni: nerespectarea debitului ecologic poate<br \/>\nduce la suspendarea autoriza\u021biei de gospod\u0103rire a apelor.<\/p>\n<p>Un alt punct extrem de important:  Hidroelectrica va trebui s\u0103 realizeze un studiu pentru a vedea dac\u0103 exist\u0103 riscul ca satele din zona de munte a Buz\u0103ului s\u0103 r\u0103m\u00e2n\u0103 f\u0103r\u0103 ap\u0103. Dac\u0103 se va contura acest risc, proiectul nu va primi und\u0103 verde de func\u021bionare f\u0103r\u0103 m\u0103suri pentru protejarea comunit\u0103\u021bii.<\/p>\n<blockquote class=\"wp-block-quote\">\n<p>\u201c- Am prev\u0103zut obliga\u021bia de a se respecta debitul ecologic, cu sanc\u021biunea de a fi suspendat\u0103 autoriza\u021bia de gospod\u0103rirea apelor dac\u0103 aceste debite nu sunt respectate. <\/p>\n<p>\u2013 A fost introdus\u0103 obliga\u021bia de a se realiza un studiu de c\u0103tre Hidroelectrica, p\u00e2n\u0103 la finalizarea lucr\u0103rilor, pentru a ne asigura c\u0103 toate comunit\u0103\u021bile din zon\u0103 nu vor r\u0103m\u00e2ne f\u0103r\u0103 ap\u0103 \u2013 vorbim de mii de locuitori pentru care e normal s\u0103 fie f\u0103cut\u0103 aceast\u0103 analiz\u0103. <\/p>\n<p>\u2013 Dac\u0103 din studiu va reie\u0219i c\u0103 exist\u0103 acest risc de a r\u0103m\u00e2ne f\u0103r\u0103 ap\u0103 satele din zon\u0103, exist\u0103 obliga\u021bia expres men\u021bionat\u0103 ca, p\u00e2n\u0103 la emiterea autoriza\u021biei de func\u021bionare, s\u0103 fie implementate \u0219i m\u0103suri de mediere a acestui risc cu privire la accesul la ap\u0103 al locuitorilor din zon\u0103.\u201d<\/p>\n<\/blockquote>\n<p>\u00centre timp, ieri, Hidroelectrica a<br \/>\nscos la licita\u021bie achzii\u021bia \u0219i montarea echipamentelor necesare pentru<br \/>\nrealizarea Centralei Nehoia\u015fu II \u015fi extinderea sta\u0163iei de transformare din<br \/>\ncadrul Amenaj\u0103rii Hidroenergetice Surduc-Siriu. Contractul este estimat la<br \/>\naproximativ 49,5 milioane euro, f\u0103r\u0103 TVA. <\/p>\n<p>Reamintim, anul trecut, \u00een var\u0103, ministrul Diana Buzoianu a f\u0103cut o vizit\u0103 la Gura Teghii \u0219i a stat de vorb\u0103 cu localnicii, care \u0219i-au exprimat temerile legate de faptul c\u0103 amenajrea hidrotehnic\u0103 de la Surduc i-ar putea l\u0103sa f\u0103r\u0103 ap\u0103. La acel moment, ministrul a declarat c\u0103 acest proiect nu va primi und\u0103 verde f\u0103r\u0103 studii exacte, care s\u0103 arate impactul asupra mediului \u0219i comunit\u0103\u021bii.<\/p>\n<p>Proiectul amenaj\u0103rii hidrotehnice de la Surduc la Nehoia\u0219u a fost elaborat \u00eenainte de 1989 \u0219i prevede amenajarea unui baraj la Surduc, pe B\u00e2sca Mare, realizarea unei aduc\u021biuni de 16 kilometri, p\u00e2n\u0103 la Nehoia\u0219u \u0219i captarea altor dou\u0103 r\u00e2uri care s\u0103 asigure debitul pentru o nou\u0103 hidrocentral\u0103: Nehoia\u0219u II.<\/p>\n<div class=\"meta-tags\"><span>Etichete<\/span><a href=\"https:\/\/sansanews.ro\/tag\/acord-de-mediu\/\" rel=\"tag\">acord de mediu<\/a><a href=\"https:\/\/sansanews.ro\/tag\/basca-mare\/\" rel=\"tag\">b\u00e2sca mare<\/a><a href=\"https:\/\/sansanews.ro\/tag\/hidrocentrala-surduc-siriu\/\" rel=\"tag\">hidrocentrala surduc siriu<\/a><a href=\"https:\/\/sansanews.ro\/tag\/ministrul-mediului-diana-buzoianu\/\" rel=\"tag\">ministrul mediului diana buzoianu<\/a><a href=\"https:\/\/sansanews.ro\/tag\/surduc-siriu\/\" rel=\"tag\">surduc siriu<\/a><\/div>\n<div class=\"herald-share-content\">\n<div class=\"meks_ess rectangle no-labels outline\"><a class=\"meks_ess-item socicon-facebook\" data-url=\"http:\/\/www.facebook.com\/sharer\/sharer.php?u=https%3A%2F%2Fsansanews.ro%2Fproiectul-surduc-siriu-in-linie-dreapta-ministrul-mediului-anunta-conditii-drastice-pentru-ca-mii-de-buzoieni-sa-nu-ramana-fara-apa%2F&amp;t=Proiectul%20Surduc-Siriu%2C%20%C3%AEn%20linie%20dreapt%C4%83.%20Ministrul%20Mediului%20anun%C8%9B%C4%83%20condi%C8%9Bii%20drastice%20pentru%20ca%20mii%20de%20buzoieni%20s%C4%83%20nu%20r%C4%83m%C3%A2n%C4%83%20f%C4%83r%C4%83%20ap%C4%83\"><span>Facebook<\/span><\/a><a href=\"https:\/\/api.whatsapp.com\/send?text=Proiectul%20Surduc-Siriu%2C%20%C3%AEn%20linie%20dreapt%C4%83.%20Ministrul%20Mediului%20anun%C8%9B%C4%83%20condi%C8%9Bii%20drastice%20pentru%20ca%20mii%20de%20buzoieni%20s%C4%83%20nu%20r%C4%83m%C3%A2n%C4%83%20f%C4%83r%C4%83%20ap%C4%83%20https%3A%2F%2Fsansanews.ro%2Fproiectul-surduc-siriu-in-linie-dreapta-ministrul-mediului-anunta-conditii-drastice-pentru-ca-mii-de-buzoieni-sa-nu-ramana-fara-apa%2F\" class=\"meks_ess-item socicon-whatsapp prevent-share-popup\"><span>WhatsApp<\/span><\/a><a class=\"meks_ess-item socicon-twitter\" data-url=\"http:\/\/twitter.com\/intent\/tweet?url=https%3A%2F%2Fsansanews.ro%2Fproiectul-surduc-siriu-in-linie-dreapta-ministrul-mediului-anunta-conditii-drastice-pentru-ca-mii-de-buzoieni-sa-nu-ramana-fara-apa%2F&amp;text=Proiectul%20Surduc-Siriu%2C%20%C3%AEn%20linie%20dreapt%C4%83.%20Ministrul%20Mediului%20anun%C8%9B%C4%83%20condi%C8%9Bii%20drastice%20pentru%20ca%20mii%20de%20buzoieni%20s%C4%83%20nu%20r%C4%83m%C3%A2n%C4%83%20f%C4%83r%C4%83%20ap%C4%83\"><span>Twitter<\/span><\/a><a class=\"meks_ess-item socicon-pinterest\" data-url=\"http:\/\/pinterest.com\/pin\/create\/button\/?url=https%3A%2F%2Fsansanews.ro%2Fproiectul-surduc-siriu-in-linie-dreapta-ministrul-mediului-anunta-conditii-drastice-pentru-ca-mii-de-buzoieni-sa-nu-ramana-fara-apa%2F&amp;media=https%3A%2F%2Fsansanews.ro%2Fwp-content%2Fuploads%2F2026%2F03%2Fsurduc.jpg&amp;description=Proiectul%20Surduc-Siriu%2C%20%C3%AEn%20linie%20dreapt%C4%83.%20Ministrul%20Mediului%20anun%C8%9B%C4%83%20condi%C8%9Bii%20drastice%20pentru%20ca%20mii%20de%20buzoieni%20s%C4%83%20nu%20r%C4%83m%C3%A2n%C4%83%20f%C4%83r%C4%83%20ap%C4%83\"><span>Pinterest<\/span><\/a><\/div>\n<\/div>\n<\/div>\n<div class=\"entry-content herald-entry-content\">\n<p>Anun\u021b important f\u0103cut de ministrul Mediului, Diana Buzoianu, privind proiectul hidrocentralei Surduc, un proiect intens contestat de ONG-uri \u0219i localnici, care spun c\u0103 impactul asupra mediului \u0219i comunit\u0103\u021bii va fi major, risc\u00e2nd chiar s\u0103 dispar\u0103 anumite cursuri de ap\u0103. <\/p>\n<div class=\"wp-block-image\">\n<figure class=\"alignright is-resized\"><img loading=\"lazy\" decoding=\"async\" src=\"https:\/\/sansanews.ro\/wp-content\/uploads\/2026\/03\/diana-buzoianu-1024x683.jpg\" alt class=\"wp-image-118379\" width=\"331\" height=\"221\"><\/figure>\n<\/div>\n<p> Printr-o postare pe Facebook, ministrul Diana Buzoianu a anun\u021bat lansarea \u00een transparen\u021b\u0103 decizional\u0103 a proiectului de acord de mediu pentru hidrocentrala Surduc\u2013Siriu. Ministrul subliniaz\u0103 c\u0103 proiectul a fost analizat atent \u0219i vine cu reguli noi, astfel \u00eenc\u00e2t s\u0103 fie evitate efectele negative asupra mediului \u0219i oamenilor.<\/p>\n<blockquote class=\"wp-block-quote\">\n<p>\u201cAm pus ast\u0103zi \u00een transparen\u021b\u0103 proiectul de acord de mediu pentru amenajarea hidroenergetic\u0103 Surduc-Siriu. <\/p>\n<p>A\u0219a cum am spus cu fiecare ocazie: acordurile de mediu se emit, dar se emit cu respectarea prevederilor legale. Asta \u00eenseamn\u0103 o analiz\u0103 temeinic\u0103 pentru c\u0103, la final, ce ne dorim este s\u0103 nu fie consecin\u021be nefaste pentru comunit\u0103\u021bile din zon\u0103.\u201d<\/p>\n<\/blockquote>\n<p>Ministrul Mediului spune c\u0103 acordul de mediu include condi\u021bii ferme \u0219i obliga\u021bii clare pentru Hidroelectrica. De exemplu, trebuie luate m\u0103suri pentru protejarea speciilor din cursurile de ap\u0103 din zon\u0103. De asemenea, a fost inclus\u0103 obliga\u021bia monitoriz\u0103rii debitului apelor, iar datele vor trebui transmise \u00een timp real \u0219i publicate pe site-ul Hidroelectrica. <\/p>\n<blockquote class=\"wp-block-quote\">\n<p>\u201cAcest proiect de acord vine cu o serie de obliga\u021bii clare:<\/p>\n<\/blockquote>\n<ul>\n<li>1. C\u00e2nd a ajuns prima dat\u0103 la minister, dosarul pentru hidrocentrala de la Surduc-Siriu cuprindea ,,posibilitatea\u201d de a fi implementate m\u0103suri pentru protec\u021bia speciilor din acele r\u00e2uri. La finalul analizei, acordul cuprinde obliga\u021bia clar\u0103 de a implementa m\u0103suri. \u0218i e o obliga\u021bie cu termeni tehnici care trebuie respecta\u021bi. <\/li>\n<li>2. Au fost introduse prevederi exprese pentru monitorizarea debitului ecologic \u00een amonte \u0219i \u00een aval cu sta\u021bii omologate. <\/li>\n<li>3. Am introdus obliga\u021bia de a se transmite live datele colectate prin sta\u021bii pe site-ul Hidroelectrica.\u201d<\/li>\n<\/ul>\n<p>Ministrul Mediului anun\u021b\u0103 c\u0103 documentul lansat<br \/>\n\u00een dezbatere stabile\u0219te \u0219i sanc\u021biuni: nerespectarea debitului ecologic poate<br \/>\nduce la suspendarea autoriza\u021biei de gospod\u0103rire a apelor.<\/p>\n<p>Un alt punct extrem de important:  Hidroelectrica va trebui s\u0103 realizeze un studiu pentru a vedea dac\u0103 exist\u0103 riscul ca satele din zona de munte a Buz\u0103ului s\u0103 r\u0103m\u00e2n\u0103 f\u0103r\u0103 ap\u0103. Dac\u0103 se va contura acest risc, proiectul nu va primi und\u0103 verde de func\u021bionare f\u0103r\u0103 m\u0103suri pentru protejarea comunit\u0103\u021bii.<\/p>\n<blockquote class=\"wp-block-quote\">\n<p>\u201c- Am prev\u0103zut obliga\u021bia de a se respecta debitul ecologic, cu sanc\u021biunea de a fi suspendat\u0103 autoriza\u021bia de gospod\u0103rirea apelor dac\u0103 aceste debite nu sunt respectate. <\/p>\n<p>\u2013 A fost introdus\u0103 obliga\u021bia de a se realiza un studiu de c\u0103tre Hidroelectrica, p\u00e2n\u0103 la finalizarea lucr\u0103rilor, pentru a ne asigura c\u0103 toate comunit\u0103\u021bile din zon\u0103 nu vor r\u0103m\u00e2ne f\u0103r\u0103 ap\u0103 \u2013 vorbim de mii de locuitori pentru care e normal s\u0103 fie f\u0103cut\u0103 aceast\u0103 analiz\u0103. <\/p>\n<p>\u2013 Dac\u0103 din studiu va reie\u0219i c\u0103 exist\u0103 acest risc de a r\u0103m\u00e2ne f\u0103r\u0103 ap\u0103 satele din zon\u0103, exist\u0103 obliga\u021bia expres men\u021bionat\u0103 ca, p\u00e2n\u0103 la emiterea autoriza\u021biei de func\u021bionare, s\u0103 fie implementate \u0219i m\u0103suri de mediere a acestui risc cu privire la accesul la ap\u0103 al locuitorilor din zon\u0103.\u201d<\/p>\n<\/blockquote>\n<p>\u00centre timp, ieri, Hidroelectrica a<br \/>\nscos la licita\u021bie achzii\u021bia \u0219i montarea echipamentelor necesare pentru<br \/>\nrealizarea Centralei Nehoia\u015fu II \u015fi extinderea sta\u0163iei de transformare din<br \/>\ncadrul Amenaj\u0103rii Hidroenergetice Surduc-Siriu. Contractul este estimat la<br \/>\naproximativ 49,5 milioane euro, f\u0103r\u0103 TVA. <\/p>\n<p>Reamintim, anul trecut, \u00een var\u0103, ministrul Diana Buzoianu a f\u0103cut o vizit\u0103 la Gura Teghii \u0219i a stat de vorb\u0103 cu localnicii, care \u0219i-au exprimat temerile legate de faptul c\u0103 amenajrea hidrotehnic\u0103 de la Surduc i-ar putea l\u0103sa f\u0103r\u0103 ap\u0103. La acel moment, ministrul a declarat c\u0103 acest proiect nu va primi und\u0103 verde f\u0103r\u0103 studii exacte, care s\u0103 arate impactul asupra mediului \u0219i comunit\u0103\u021bii.<\/p>\n<p>Proiectul amenaj\u0103rii hidrotehnice de la Surduc la Nehoia\u0219u a fost elaborat \u00eenainte de 1989 \u0219i prevede amenajarea unui baraj la Surduc, pe B\u00e2sca Mare, realizarea unei aduc\u021biuni de 16 kilometri, p\u00e2n\u0103 la Nehoia\u0219u \u0219i captarea altor dou\u0103 r\u00e2uri care s\u0103 asigure debitul pentru o nou\u0103 hidrocentral\u0103: Nehoia\u0219u II.<\/p>\n<div class=\"meta-tags\"><span>Etichete<\/span><a href=\"https:\/\/sansanews.ro\/tag\/acord-de-mediu\/\" rel=\"tag\">acord de mediu<\/a><a href=\"https:\/\/sansanews.ro\/tag\/basca-mare\/\" rel=\"tag\">b\u00e2sca mare<\/a><a href=\"https:\/\/sansanews.ro\/tag\/hidrocentrala-surduc-siriu\/\" rel=\"tag\">hidrocentrala surduc siriu<\/a><a href=\"https:\/\/sansanews.ro\/tag\/ministrul-mediului-diana-buzoianu\/\" rel=\"tag\">ministrul mediului diana buzoianu<\/a><a href=\"https:\/\/sansanews.ro\/tag\/surduc-siriu\/\" rel=\"tag\">surduc siriu<\/a><\/div>\n<div class=\"herald-share-content\">\n<div class=\"meks_ess rectangle no-labels outline\"><a class=\"meks_ess-item socicon-facebook\" data-url=\"http:\/\/www.facebook.com\/sharer\/sharer.php?u=https%3A%2F%2Fsansanews.ro%2Fproiectul-surduc-siriu-in-linie-dreapta-ministrul-mediului-anunta-conditii-drastice-pentru-ca-mii-de-buzoieni-sa-nu-ramana-fara-apa%2F&amp;t=Proiectul%20Surduc-Siriu%2C%20%C3%AEn%20linie%20dreapt%C4%83.%20Ministrul%20Mediului%20anun%C8%9B%C4%83%20condi%C8%9Bii%20drastice%20pentru%20ca%20mii%20de%20buzoieni%20s%C4%83%20nu%20r%C4%83m%C3%A2n%C4%83%20f%C4%83r%C4%83%20ap%C4%83\"><span>Facebook<\/span><\/a><a href=\"https:\/\/api.whatsapp.com\/send?text=Proiectul%20Surduc-Siriu%2C%20%C3%AEn%20linie%20dreapt%C4%83.%20Ministrul%20Mediului%20anun%C8%9B%C4%83%20condi%C8%9Bii%20drastice%20pentru%20ca%20mii%20de%20buzoieni%20s%C4%83%20nu%20r%C4%83m%C3%A2n%C4%83%20f%C4%83r%C4%83%20ap%C4%83%20https%3A%2F%2Fsansanews.ro%2Fproiectul-surduc-siriu-in-linie-dreapta-ministrul-mediului-anunta-conditii-drastice-pentru-ca-mii-de-buzoieni-sa-nu-ramana-fara-apa%2F\" class=\"meks_ess-item socicon-whatsapp prevent-share-popup\"><span>WhatsApp<\/span><\/a><a class=\"meks_ess-item socicon-twitter\" data-url=\"http:\/\/twitter.com\/intent\/tweet?url=https%3A%2F%2Fsansanews.ro%2Fproiectul-surduc-siriu-in-linie-dreapta-ministrul-mediului-anunta-conditii-drastice-pentru-ca-mii-de-buzoieni-sa-nu-ramana-fara-apa%2F&amp;text=Proiectul%20Surduc-Siriu%2C%20%C3%AEn%20linie%20dreapt%C4%83.%20Ministrul%20Mediului%20anun%C8%9B%C4%83%20condi%C8%9Bii%20drastice%20pentru%20ca%20mii%20de%20buzoieni%20s%C4%83%20nu%20r%C4%83m%C3%A2n%C4%83%20f%C4%83r%C4%83%20ap%C4%83\"><span>Twitter<\/span><\/a><a class=\"meks_ess-item socicon-pinterest\" data-url=\"http:\/\/pinterest.com\/pin\/create\/button\/?url=https%3A%2F%2Fsansanews.ro%2Fproiectul-surduc-siriu-in-linie-dreapta-ministrul-mediului-anunta-conditii-drastice-pentru-ca-mii-de-buzoieni-sa-nu-ramana-fara-apa%2F&amp;media=https%3A%2F%2Fsansanews.ro%2Fwp-content%2Fuploads%2F2026%2F03%2Fsurduc.jpg&amp;description=Proiectul%20Surduc-Siriu%2C%20%C3%AEn%20linie%20dreapt%C4%83.%20Ministrul%20Mediului%20anun%C8%9B%C4%83%20condi%C8%9Bii%20drastice%20pentru%20ca%20mii%20de%20buzoieni%20s%C4%83%20nu%20r%C4%83m%C3%A2n%C4%83%20f%C4%83r%C4%83%20ap%C4%83\"><span>Pinterest<\/span><\/a><\/div>\n<\/div>\n<\/div>\n<p>[analyse_source url=&#8221;https:\/\/sansanews.ro\/proiectul-surduc-siriu-in-linie-dreapta-ministrul-mediului-anunta-conditii-drastice-pentru-ca-mii-de-buzoieni-sa-nu-ramana-fara-apa\/&#8221;]<\/p>\n","protected":false},"excerpt":{"rendered":"<p>[analyse_image type=&#8221;featured&#8221; src=&#8221;https:\/\/sansanews.ro\/wp-content\/uploads\/2026\/03\/surduc.jpghttps:\/\/sansanews.ro\/wp-content\/uploads\/2026\/03\/surduc.jpg&#8221;] Anun\u021b important f\u0103cut de ministrul Mediului, Diana Buzoianu, privind proiectul hidrocentralei Surduc, un proiect intens contestat de ONG-uri \u0219i localnici, care spun c\u0103 impactul asupra mediului \u0219i comunit\u0103\u021bii va fi major, risc\u00e2nd chiar s\u0103 dispar\u0103 anumite cursuri de ap\u0103. Printr-o postare pe Facebook, ministrul Diana Buzoianu a anun\u021bat lansarea \u00een transparen\u021b\u0103 decizional\u0103 [&hellip;]<\/p>\n","protected":false},"author":1,"featured_media":0,"comment_status":"open","ping_status":"","sticky":false,"template":"","format":"standard","meta":{"footnotes":""},"categories":[2],"tags":[226,51],"class_list":["post-1845806","post","type-post","status-publish","format-standard","hentry","category-politics","tag-crawlmanager","tag-sansanews-ro"],"_links":{"self":[{"href":"https:\/\/analyse.optim.biz\/index.php?rest_route=\/wp\/v2\/posts\/1845806","targetHints":{"allow":["GET"]}}],"collection":[{"href":"https:\/\/analyse.optim.biz\/index.php?rest_route=\/wp\/v2\/posts"}],"about":[{"href":"https:\/\/analyse.optim.biz\/index.php?rest_route=\/wp\/v2\/types\/post"}],"author":[{"embeddable":true,"href":"https:\/\/analyse.optim.biz\/index.php?rest_route=\/wp\/v2\/users\/1"}],"replies":[{"embeddable":true,"href":"https:\/\/analyse.optim.biz\/index.php?rest_route=%2Fwp%2Fv2%2Fcomments&post=1845806"}],"version-history":[{"count":0,"href":"https:\/\/analyse.optim.biz\/index.php?rest_route=\/wp\/v2\/posts\/1845806\/revisions"}],"wp:attachment":[{"href":"https:\/\/analyse.optim.biz\/index.php?rest_route=%2Fwp%2Fv2%2Fmedia&parent=1845806"}],"wp:term":[{"taxonomy":"category","embeddable":true,"href":"https:\/\/analyse.optim.biz\/index.php?rest_route=%2Fwp%2Fv2%2Fcategories&post=1845806"},{"taxonomy":"post_tag","embeddable":true,"href":"https:\/\/analyse.optim.biz\/index.php?rest_route=%2Fwp%2Fv2%2Ftags&post=1845806"}],"curies":[{"name":"wp","href":"https:\/\/api.w.org\/{rel}","templated":true}]}}