{"id":1845804,"date":"2026-03-25T08:55:37","date_gmt":"2026-03-25T05:55:37","guid":{"rendered":"https:\/\/analyse.optim.biz\/?p=1845804"},"modified":"2026-03-25T08:55:37","modified_gmt":"2026-03-25T05:55:37","slug":"schimbare-brusca-a-vremii-vant-si-ploi-in-toata-tara","status":"publish","type":"post","link":"https:\/\/analyse.optim.biz\/?p=1845804","title":{"rendered":"Schimbare brusc\u0103 a vremii. V\u00e2nt \u0219i ploi, \u00een toat\u0103 \u021bara"},"content":{"rendered":"<p>[analyse_image type=&#8221;featured&#8221; src=&#8221;https:\/\/sansanews.ro\/wp-content\/uploads\/2021\/10\/ploi-1.jpghttps:\/\/sansanews.ro\/wp-content\/uploads\/2021\/10\/ploi-1.jpg&#8221;]<\/p>\n<div class=\"entry-content herald-entry-content\">\n<p>A doua parte a acestei s\u0103pt\u0103m\u00e2ni aduce o schimbare semnificativ\u0103 a vremii \u00een aproape toat\u0103 \u021bara. De m\u00e2ine \u0219i p\u00e2n\u0103 la \u00eenceputul s\u0103pt\u0103m\u00e2nii viitoare vor fi zile cu v\u00e2nt intens, ploi pe arii extinse \u0219i ninsori consistente la munte.<\/p>\n<p>M\u00e2ine, 26 martie, v\u00e2ntul \u00eencepe s\u0103 se intensifice \u00een vest, nord-est \u0219i centru. Pe timpul nop\u021bii, rafalele se mut\u0103 \u00een sud, afect\u00e2nd \u00een special Oltenia \u0219i Muntenia. Vitezele vor ajunge, \u00een general, la 45\u201355 km\/h, \u00eens\u0103 la munte rafalele pot dep\u0103\u0219i 70\u201380 km\/h, mai ales la altitudini mari.<\/p>\n<p>De vineri, vremea devine instabil\u0103 \u00een toat\u0103 \u021bara. Ploile vor intra dinspre sud-vest \u0219i se vor extinde treptat, cuprinz\u00e2nd toate regiunile. \u00cen acela\u0219i timp, la munte va ninge. Cantit\u0103\u021bile de ap\u0103 vor fi \u00een general moderate, \u00eentre 20 \u0219i 25 l\/mp, \u00eens\u0103 \u00een unele zone pot dep\u0103\u0219i 35 l\/mp.<\/p>\n<blockquote class=\"wp-block-quote\">\n<p>\u201cTemporar  vor fi intensific\u0103ri ale v\u00e2ntului, joi (26 martie) \u00een Banat, Cri\u0219ana,  Moldova \u0219i sudul Transilvaniei \u0219i noaptea \u00eendeosebi \u00een Oltenia \u0219i  Muntenia, iar vineri (27 martie) \u0219i s\u00e2mb\u0103t\u0103 (28 martie) \u00een cea mai mare  parte a \u021b\u0103rii, cu viteze \u00een general de 45\u202655 km\/h. La munte, mai ales  la altitudini mari, vor fi rafale de peste 70\u202680 km\/h.<\/p>\n<p>   \u00a0 \u00a0 \u00a0De vineri (27 martie), ploile se vor extinde dinspre sud-vest \u0219i  vor cuprinde treptat toate regiunile. La munte, cu prec\u0103dere la  altitudini mai mari de 1700 m, la \u00eenceput \u00een Carpa\u021bii Meridionali apoi  \u0219i \u00een restul zonelor montane va ninge \u0219i se va depune strat de z\u0103pad\u0103,  local consistent. P\u00e2n\u0103 la sf\u00e2r\u0219itul intervalului se vor acumula  cantit\u0103\u021bi de ap\u0103 moderate de 20\u202625 l\/mp \u0219i local de peste 35 l\/mp, cu  prec\u0103dere \u00een sudul \u0219i sud-vestul \u021b\u0103rii, precum \u0219i \u00een zonele montane \u0219i  submontane\u201d, anun\u021b\u0103 meteorologii, printr-o informare de vreme capricioas\u0103.<\/p>\n<\/blockquote>\n<p>Pe fondul v\u00e2ntului \u0219i a ploilor, temperaturile vor fi \u00een sc\u0103dere cu 5-6 grade fa\u021b\u0103 de zilele acestea.<\/p>\n<div class=\"meta-tags\"><span>Etichete<\/span><a href=\"https:\/\/sansanews.ro\/tag\/informare-meteo\/\" rel=\"tag\">informare meteo<\/a><a href=\"https:\/\/sansanews.ro\/tag\/ploi\/\" rel=\"tag\">ploi<\/a><a href=\"https:\/\/sansanews.ro\/tag\/vant\/\" rel=\"tag\">vant<\/a><\/div>\n<div class=\"herald-share-content\">\n<div class=\"meks_ess rectangle no-labels outline\"><a class=\"meks_ess-item socicon-facebook\" data-url=\"http:\/\/www.facebook.com\/sharer\/sharer.php?u=https%3A%2F%2Fsansanews.ro%2Fschimbare-brusca-a-vremii-vant-si-ploi-in-toata-tara%2F&amp;t=Schimbare%20brusc%C4%83%20a%20vremii.%20V%C3%A2nt%20%C8%99i%20ploi%2C%20%C3%AEn%20toat%C4%83%20%C8%9Bara\"><span>Facebook<\/span><\/a><a href=\"https:\/\/api.whatsapp.com\/send?text=Schimbare%20brusc%C4%83%20a%20vremii.%20V%C3%A2nt%20%C8%99i%20ploi%2C%20%C3%AEn%20toat%C4%83%20%C8%9Bara%20https%3A%2F%2Fsansanews.ro%2Fschimbare-brusca-a-vremii-vant-si-ploi-in-toata-tara%2F\" class=\"meks_ess-item socicon-whatsapp prevent-share-popup\"><span>WhatsApp<\/span><\/a><a class=\"meks_ess-item socicon-twitter\" data-url=\"http:\/\/twitter.com\/intent\/tweet?url=https%3A%2F%2Fsansanews.ro%2Fschimbare-brusca-a-vremii-vant-si-ploi-in-toata-tara%2F&amp;text=Schimbare%20brusc%C4%83%20a%20vremii.%20V%C3%A2nt%20%C8%99i%20ploi%2C%20%C3%AEn%20toat%C4%83%20%C8%9Bara\"><span>Twitter<\/span><\/a><a class=\"meks_ess-item socicon-pinterest\" data-url=\"http:\/\/pinterest.com\/pin\/create\/button\/?url=https%3A%2F%2Fsansanews.ro%2Fschimbare-brusca-a-vremii-vant-si-ploi-in-toata-tara%2F&amp;media=https%3A%2F%2Fsansanews.ro%2Fwp-content%2Fuploads%2F2021%2F10%2Fploi-1.jpg&amp;description=Schimbare%20brusc%C4%83%20a%20vremii.%20V%C3%A2nt%20%C8%99i%20ploi%2C%20%C3%AEn%20toat%C4%83%20%C8%9Bara\"><span>Pinterest<\/span><\/a><\/div>\n<\/div>\n<\/div>\n<div class=\"entry-content herald-entry-content\">\n<p>A doua parte a acestei s\u0103pt\u0103m\u00e2ni aduce o schimbare semnificativ\u0103 a vremii \u00een aproape toat\u0103 \u021bara. De m\u00e2ine \u0219i p\u00e2n\u0103 la \u00eenceputul s\u0103pt\u0103m\u00e2nii viitoare vor fi zile cu v\u00e2nt intens, ploi pe arii extinse \u0219i ninsori consistente la munte.<\/p>\n<p>M\u00e2ine, 26 martie, v\u00e2ntul \u00eencepe s\u0103 se intensifice \u00een vest, nord-est \u0219i centru. Pe timpul nop\u021bii, rafalele se mut\u0103 \u00een sud, afect\u00e2nd \u00een special Oltenia \u0219i Muntenia. Vitezele vor ajunge, \u00een general, la 45\u201355 km\/h, \u00eens\u0103 la munte rafalele pot dep\u0103\u0219i 70\u201380 km\/h, mai ales la altitudini mari.<\/p>\n<p>De vineri, vremea devine instabil\u0103 \u00een toat\u0103 \u021bara. Ploile vor intra dinspre sud-vest \u0219i se vor extinde treptat, cuprinz\u00e2nd toate regiunile. \u00cen acela\u0219i timp, la munte va ninge. Cantit\u0103\u021bile de ap\u0103 vor fi \u00een general moderate, \u00eentre 20 \u0219i 25 l\/mp, \u00eens\u0103 \u00een unele zone pot dep\u0103\u0219i 35 l\/mp.<\/p>\n<blockquote class=\"wp-block-quote\">\n<p>\u201cTemporar  vor fi intensific\u0103ri ale v\u00e2ntului, joi (26 martie) \u00een Banat, Cri\u0219ana,  Moldova \u0219i sudul Transilvaniei \u0219i noaptea \u00eendeosebi \u00een Oltenia \u0219i  Muntenia, iar vineri (27 martie) \u0219i s\u00e2mb\u0103t\u0103 (28 martie) \u00een cea mai mare  parte a \u021b\u0103rii, cu viteze \u00een general de 45\u202655 km\/h. La munte, mai ales  la altitudini mari, vor fi rafale de peste 70\u202680 km\/h.<\/p>\n<p>   \u00a0 \u00a0 \u00a0De vineri (27 martie), ploile se vor extinde dinspre sud-vest \u0219i  vor cuprinde treptat toate regiunile. La munte, cu prec\u0103dere la  altitudini mai mari de 1700 m, la \u00eenceput \u00een Carpa\u021bii Meridionali apoi  \u0219i \u00een restul zonelor montane va ninge \u0219i se va depune strat de z\u0103pad\u0103,  local consistent. P\u00e2n\u0103 la sf\u00e2r\u0219itul intervalului se vor acumula  cantit\u0103\u021bi de ap\u0103 moderate de 20\u202625 l\/mp \u0219i local de peste 35 l\/mp, cu  prec\u0103dere \u00een sudul \u0219i sud-vestul \u021b\u0103rii, precum \u0219i \u00een zonele montane \u0219i  submontane\u201d, anun\u021b\u0103 meteorologii, printr-o informare de vreme capricioas\u0103.<\/p>\n<\/blockquote>\n<p>Pe fondul v\u00e2ntului \u0219i a ploilor, temperaturile vor fi \u00een sc\u0103dere cu 5-6 grade fa\u021b\u0103 de zilele acestea.<\/p>\n<div class=\"meta-tags\"><span>Etichete<\/span><a href=\"https:\/\/sansanews.ro\/tag\/informare-meteo\/\" rel=\"tag\">informare meteo<\/a><a href=\"https:\/\/sansanews.ro\/tag\/ploi\/\" rel=\"tag\">ploi<\/a><a href=\"https:\/\/sansanews.ro\/tag\/vant\/\" rel=\"tag\">vant<\/a><\/div>\n<div class=\"herald-share-content\">\n<div class=\"meks_ess rectangle no-labels outline\"><a class=\"meks_ess-item socicon-facebook\" data-url=\"http:\/\/www.facebook.com\/sharer\/sharer.php?u=https%3A%2F%2Fsansanews.ro%2Fschimbare-brusca-a-vremii-vant-si-ploi-in-toata-tara%2F&amp;t=Schimbare%20brusc%C4%83%20a%20vremii.%20V%C3%A2nt%20%C8%99i%20ploi%2C%20%C3%AEn%20toat%C4%83%20%C8%9Bara\"><span>Facebook<\/span><\/a><a href=\"https:\/\/api.whatsapp.com\/send?text=Schimbare%20brusc%C4%83%20a%20vremii.%20V%C3%A2nt%20%C8%99i%20ploi%2C%20%C3%AEn%20toat%C4%83%20%C8%9Bara%20https%3A%2F%2Fsansanews.ro%2Fschimbare-brusca-a-vremii-vant-si-ploi-in-toata-tara%2F\" class=\"meks_ess-item socicon-whatsapp prevent-share-popup\"><span>WhatsApp<\/span><\/a><a class=\"meks_ess-item socicon-twitter\" data-url=\"http:\/\/twitter.com\/intent\/tweet?url=https%3A%2F%2Fsansanews.ro%2Fschimbare-brusca-a-vremii-vant-si-ploi-in-toata-tara%2F&amp;text=Schimbare%20brusc%C4%83%20a%20vremii.%20V%C3%A2nt%20%C8%99i%20ploi%2C%20%C3%AEn%20toat%C4%83%20%C8%9Bara\"><span>Twitter<\/span><\/a><a class=\"meks_ess-item socicon-pinterest\" data-url=\"http:\/\/pinterest.com\/pin\/create\/button\/?url=https%3A%2F%2Fsansanews.ro%2Fschimbare-brusca-a-vremii-vant-si-ploi-in-toata-tara%2F&amp;media=https%3A%2F%2Fsansanews.ro%2Fwp-content%2Fuploads%2F2021%2F10%2Fploi-1.jpg&amp;description=Schimbare%20brusc%C4%83%20a%20vremii.%20V%C3%A2nt%20%C8%99i%20ploi%2C%20%C3%AEn%20toat%C4%83%20%C8%9Bara\"><span>Pinterest<\/span><\/a><\/div>\n<\/div>\n<\/div>\n<p>[analyse_source url=&#8221;https:\/\/sansanews.ro\/schimbare-brusca-a-vremii-vant-si-ploi-in-toata-tara\/&#8221;]<\/p>\n","protected":false},"excerpt":{"rendered":"<p>[analyse_image type=&#8221;featured&#8221; src=&#8221;https:\/\/sansanews.ro\/wp-content\/uploads\/2021\/10\/ploi-1.jpghttps:\/\/sansanews.ro\/wp-content\/uploads\/2021\/10\/ploi-1.jpg&#8221;] A doua parte a acestei s\u0103pt\u0103m\u00e2ni aduce o schimbare semnificativ\u0103 a vremii \u00een aproape toat\u0103 \u021bara. De m\u00e2ine \u0219i p\u00e2n\u0103 la \u00eenceputul s\u0103pt\u0103m\u00e2nii viitoare vor fi zile cu v\u00e2nt intens, ploi pe arii extinse \u0219i ninsori consistente la munte. M\u00e2ine, 26 martie, v\u00e2ntul \u00eencepe s\u0103 se intensifice \u00een vest, nord-est \u0219i centru. [&hellip;]<\/p>\n","protected":false},"author":1,"featured_media":0,"comment_status":"open","ping_status":"","sticky":false,"template":"","format":"standard","meta":{"footnotes":""},"categories":[2],"tags":[226,51],"class_list":["post-1845804","post","type-post","status-publish","format-standard","hentry","category-politics","tag-crawlmanager","tag-sansanews-ro"],"_links":{"self":[{"href":"https:\/\/analyse.optim.biz\/index.php?rest_route=\/wp\/v2\/posts\/1845804","targetHints":{"allow":["GET"]}}],"collection":[{"href":"https:\/\/analyse.optim.biz\/index.php?rest_route=\/wp\/v2\/posts"}],"about":[{"href":"https:\/\/analyse.optim.biz\/index.php?rest_route=\/wp\/v2\/types\/post"}],"author":[{"embeddable":true,"href":"https:\/\/analyse.optim.biz\/index.php?rest_route=\/wp\/v2\/users\/1"}],"replies":[{"embeddable":true,"href":"https:\/\/analyse.optim.biz\/index.php?rest_route=%2Fwp%2Fv2%2Fcomments&post=1845804"}],"version-history":[{"count":0,"href":"https:\/\/analyse.optim.biz\/index.php?rest_route=\/wp\/v2\/posts\/1845804\/revisions"}],"wp:attachment":[{"href":"https:\/\/analyse.optim.biz\/index.php?rest_route=%2Fwp%2Fv2%2Fmedia&parent=1845804"}],"wp:term":[{"taxonomy":"category","embeddable":true,"href":"https:\/\/analyse.optim.biz\/index.php?rest_route=%2Fwp%2Fv2%2Fcategories&post=1845804"},{"taxonomy":"post_tag","embeddable":true,"href":"https:\/\/analyse.optim.biz\/index.php?rest_route=%2Fwp%2Fv2%2Ftags&post=1845804"}],"curies":[{"name":"wp","href":"https:\/\/api.w.org\/{rel}","templated":true}]}}