{"id":1845736,"date":"2026-03-25T11:19:32","date_gmt":"2026-03-25T08:19:32","guid":{"rendered":"https:\/\/analyse.optim.biz\/?p=1845736"},"modified":"2026-03-25T11:19:32","modified_gmt":"2026-03-25T08:19:32","slug":"final-de-cariera-pentru-campionul-bogdan-dinu","status":"publish","type":"post","link":"https:\/\/analyse.optim.biz\/?p=1845736","title":{"rendered":"Final de carier\u0103 pentru campionul Bogdan Dinu"},"content":{"rendered":"<p>[analyse_image type=&#8221;featured&#8221; src=&#8221;https:\/\/www.buzau.net\/stiri-din-buzau\/wp-content\/uploads\/2026\/03\/bogdan-dinu.jpg&#8221;]<\/p>\n<div id=\"mvp-content-main\" class=\"left relative\">\n<p>Unul dintre cei mai cunoscu\u021bi pugili\u0219ti rom\u00e2ni la categoria grea, Bogdan Dinu, a confirmat retragerea din boxul profesionist la v\u00e2rsta de 39 de ani. Cunoscut sub pseudonimul \u201eGoliath\u201d, sportivul a ales s\u0103 se dedice exclusiv carierei de poli\u021bist \u00een cadrul Serviciului de Ac\u021biuni Speciale al IPJ Buz\u0103u, unde activeaz\u0103 ca agent \u0219ef principal.<\/p>\n<p>Anun\u021bul a fost f\u0103cut \u00eentr-un cadru simbolic, \u00een timpul unui eveniment organizat de Inspectoratul de Poli\u021bie Jude\u021bean Buz\u0103u cu ocazia Zilei Poli\u021biei Rom\u00e2ne. \u00cen fa\u021ba unei noi genera\u021bii de tineri sportivi premia\u021bi pentru performan\u021bele lor, Dinu a vorbit despre decizia de a l\u0103sa definitiv m\u0103nu\u0219ile \u00een cui, transform\u00e2nd momentul \u00eentr-o lec\u021bie despre disciplin\u0103 \u0219i continuitate dincolo de performan\u021ba sportiv\u0103.<\/p>\n<p>\u201eNeoficial m-am retras, oficial a\u0219tept s\u0103 fac o festivitate \u00een acest sens. \u00cen cariera mea la IPJ, sportul a contat foarte mult. Consider c\u0103 sportivii sunt cele mai bune \u2018produse\u2019 care pot veni \u00een aceast\u0103 meserie\u201d, a declarat Bogdan Dinu, subliniind importan\u021ba rezilien\u021bei \u0219i a preg\u0103tirii fizice dob\u00e2ndite \u00een ring pentru activitatea de poli\u021bist.<\/p>\n<p>Retragerea din box nu \u00eenseamn\u0103 \u00eens\u0103 \u0219i o retragere din via\u021ba activ\u0103. Dinu r\u0103m\u00e2ne o pies\u0103 de baz\u0103 \u00een trupele speciale ale poli\u021biei buzoiene, unde experien\u021ba acumulat\u0103 \u00een ani de performan\u021b\u0103 este valorificat\u0103 \u00een misiuni operative. Conform legisla\u021biei \u00een vigoare, un poli\u021bist din structurile de ac\u021biuni speciale atinge pragul de pensionare, de regul\u0103, \u00een jurul v\u00e2rstei de 47\u201350 de ani, ceea ce \u00eenseamn\u0103 c\u0103 fostul campion va continua \u00een slujba legii pentru \u00eenc\u0103 cel pu\u021bin un deceniu.<\/p>\n<p>Bogdan Dinu las\u0103 \u00een urm\u0103 un palmares de referin\u021b\u0103 pentru sportul rom\u00e2nesc. Campion mondial de cade\u021bi \u00een 2003 \u0219i medaliat cu bronz la juniori \u00een 2004, buzoianul a debutat \u00een boxul profesionist \u00een 2008. De-a lungul carierei sale, a bifat 24 de meciuri, dintre care 20 s-au \u00eencheiat cu victoria sa, 16 dintre acestea fiind ob\u021binute prin KO, consolid\u00e2ndu-\u0219i astfel statutul de legend\u0103 a categoriei grea din Rom\u00e2nia.<\/p>\n<div class=\"heateor_sss_sharing_container heateor_sss_horizontal_sharing\" data-heateor-sss-href=\"https:\/\/www.buzau.net\/stiri-din-buzau\/final-de-cariera-pentru-campionul-bogdan-dinu\/\">\n<div class=\"heateor_sss_sharing_title\">DISTRIBUIE ACEST ARTICOL<\/div>\n<\/div>\n<\/div>\n<p>[analyse_source url=&#8221;https:\/\/www.buzau.net\/stiri-din-buzau\/final-de-cariera-pentru-campionul-bogdan-dinu\/&#8221;]<\/p>\n","protected":false},"excerpt":{"rendered":"<p>[analyse_image type=&#8221;featured&#8221; src=&#8221;https:\/\/www.buzau.net\/stiri-din-buzau\/wp-content\/uploads\/2026\/03\/bogdan-dinu.jpg&#8221;] Unul dintre cei mai cunoscu\u021bi pugili\u0219ti rom\u00e2ni la categoria grea, Bogdan Dinu, a confirmat retragerea din boxul profesionist la v\u00e2rsta de 39 de ani. Cunoscut sub pseudonimul \u201eGoliath\u201d, sportivul a ales s\u0103 se dedice exclusiv carierei de poli\u021bist \u00een cadrul Serviciului de Ac\u021biuni Speciale al IPJ Buz\u0103u, unde activeaz\u0103 ca agent \u0219ef [&hellip;]<\/p>\n","protected":false},"author":1,"featured_media":0,"comment_status":"open","ping_status":"","sticky":false,"template":"","format":"standard","meta":{"footnotes":""},"categories":[2],"tags":[113,226],"class_list":["post-1845736","post","type-post","status-publish","format-standard","hentry","category-politics","tag-buzau-net","tag-crawlmanager"],"_links":{"self":[{"href":"https:\/\/analyse.optim.biz\/index.php?rest_route=\/wp\/v2\/posts\/1845736","targetHints":{"allow":["GET"]}}],"collection":[{"href":"https:\/\/analyse.optim.biz\/index.php?rest_route=\/wp\/v2\/posts"}],"about":[{"href":"https:\/\/analyse.optim.biz\/index.php?rest_route=\/wp\/v2\/types\/post"}],"author":[{"embeddable":true,"href":"https:\/\/analyse.optim.biz\/index.php?rest_route=\/wp\/v2\/users\/1"}],"replies":[{"embeddable":true,"href":"https:\/\/analyse.optim.biz\/index.php?rest_route=%2Fwp%2Fv2%2Fcomments&post=1845736"}],"version-history":[{"count":0,"href":"https:\/\/analyse.optim.biz\/index.php?rest_route=\/wp\/v2\/posts\/1845736\/revisions"}],"wp:attachment":[{"href":"https:\/\/analyse.optim.biz\/index.php?rest_route=%2Fwp%2Fv2%2Fmedia&parent=1845736"}],"wp:term":[{"taxonomy":"category","embeddable":true,"href":"https:\/\/analyse.optim.biz\/index.php?rest_route=%2Fwp%2Fv2%2Fcategories&post=1845736"},{"taxonomy":"post_tag","embeddable":true,"href":"https:\/\/analyse.optim.biz\/index.php?rest_route=%2Fwp%2Fv2%2Ftags&post=1845736"}],"curies":[{"name":"wp","href":"https:\/\/api.w.org\/{rel}","templated":true}]}}