{"id":184556,"date":"2015-03-21T12:28:03","date_gmt":"2015-03-21T09:28:03","guid":{"rendered":"https:\/\/analyse.optim.biz\/?p=184556"},"modified":"2015-03-21T12:28:03","modified_gmt":"2015-03-21T09:28:03","slug":"calin-popescu-tariceanu-la-cn-al-psd-schimbarea-clasei-politice-nu-se-face-cu-zgomot-de-catuse","status":"publish","type":"post","link":"https:\/\/analyse.optim.biz\/?p=184556","title":{"rendered":"C\u0103lin Popescu T\u0103riceanu, la CN al PSD: Schimbarea clasei politice nu se face cu zgomot de c\u0103tu\u015fe"},"content":{"rendered":"<div class=\"entry data-app-meta data-app-meta-article\" data-embed-base-url-canonical=\"https:\/\/www.digi24.ro\/embed\/stiri\/actualitate\/politica\/calin-popescu-tariceanu-la-cn-al-psd-schimbarea-clasei-politice-nu-se-face-cu-zgomot-de-catuse-373465\">\n<p data-index=\"1\">Schimbarea clasei politice nu se face cu zgomot de c\u0103tu\u015fe, a declarat C\u0103lin Popescu T\u0103riceanu \u00een fa\u0163a social democra\u0163ilor prezen\u0163i la Consiliul Na\u0163ional. Un discurs bine ancorat \u00een prezent, \u00eentruc\u00e2t T\u0103riceanu este pre\u015fedinte al Senatului, iar Senatul are dou\u0103 cereri de arestare pe agend\u0103, pentru doi fo\u015fti mini\u015ftri PSD: Dan \u015eova \u015fi Darius V\u00e2lcov.<\/p>\n<p data-index=\"2\">\u201eRom\u00e2nii se a\u015fteapt\u0103 la o nou\u0103 clas\u0103 politic\u0103. Mai bun\u0103, mai curat\u0103 \u015fi mai competent\u0103. Aceast\u0103 schimbare nu se face nici prin zgomot de c\u0103tu\u015fe \u015fi nici prin rotirea cadrelor. O schimbare se face prin modificarea unor legi care au generat corup\u0163ie.<\/p>\n<p data-index=\"3\">\u015etiu c\u0103 a ajuns o mod\u0103 s\u0103 critici parlamentari, mini\u015ftri, pre\u015fedin\u0163i de consilii jude\u0163ene. Privind acest spectacol, m\u0103 doare c\u0103 printre acuzatori sunt cei care au l\u0103sat Rom\u00e2nia \u00een genunchi\u201d, a declarat C\u0103lin Popescu T\u0103riceanu. <\/p>\n<\/div>\n<p> Source URL: https:\/\/www.digi24.ro\/stiri\/actualitate\/politica\/calin-popescu-tariceanu-la-cn-al-psd-schimbarea-clasei-politice-nu-se-face-cu-zgomot-de-catuse-373465<\/p>\n","protected":false},"excerpt":{"rendered":"<p>Schimbarea clasei politice nu se face cu zgomot de c\u0103tu\u015fe, a declarat C\u0103lin Popescu T\u0103riceanu \u00een fa\u0163a social democra\u0163ilor prezen\u0163i la Consiliul Na\u0163ional. Un discurs bine ancorat \u00een prezent, \u00eentruc\u00e2t T\u0103riceanu este pre\u015fedinte al Senatului, iar Senatul are dou\u0103 cereri de arestare pe agend\u0103, pentru doi fo\u015fti mini\u015ftri PSD: Dan \u015eova \u015fi Darius V\u00e2lcov. \u201eRom\u00e2nii [&hellip;]<\/p>\n","protected":false},"author":1,"featured_media":184557,"comment_status":"open","ping_status":"","sticky":false,"template":"","format":"standard","meta":{"footnotes":""},"categories":[2],"tags":[11],"class_list":["post-184556","post","type-post","status-publish","format-standard","has-post-thumbnail","hentry","category-politics","tag-digi24"],"_links":{"self":[{"href":"https:\/\/analyse.optim.biz\/index.php?rest_route=\/wp\/v2\/posts\/184556","targetHints":{"allow":["GET"]}}],"collection":[{"href":"https:\/\/analyse.optim.biz\/index.php?rest_route=\/wp\/v2\/posts"}],"about":[{"href":"https:\/\/analyse.optim.biz\/index.php?rest_route=\/wp\/v2\/types\/post"}],"author":[{"embeddable":true,"href":"https:\/\/analyse.optim.biz\/index.php?rest_route=\/wp\/v2\/users\/1"}],"replies":[{"embeddable":true,"href":"https:\/\/analyse.optim.biz\/index.php?rest_route=%2Fwp%2Fv2%2Fcomments&post=184556"}],"version-history":[{"count":0,"href":"https:\/\/analyse.optim.biz\/index.php?rest_route=\/wp\/v2\/posts\/184556\/revisions"}],"wp:featuredmedia":[{"embeddable":true,"href":"https:\/\/analyse.optim.biz\/index.php?rest_route=\/wp\/v2\/media\/184557"}],"wp:attachment":[{"href":"https:\/\/analyse.optim.biz\/index.php?rest_route=%2Fwp%2Fv2%2Fmedia&parent=184556"}],"wp:term":[{"taxonomy":"category","embeddable":true,"href":"https:\/\/analyse.optim.biz\/index.php?rest_route=%2Fwp%2Fv2%2Fcategories&post=184556"},{"taxonomy":"post_tag","embeddable":true,"href":"https:\/\/analyse.optim.biz\/index.php?rest_route=%2Fwp%2Fv2%2Ftags&post=184556"}],"curies":[{"name":"wp","href":"https:\/\/api.w.org\/{rel}","templated":true}]}}