{"id":1845499,"date":"2026-03-25T07:12:37","date_gmt":"2026-03-25T04:12:37","guid":{"rendered":"https:\/\/analyse.optim.biz\/?p=1845499"},"modified":"2026-03-25T07:12:37","modified_gmt":"2026-03-25T04:12:37","slug":"buzoianul-eduard-ionescu-campion-national-la-tenis-de-masa","status":"publish","type":"post","link":"https:\/\/analyse.optim.biz\/?p=1845499","title":{"rendered":"Buzoianul Eduard Ionescu, campion na\u021bional la tenis de mas\u0103"},"content":{"rendered":"<p>[analyse_image type=&#8221;featured&#8221; src=&#8221;https:\/\/www.buzau.net\/stiri-din-buzau\/wp-content\/uploads\/2026\/03\/tenis-de-masa.jpg&#8221;]<\/p>\n<div id=\"mvp-content-main\" class=\"left relative\">\n<p>Tenisul de mas\u0103 buzoian a fost reprezentat cu succes la Campionatul Na\u021bional Individual Seniori 2026, desf\u0103\u0219urat \u00eentre 19 \u0219i 22 martie \u00een Sala Polivalent\u0103 Rapid, o competi\u021bie care a adunat la start cei mai valoro\u0219i sportivi ai \u021b\u0103rii. Eduard Ionescu a cucerit medalia de aur \u00een proba de simplu masculin, \u00een timp ce experimentatul Ovidiu Ionescu a ob\u021binut medalia de bronz.<\/p>\n<p>Marele c\u00e2\u0219tig\u0103tor al na\u021bionalelor a fost Eduard Ionescu, care \u0219i-a adjudecat proba regin\u0103, cea de simplu masculin. \u00centr-o final\u0103 dramatic\u0103, t\u00e2n\u0103rul din Buz\u0103u s-a impus \u00een fa\u021ba lui Iulian Chiri\u021b\u0103, de la Rapid, adjudec\u00e2ndu-\u0219i setul decisiv cu scorul de 11-9. Podiumul a fost completat de un alt buzoian, Ovidiu Ionescu, legitimat tot la Rapid. Prezen\u021b\u0103 constant\u0103 \u00een fazele finale ale competi\u021biilor majore, acesta \u0219i-a confirmat experien\u021ba \u00eentr-un tablou dominat de juc\u0103tori tineri.<\/p>\n<p>Performan\u021ba lui Eduard Ionescu a continuat \u0219i \u00een probele de dublu. Acesta a ob\u021binut medalia de aur la dublu mixt, al\u0103turi de Bernadette Szocs, \u00eentr-o final\u0103 Steaua-Rapid contra perechii Alin Spelbu\u0219\/Irina Ciobanu. Singura final\u0103 pierdut\u0103 de sportivul buzoian a fost cea de la dublu masculin, unde, \u00een echip\u0103 cu Darius Movileanu, a cedat \u00een fa\u021ba dublului format din Rare\u0219 \u0218ipo\u0219 \u0219i Cristian Pletea de la CS Dinamo Bucure\u0219ti.<\/p>\n<p>Rezultatele ob\u021binute de sportivii buzoieni cap\u0103t\u0103 o greutate suplimentar\u0103 av\u00e2nd \u00een vedere contextul competitiv ridicat, cu meciuri echilibrate \u0219i diferen\u021be mici \u00een fazele decisive. \u00cen competi\u021bia feminin\u0103, titlul na\u021bional la simplu a fost c\u00e2\u0219tigat de Bernadette Szocs, care a \u00eenvins-o \u00een final\u0103 pe Adina Diaconu.<\/p>\n<iframe loading=\"lazy\" src=\"https:\/\/www.facebook.com\/plugins\/post.php?href=https%3A%2F%2Fwww.facebook.com%2Ffrtmromania%2Fposts%2Fpfbid094wTvzYMEbU871cdFRB778Db5WMbsopN9XdiPKYAaaUhWuGmm8nruQPDqn4Mo7Eul&amp;show_text=true&amp;width=500\" width=\"500\" height=\"767\" frameborder scrolling=\"no\" allowfullscreen=\"allowfullscreen\"><\/iframe>\n<div class=\"heateor_sss_sharing_container heateor_sss_horizontal_sharing\" data-heateor-sss-href=\"https:\/\/www.buzau.net\/stiri-din-buzau\/buzoianul-eduard-ionescu-campion-national-la-tenis-de-masa\/\">\n<div class=\"heateor_sss_sharing_title\">DISTRIBUIE ACEST ARTICOL<\/div>\n<\/div>\n<\/div>\n<p>[analyse_source url=&#8221;https:\/\/www.buzau.net\/stiri-din-buzau\/buzoianul-eduard-ionescu-campion-national-la-tenis-de-masa\/&#8221;]<\/p>\n","protected":false},"excerpt":{"rendered":"<p>[analyse_image type=&#8221;featured&#8221; src=&#8221;https:\/\/www.buzau.net\/stiri-din-buzau\/wp-content\/uploads\/2026\/03\/tenis-de-masa.jpg&#8221;] Tenisul de mas\u0103 buzoian a fost reprezentat cu succes la Campionatul Na\u021bional Individual Seniori 2026, desf\u0103\u0219urat \u00eentre 19 \u0219i 22 martie \u00een Sala Polivalent\u0103 Rapid, o competi\u021bie care a adunat la start cei mai valoro\u0219i sportivi ai \u021b\u0103rii. Eduard Ionescu a cucerit medalia de aur \u00een proba de simplu masculin, \u00een timp [&hellip;]<\/p>\n","protected":false},"author":1,"featured_media":0,"comment_status":"open","ping_status":"","sticky":false,"template":"","format":"standard","meta":{"footnotes":""},"categories":[2],"tags":[113,226],"class_list":["post-1845499","post","type-post","status-publish","format-standard","hentry","category-politics","tag-buzau-net","tag-crawlmanager"],"_links":{"self":[{"href":"https:\/\/analyse.optim.biz\/index.php?rest_route=\/wp\/v2\/posts\/1845499","targetHints":{"allow":["GET"]}}],"collection":[{"href":"https:\/\/analyse.optim.biz\/index.php?rest_route=\/wp\/v2\/posts"}],"about":[{"href":"https:\/\/analyse.optim.biz\/index.php?rest_route=\/wp\/v2\/types\/post"}],"author":[{"embeddable":true,"href":"https:\/\/analyse.optim.biz\/index.php?rest_route=\/wp\/v2\/users\/1"}],"replies":[{"embeddable":true,"href":"https:\/\/analyse.optim.biz\/index.php?rest_route=%2Fwp%2Fv2%2Fcomments&post=1845499"}],"version-history":[{"count":0,"href":"https:\/\/analyse.optim.biz\/index.php?rest_route=\/wp\/v2\/posts\/1845499\/revisions"}],"wp:attachment":[{"href":"https:\/\/analyse.optim.biz\/index.php?rest_route=%2Fwp%2Fv2%2Fmedia&parent=1845499"}],"wp:term":[{"taxonomy":"category","embeddable":true,"href":"https:\/\/analyse.optim.biz\/index.php?rest_route=%2Fwp%2Fv2%2Fcategories&post=1845499"},{"taxonomy":"post_tag","embeddable":true,"href":"https:\/\/analyse.optim.biz\/index.php?rest_route=%2Fwp%2Fv2%2Ftags&post=1845499"}],"curies":[{"name":"wp","href":"https:\/\/api.w.org\/{rel}","templated":true}]}}