{"id":184528,"date":"2015-03-21T17:59:08","date_gmt":"2015-03-21T14:59:08","guid":{"rendered":"https:\/\/analyse.optim.biz\/?p=184528"},"modified":"2015-03-21T17:59:08","modified_gmt":"2015-03-21T14:59:08","slug":"klaus-iohannis-combaterea-rasismului-a-discriminarii-rasiale-a-xenofobiei-si-intolerantei-e-o-obligatie","status":"publish","type":"post","link":"https:\/\/analyse.optim.biz\/?p=184528","title":{"rendered":"Klaus Iohannis: Combaterea rasismului, a discrimin\u0103rii rasiale, a xenofobiei \u015fi intoleran\u0163ei e o obliga\u0163ie"},"content":{"rendered":"<div class=\"entry data-app-meta data-app-meta-article\" data-embed-base-url-canonical=\"https:\/\/www.digi24.ro\/embed\/stiri\/actualitate\/politica\/klaus-iohannis-combaterea-rasismului-a-discriminarii-rasiale-a-xenofobiei-si-intolerantei-e-o-obligatie-373509\">\n<p data-index=\"1\">\u00a0\u00a0<img decoding=\"async\" src=\"https:\/\/analyse.optim.biz\/wp-content\/uploads\/2024\/09\/ytlhnjvhywi0mjllogq5ymjlnwezmthknzi1oty2ma-thumb_.jpg\" data-skip-htmlfix=\"1\" title=\"ytlhnjvhywi0mjllogq5ymjlnwezmthknzi1oty2ma-thumb_\"><\/p>\n<p data-index=\"2\">\u201e<span>\u00cen aceast\u0103 zi special\u0103, aduc un omagiu tuturor celor care au luptat \u015fi lupt\u0103 pentru o lume a toleran\u0163ei, egalit\u0103\u0163ii de \u015fanse \u015fi drept\u0103\u0163ii. P\u0103strarea memoriei istorice cu privire la formele de discriminare rasial\u0103 care au marcat at\u00e2t de grav umanitatea este o datorie a prezentului \u015fi o necesitate pentru progresul oric\u0103rei societ\u0103\u0163i. Doar prin cunoa\u015fterea \u015fi \u00een\u0163elegerea tragediilor istorice devenim con\u015ftien\u0163i de impactul devastator pe care \u00eel poate avea discriminarea\u201d, se precizeaz\u0103 \u00een mesajul \u015fefului statului, remis de Administra\u0163ia Preziden\u0163ial\u0103.<\/span><\/p>\n<p data-index=\"3\">Pre\u015fedintele mai spune c\u0103 nu trebuie s\u0103 uit\u0103m c\u0103 \u201epentru libertatea de ast\u0103zi s-a luptat cu pre\u0163ul vie\u0163ii, iar noi suntem datori s\u0103 protej\u0103m \u015fi s\u0103 ap\u0103r\u0103m drepturile fundamentale ale omului pentru ca nedrept\u0103\u0163ile s\u0103 r\u0103m\u00e2n\u0103 lec\u0163ii ale trecutului \u015fi nu actualit\u0103\u0163i\u201d.<\/p>\n<p data-index=\"4\">\u201eDiversitatea \u015fi multiculturalismul fac lumea de ast\u0103zi mai bogat\u0103, iar renun\u0163area la prejudec\u0103\u0163i face societatea mai solid\u0103. \u015etim deja din secolul trecut c\u0103 discriminarea de orice fel contrazice valorile societ\u0103\u0163ii rom\u00e2ne\u015fti \u015fi mai ales respectul, acceptarea celuilalt \u015fi solidaritatea dintre noi. Combaterea rasismului, a discrimin\u0103rii rasiale, a xenofobiei \u015fi intoleran\u0163ei este o obliga\u0163ie nu doar a oamenilor politici sau a organiza\u0163iilor neguvernamentale, ci a \u00eentregii societ\u0103\u0163i rom\u00e2ne\u015fti\u201d, se mai precizeaz\u0103 \u00een mesajul lui\u00a0Klaus Iohannis, potrivit Mediafax.<\/p>\n<p data-index=\"5\">\u201e\u00cemi doresc ca mesajul meu, \u00een calitate de pre\u015fedinte al Rom\u00e2niei, s\u0103 contribuie la efortul comun \u00eempotriva discrimin\u0103rii rasiale de orice fel. \u00cen\u0163eleg\u00e2nd lec\u0163iile trecutului, vom avea puterea s\u0103 cre\u0103m \u00eempreun\u0103 un viitor al p\u0103cii \u015fi libert\u0103\u0163ii, al democra\u0163iei \u015fi toleran\u0163ei\u201d, mai transmite pre\u015fedintele Klaus Iohannis.<\/p>\n<\/div>\n<p> Source URL: https:\/\/www.digi24.ro\/stiri\/actualitate\/politica\/klaus-iohannis-combaterea-rasismului-a-discriminarii-rasiale-a-xenofobiei-si-intolerantei-e-o-obligatie-373509<\/p>\n","protected":false},"excerpt":{"rendered":"<p>\u00a0\u00a0 \u201e\u00cen aceast\u0103 zi special\u0103, aduc un omagiu tuturor celor care au luptat \u015fi lupt\u0103 pentru o lume a toleran\u0163ei, egalit\u0103\u0163ii de \u015fanse \u015fi drept\u0103\u0163ii. P\u0103strarea memoriei istorice cu privire la formele de discriminare rasial\u0103 care au marcat at\u00e2t de grav umanitatea este o datorie a prezentului \u015fi o necesitate pentru progresul oric\u0103rei societ\u0103\u0163i. Doar [&hellip;]<\/p>\n","protected":false},"author":1,"featured_media":184529,"comment_status":"open","ping_status":"","sticky":false,"template":"","format":"standard","meta":{"footnotes":""},"categories":[2],"tags":[11],"class_list":["post-184528","post","type-post","status-publish","format-standard","has-post-thumbnail","hentry","category-politics","tag-digi24"],"_links":{"self":[{"href":"https:\/\/analyse.optim.biz\/index.php?rest_route=\/wp\/v2\/posts\/184528","targetHints":{"allow":["GET"]}}],"collection":[{"href":"https:\/\/analyse.optim.biz\/index.php?rest_route=\/wp\/v2\/posts"}],"about":[{"href":"https:\/\/analyse.optim.biz\/index.php?rest_route=\/wp\/v2\/types\/post"}],"author":[{"embeddable":true,"href":"https:\/\/analyse.optim.biz\/index.php?rest_route=\/wp\/v2\/users\/1"}],"replies":[{"embeddable":true,"href":"https:\/\/analyse.optim.biz\/index.php?rest_route=%2Fwp%2Fv2%2Fcomments&post=184528"}],"version-history":[{"count":0,"href":"https:\/\/analyse.optim.biz\/index.php?rest_route=\/wp\/v2\/posts\/184528\/revisions"}],"wp:featuredmedia":[{"embeddable":true,"href":"https:\/\/analyse.optim.biz\/index.php?rest_route=\/wp\/v2\/media\/184529"}],"wp:attachment":[{"href":"https:\/\/analyse.optim.biz\/index.php?rest_route=%2Fwp%2Fv2%2Fmedia&parent=184528"}],"wp:term":[{"taxonomy":"category","embeddable":true,"href":"https:\/\/analyse.optim.biz\/index.php?rest_route=%2Fwp%2Fv2%2Fcategories&post=184528"},{"taxonomy":"post_tag","embeddable":true,"href":"https:\/\/analyse.optim.biz\/index.php?rest_route=%2Fwp%2Fv2%2Ftags&post=184528"}],"curies":[{"name":"wp","href":"https:\/\/api.w.org\/{rel}","templated":true}]}}