{"id":1845018,"date":"2026-03-20T12:14:04","date_gmt":"2026-03-20T09:14:04","guid":{"rendered":"https:\/\/analyse.optim.biz\/?p=1845018"},"modified":"2026-03-20T12:14:04","modified_gmt":"2026-03-20T09:14:04","slug":"cod-galben-de-vant-in-cinci-judete-si-in-bucuresti","status":"publish","type":"post","link":"https:\/\/analyse.optim.biz\/?p=1845018","title":{"rendered":"COD GALBEN DE V\u00c2NT \u00ceN CINCI JUDE\u021aE \u0218I \u00ceN BUCURE\u0218TI"},"content":{"rendered":"<p>[analyse_image type=&#8221;featured&#8221; src=&#8221;https:\/\/newss.ro\/wp-content\/uploads\/2026\/03\/harta-meteo-20-mar.jpg&#8221;]<\/p>\n<div class=\"td-post-content\">\n<div class=\"td-post-featured-image\"><a href=\"https:\/\/newss.ro\/wp-content\/uploads\/2026\/03\/harta-meteo-20-mar.jpg\" data-caption><img loading=\"lazy\" decoding=\"async\" width=\"696\" height=\"472\" class=\"entry-thumb td-modal-image\" src=\"https:\/\/newss.ro\/wp-content\/uploads\/2026\/03\/harta-meteo-20-mar-696x472.jpg\" alt title=\"harta meteo 20 mar\"><\/a><\/div>\n<p>Administra\u021bia Na\u021bional\u0103 de Meteorologie (ANM) a emis, vineri, o aten\u021bionare Cod galben de intensific\u0103ri ale v\u00e2ntului, valabil\u0103 pe parcursul zilei de s\u00e2mb\u0103t\u0103 \u00een zone din cinci jude\u021be \u0219i \u00een Municipiul Bucure\u0219ti.<\/p>\n<p>Potrivit meteorologilor, \u00een intervalul orar 10:00 \u2013 18:00, \u00een jude\u021bele Vrancea, Buz\u0103u, Ilfov, \u00een vestul jude\u021belor Ialomi\u021ba \u0219i C\u0103l\u0103ra\u0219i, precum \u0219i \u00een Capital\u0103, v\u00e2ntul va avea intensific\u0103ri cu viteze de 50 \u2013 65 km\/h. Totodat\u0103, \u00een Carpa\u021bii de Curbur\u0103 rafalele vor ajunge la 65 \u2013 75 km\/h.<\/p>\n<p>Prognoza de specialitate relev\u0103, totodat\u0103, c\u0103, \u00een perioada 20 martie, ora 10:00 \u2013 22 martie, ora 18:00, o informare de v\u00e2nt va viza, \u00een special, jum\u0103tatea de est a \u021b\u0103rii, unde viteza la rafal\u0103<br \/>\nva avea intensific\u0103ri \u00een general de 40 \u2013 45 km\/h, iar \u00een zona montan\u0103 \u00eenalt\u0103 de 60 \u2013 70 km\/h.<\/p>\n<p>\u00cen cursul zilei de vineri, este \u00een vigoare, p\u00e2n\u0103 la ora 18:00, o aten\u021bionare Cod galben de intensific\u0103ri ale v\u00e2ntului, valabil\u0103 \u00een zone din Dobrogea, estul Munteniei \u0219i sudul Moldovei. \u00cen aceste areale, v\u00e2ntul va avea intensific\u0103ri cu viteze de 50 \u2013 65 km\/h. \u00cen Carpa\u021bii de Curbur\u0103, rafalele vor fi de 70 \u2013 80 km\/h.<\/p>\n<p>Jude\u021bele afectate de v\u00e2nt aceast\u0103 aten\u021bionare sunt: Br\u0103ila, Buz\u0103u, C\u0103l\u0103ra\u0219i, Constan\u021ba, Gala\u021bi, Ialomi\u021ba, Tulcea \u0219i Vrancea.<\/p>\n<\/div>\n<div class=\"td-post-content\">\n<div class=\"td-post-featured-image\"><a href=\"https:\/\/newss.ro\/wp-content\/uploads\/2026\/03\/harta-meteo-20-mar.jpg\" data-caption><img loading=\"lazy\" decoding=\"async\" width=\"696\" height=\"472\" class=\"entry-thumb td-modal-image\" src=\"https:\/\/newss.ro\/wp-content\/uploads\/2026\/03\/harta-meteo-20-mar-696x472.jpg\" alt title=\"harta meteo 20 mar\"><\/a><\/div>\n<p>Administra\u021bia Na\u021bional\u0103 de Meteorologie (ANM) a emis, vineri, o aten\u021bionare Cod galben de intensific\u0103ri ale v\u00e2ntului, valabil\u0103 pe parcursul zilei de s\u00e2mb\u0103t\u0103 \u00een zone din cinci jude\u021be \u0219i \u00een Municipiul Bucure\u0219ti.<\/p>\n<p>Potrivit meteorologilor, \u00een intervalul orar 10:00 \u2013 18:00, \u00een jude\u021bele Vrancea, Buz\u0103u, Ilfov, \u00een vestul jude\u021belor Ialomi\u021ba \u0219i C\u0103l\u0103ra\u0219i, precum \u0219i \u00een Capital\u0103, v\u00e2ntul va avea intensific\u0103ri cu viteze de 50 \u2013 65 km\/h. Totodat\u0103, \u00een Carpa\u021bii de Curbur\u0103 rafalele vor ajunge la 65 \u2013 75 km\/h.<\/p>\n<p>Prognoza de specialitate relev\u0103, totodat\u0103, c\u0103, \u00een perioada 20 martie, ora 10:00 \u2013 22 martie, ora 18:00, o informare de v\u00e2nt va viza, \u00een special, jum\u0103tatea de est a \u021b\u0103rii, unde viteza la rafal\u0103<br \/>\nva avea intensific\u0103ri \u00een general de 40 \u2013 45 km\/h, iar \u00een zona montan\u0103 \u00eenalt\u0103 de 60 \u2013 70 km\/h.<\/p>\n<p>\u00cen cursul zilei de vineri, este \u00een vigoare, p\u00e2n\u0103 la ora 18:00, o aten\u021bionare Cod galben de intensific\u0103ri ale v\u00e2ntului, valabil\u0103 \u00een zone din Dobrogea, estul Munteniei \u0219i sudul Moldovei. \u00cen aceste areale, v\u00e2ntul va avea intensific\u0103ri cu viteze de 50 \u2013 65 km\/h. \u00cen Carpa\u021bii de Curbur\u0103, rafalele vor fi de 70 \u2013 80 km\/h.<\/p>\n<p>Jude\u021bele afectate de v\u00e2nt aceast\u0103 aten\u021bionare sunt: Br\u0103ila, Buz\u0103u, C\u0103l\u0103ra\u0219i, Constan\u021ba, Gala\u021bi, Ialomi\u021ba, Tulcea \u0219i Vrancea.<\/p>\n<\/div>\n<p>[analyse_source url=&#8221;https:\/\/newss.ro\/2026\/03\/20\/cod-galben-de-vant-in-cinci-judete-si-in-bucuresti\/&#8221;]<\/p>\n","protected":false},"excerpt":{"rendered":"<p>[analyse_image type=&#8221;featured&#8221; src=&#8221;https:\/\/newss.ro\/wp-content\/uploads\/2026\/03\/harta-meteo-20-mar.jpg&#8221;] Administra\u021bia Na\u021bional\u0103 de Meteorologie (ANM) a emis, vineri, o aten\u021bionare Cod galben de intensific\u0103ri ale v\u00e2ntului, valabil\u0103 pe parcursul zilei de s\u00e2mb\u0103t\u0103 \u00een zone din cinci jude\u021be \u0219i \u00een Municipiul Bucure\u0219ti. Potrivit meteorologilor, \u00een intervalul orar 10:00 \u2013 18:00, \u00een jude\u021bele Vrancea, Buz\u0103u, Ilfov, \u00een vestul jude\u021belor Ialomi\u021ba \u0219i C\u0103l\u0103ra\u0219i, precum \u0219i [&hellip;]<\/p>\n","protected":false},"author":1,"featured_media":0,"comment_status":"open","ping_status":"","sticky":false,"template":"","format":"standard","meta":{"footnotes":""},"categories":[2],"tags":[226,73],"class_list":["post-1845018","post","type-post","status-publish","format-standard","hentry","category-politics","tag-crawlmanager","tag-newss-ro"],"_links":{"self":[{"href":"https:\/\/analyse.optim.biz\/index.php?rest_route=\/wp\/v2\/posts\/1845018","targetHints":{"allow":["GET"]}}],"collection":[{"href":"https:\/\/analyse.optim.biz\/index.php?rest_route=\/wp\/v2\/posts"}],"about":[{"href":"https:\/\/analyse.optim.biz\/index.php?rest_route=\/wp\/v2\/types\/post"}],"author":[{"embeddable":true,"href":"https:\/\/analyse.optim.biz\/index.php?rest_route=\/wp\/v2\/users\/1"}],"replies":[{"embeddable":true,"href":"https:\/\/analyse.optim.biz\/index.php?rest_route=%2Fwp%2Fv2%2Fcomments&post=1845018"}],"version-history":[{"count":0,"href":"https:\/\/analyse.optim.biz\/index.php?rest_route=\/wp\/v2\/posts\/1845018\/revisions"}],"wp:attachment":[{"href":"https:\/\/analyse.optim.biz\/index.php?rest_route=%2Fwp%2Fv2%2Fmedia&parent=1845018"}],"wp:term":[{"taxonomy":"category","embeddable":true,"href":"https:\/\/analyse.optim.biz\/index.php?rest_route=%2Fwp%2Fv2%2Fcategories&post=1845018"},{"taxonomy":"post_tag","embeddable":true,"href":"https:\/\/analyse.optim.biz\/index.php?rest_route=%2Fwp%2Fv2%2Ftags&post=1845018"}],"curies":[{"name":"wp","href":"https:\/\/api.w.org\/{rel}","templated":true}]}}