{"id":1844918,"date":"2026-03-19T14:25:15","date_gmt":"2026-03-19T11:25:15","guid":{"rendered":"https:\/\/analyse.optim.biz\/?p=1844918"},"modified":"2026-03-19T14:25:15","modified_gmt":"2026-03-19T11:25:15","slug":"a-murit-copilul-de-14-ani-implicat-in-accidentul-de-la-maxineni","status":"publish","type":"post","link":"https:\/\/analyse.optim.biz\/?p=1844918","title":{"rendered":"A murit copilul de 14 ani implicat \u00een accidentul de la M\u0103xineni"},"content":{"rendered":"<p>[analyse_image type=&#8221;featured&#8221; src=&#8221;https:\/\/dobrogeanews.b-cdn.net\/wp-content\/uploads\/2026\/03\/copil-de-14-ani-mort-in-accident-rutier.jpg&#8221;]<\/p>\n<div id=\"post-69222\" class=\"entry single-default post-69222 post type-post status-publish format-standard has-post-thumbnail hentry category-stiri-interne tag-accident-rutier tag-copil tag-maxineni tag-mort\">\n<div>\n<div class=\"ss-follow-wrapper ss-clearfix ss-regular-buttons ss-columns-1 ss-default-style\">\n<div class=\"ss-follow-column\" data-ss-sf-network-id='\"facebook\"'><a href=\"https:\/\/www.facebook.com\/dobrogeanews\" class=\"ss-follow-network ss-facebook-color\" rel=\"nofollow noopener\" aria-label=\"facebook\" target=\"_blank\"><span class=\"ss-follow-network-label\">Urm\u0103re\u015fte-ne \u015fi pe Facebook!<\/span><span class=\"ss-follow-network-count\"><span class=\"ss-follow-network-count-number\">57K<\/span><span class=\"ss-follow-network-count-label\">Followers<\/span><\/span><\/a><\/div>\n<\/div>\n<\/div>\n<p>\u00cen urm\u0103 cu dou\u0103 zile, poli\u021bi\u0219tii au fost sesiza\u021bi c\u0103 \u00eentr-un accident pe DN 23, \u00een afara localit\u0103\u021bii M\u0103xineni \u00een care au fost implica\u021bi copii. <\/p>\n<p>\u00cen urma verific\u0103rilor a rezultat c\u0103 un t\u00e2n\u0103r de 19 de ani, din satul Latinu, \u00een timp ce conducea un autoturism \u00een care se aflau trei minori, pe DN 23, dinspre satul Latinu c\u0103tre localitatea M\u0103xineni, \u00eentr-o curb\u0103 a pierdut controlul volanului, a p\u0103r\u0103sit partea carosabil\u0103 din dreapta sensului sau de deplasare \u0219i s-a r\u0103sturnat.<\/p>\n<figure class=\"wp-block-image size-full is-resized\">\n<source type=\"image\/webp\" data-lazy-srcset=\"https:\/\/dobrogeanews.b-cdn.net\/wp-content\/uploads\/2026\/03\/copil-de-14-ani-mort-in-accident-rutier.jpg.webp 2560w, https:\/\/dobrogeanews.b-cdn.net\/wp-content\/uploads\/2026\/03\/copil-de-14-ani-mort-in-accident-rutier-300x213.jpg.webp 300w, https:\/\/dobrogeanews.b-cdn.net\/wp-content\/uploads\/2026\/03\/copil-de-14-ani-mort-in-accident-rutier-1024x727.jpg.webp 1024w, https:\/\/dobrogeanews.b-cdn.net\/wp-content\/uploads\/2026\/03\/copil-de-14-ani-mort-in-accident-rutier-768x545.jpg.webp 768w, https:\/\/dobrogeanews.b-cdn.net\/wp-content\/uploads\/2026\/03\/copil-de-14-ani-mort-in-accident-rutier-1536x1090.jpg.webp 1536w, https:\/\/dobrogeanews.b-cdn.net\/wp-content\/uploads\/2026\/03\/copil-de-14-ani-mort-in-accident-rutier-2048x1454.jpg.webp 2048w\" sizes=\"(max-width: 640px) 100vw, 640px\" \/><br \/>\n<img loading=\"lazy\" decoding=\"async\" src=\"https:\/\/dobrogeanews.b-cdn.net\/wp-content\/uploads\/2026\/03\/copil-de-14-ani-mort-in-accident-rutier.jpg\" alt=\"Accident rutier la M\u0103xineni\" width=\"640\" height=\"454\"><\/figure>\n<p>Au fost transporta\u021bi la spital doi copii de 14 \u0219i 15 ani, din sat Chi\u0219cani \u0219i o minor\u0103 de 15 ani din comuna M\u0103xineni. Ast\u0103zi copilul de 14 ani a murit dup\u0103 ce s-a luptat pentru via\u021b\u0103 timp de dou\u0103 zile. Poli\u021bi\u0219tii continu\u0103 cercet\u0103rile \u00een dosarul penal \u00eentocmit sub aspectul s\u0103v\u00e2r\u0219irii infrac\u021biunii de de ucidere din culp\u0103 \u0219i v\u0103t\u0103mare corporal\u0103 din culp\u0103.<\/p>\n<div class=\"monsterinsights-inline-popular-posts monsterinsights-inline-popular-posts-charlie monsterinsights-popular-posts-styled\">\n<div class=\"monsterinsights-inline-popular-posts-text\"><span class=\"monsterinsights-inline-popular-posts-label\">Vezi \u0219i:<\/span><\/p>\n<div class=\"monsterinsights-inline-popular-posts-post\"><a class=\"monsterinsights-inline-popular-posts-title\" href=\"https:\/\/www.dobrogeanews.ro\/video-primarul-stefan-ilie-raspunde-intrebarilor-privind-reabilitarea-strazilor-din-municipiul-tulcea\/\">(Video) Primarul \u0218tefan Ilie, r\u0103spunde \u00eentreb\u0103rilor privind reabilitarea Str\u0103zilor din Municipiul Tulcea<\/a><\/div>\n<div class=\"monsterinsights-inline-popular-posts-post\"><a class=\"monsterinsights-inline-popular-posts-title\" href=\"https:\/\/www.dobrogeanews.ro\/tulcea-impozitul-pentru-mijloacele-de-transport-2026-pe-intelesul-tuturor-cine-beneficiaza-de-reducere-sau-scutire\/\">Tulcea: Impozitul pentru mijloacele de transport\/2026 pe \u00een\u021belesul tuturor. Cine beneficiaz\u0103 de reducere sau scutire<\/a><\/div>\n<div class=\"monsterinsights-inline-popular-posts-post\"><a class=\"monsterinsights-inline-popular-posts-title\" href=\"https:\/\/www.dobrogeanews.ro\/cine-este-fata-de-18-ani-care-s-a-sinucis-la-tulcea-soapte-intre-lumi\/\">Cine este fata de 18 ani care s-a sinucis la Tulcea. \u0218oapte \u00eentre lumi \u2026<\/a><\/div>\n<\/div>\n<\/div>\n<p class=\"has-text-align-center has-white-color has-text-color has-background\"><span><a href=\"https:\/\/news.google.com\/publications\/CAAqBwgKMIu5pgsw88O-Aw?ceid=RO:ro&amp;oc=3\">Urm\u0103ri\u0163i \u015etirile Dobrogeanews \u015fi pe Google News<\/a><\/span><\/p>\n<\/div>\n<div id=\"post-69222\" class=\"entry single-default post-69222 post type-post status-publish format-standard has-post-thumbnail hentry category-stiri-interne tag-accident-rutier tag-copil tag-maxineni tag-mort\">\n<div>\n<div class=\"ss-follow-wrapper ss-clearfix ss-regular-buttons ss-columns-1 ss-default-style\">\n<div class=\"ss-follow-column\" data-ss-sf-network-id='\"facebook\"'><a href=\"https:\/\/www.facebook.com\/dobrogeanews\" class=\"ss-follow-network ss-facebook-color\" rel=\"nofollow noopener\" aria-label=\"facebook\" target=\"_blank\"><span class=\"ss-follow-network-label\">Urm\u0103re\u015fte-ne \u015fi pe Facebook!<\/span><span class=\"ss-follow-network-count\"><span class=\"ss-follow-network-count-number\">57K<\/span><span class=\"ss-follow-network-count-label\">Followers<\/span><\/span><\/a><\/div>\n<\/div>\n<\/div>\n<p>\u00cen urm\u0103 cu dou\u0103 zile, poli\u021bi\u0219tii au fost sesiza\u021bi c\u0103 \u00eentr-un accident pe DN 23, \u00een afara localit\u0103\u021bii M\u0103xineni \u00een care au fost implica\u021bi copii. <\/p>\n<p>\u00cen urma verific\u0103rilor a rezultat c\u0103 un t\u00e2n\u0103r de 19 de ani, din satul Latinu, \u00een timp ce conducea un autoturism \u00een care se aflau trei minori, pe DN 23, dinspre satul Latinu c\u0103tre localitatea M\u0103xineni, \u00eentr-o curb\u0103 a pierdut controlul volanului, a p\u0103r\u0103sit partea carosabil\u0103 din dreapta sensului sau de deplasare \u0219i s-a r\u0103sturnat.<\/p>\n<figure class=\"wp-block-image size-full is-resized\">\n<source type=\"image\/webp\" data-lazy-srcset=\"https:\/\/dobrogeanews.b-cdn.net\/wp-content\/uploads\/2026\/03\/copil-de-14-ani-mort-in-accident-rutier.jpg.webp 2560w, https:\/\/dobrogeanews.b-cdn.net\/wp-content\/uploads\/2026\/03\/copil-de-14-ani-mort-in-accident-rutier-300x213.jpg.webp 300w, https:\/\/dobrogeanews.b-cdn.net\/wp-content\/uploads\/2026\/03\/copil-de-14-ani-mort-in-accident-rutier-1024x727.jpg.webp 1024w, https:\/\/dobrogeanews.b-cdn.net\/wp-content\/uploads\/2026\/03\/copil-de-14-ani-mort-in-accident-rutier-768x545.jpg.webp 768w, https:\/\/dobrogeanews.b-cdn.net\/wp-content\/uploads\/2026\/03\/copil-de-14-ani-mort-in-accident-rutier-1536x1090.jpg.webp 1536w, https:\/\/dobrogeanews.b-cdn.net\/wp-content\/uploads\/2026\/03\/copil-de-14-ani-mort-in-accident-rutier-2048x1454.jpg.webp 2048w\" sizes=\"(max-width: 640px) 100vw, 640px\" \/><br \/>\n<img loading=\"lazy\" decoding=\"async\" src=\"https:\/\/dobrogeanews.b-cdn.net\/wp-content\/uploads\/2026\/03\/copil-de-14-ani-mort-in-accident-rutier.jpg\" alt=\"Accident rutier la M\u0103xineni\" width=\"640\" height=\"454\"><\/figure>\n<p>Au fost transporta\u021bi la spital doi copii de 14 \u0219i 15 ani, din sat Chi\u0219cani \u0219i o minor\u0103 de 15 ani din comuna M\u0103xineni. Ast\u0103zi copilul de 14 ani a murit dup\u0103 ce s-a luptat pentru via\u021b\u0103 timp de dou\u0103 zile. Poli\u021bi\u0219tii continu\u0103 cercet\u0103rile \u00een dosarul penal \u00eentocmit sub aspectul s\u0103v\u00e2r\u0219irii infrac\u021biunii de de ucidere din culp\u0103 \u0219i v\u0103t\u0103mare corporal\u0103 din culp\u0103.<\/p>\n<div class=\"monsterinsights-inline-popular-posts monsterinsights-inline-popular-posts-charlie monsterinsights-popular-posts-styled\">\n<div class=\"monsterinsights-inline-popular-posts-text\"><span class=\"monsterinsights-inline-popular-posts-label\">Vezi \u0219i:<\/span><\/p>\n<div class=\"monsterinsights-inline-popular-posts-post\"><a class=\"monsterinsights-inline-popular-posts-title\" href=\"https:\/\/www.dobrogeanews.ro\/video-primarul-stefan-ilie-raspunde-intrebarilor-privind-reabilitarea-strazilor-din-municipiul-tulcea\/\">(Video) Primarul \u0218tefan Ilie, r\u0103spunde \u00eentreb\u0103rilor privind reabilitarea Str\u0103zilor din Municipiul Tulcea<\/a><\/div>\n<div class=\"monsterinsights-inline-popular-posts-post\"><a class=\"monsterinsights-inline-popular-posts-title\" href=\"https:\/\/www.dobrogeanews.ro\/tulcea-impozitul-pentru-mijloacele-de-transport-2026-pe-intelesul-tuturor-cine-beneficiaza-de-reducere-sau-scutire\/\">Tulcea: Impozitul pentru mijloacele de transport\/2026 pe \u00een\u021belesul tuturor. Cine beneficiaz\u0103 de reducere sau scutire<\/a><\/div>\n<div class=\"monsterinsights-inline-popular-posts-post\"><a class=\"monsterinsights-inline-popular-posts-title\" href=\"https:\/\/www.dobrogeanews.ro\/cine-este-fata-de-18-ani-care-s-a-sinucis-la-tulcea-soapte-intre-lumi\/\">Cine este fata de 18 ani care s-a sinucis la Tulcea. \u0218oapte \u00eentre lumi \u2026<\/a><\/div>\n<\/div>\n<\/div>\n<p class=\"has-text-align-center has-white-color has-text-color has-background\"><span><a href=\"https:\/\/news.google.com\/publications\/CAAqBwgKMIu5pgsw88O-Aw?ceid=RO:ro&amp;oc=3\">Urm\u0103ri\u0163i \u015etirile Dobrogeanews \u015fi pe Google News<\/a><\/span><\/p>\n<\/div>\n<p>[analyse_source url=&#8221;https:\/\/www.dobrogeanews.ro\/a-murit-copilul-de-14-ani-implicat-in-accidentul-de-la-maxineni\/&#8221;]<\/p>\n","protected":false},"excerpt":{"rendered":"<p>[analyse_image type=&#8221;featured&#8221; src=&#8221;https:\/\/dobrogeanews.b-cdn.net\/wp-content\/uploads\/2026\/03\/copil-de-14-ani-mort-in-accident-rutier.jpg&#8221;] Urm\u0103re\u015fte-ne \u015fi pe Facebook!57KFollowers \u00cen urm\u0103 cu dou\u0103 zile, poli\u021bi\u0219tii au fost sesiza\u021bi c\u0103 \u00eentr-un accident pe DN 23, \u00een afara localit\u0103\u021bii M\u0103xineni \u00een care au fost implica\u021bi copii. \u00cen urma verific\u0103rilor a rezultat c\u0103 un t\u00e2n\u0103r de 19 de ani, din satul Latinu, \u00een timp ce conducea un autoturism \u00een care [&hellip;]<\/p>\n","protected":false},"author":1,"featured_media":0,"comment_status":"open","ping_status":"","sticky":false,"template":"","format":"standard","meta":{"footnotes":""},"categories":[89],"tags":[226,223],"class_list":["post-1844918","post","type-post","status-publish","format-standard","hentry","category-romania","tag-crawlmanager","tag-dobrogeanews-ro"],"_links":{"self":[{"href":"https:\/\/analyse.optim.biz\/index.php?rest_route=\/wp\/v2\/posts\/1844918","targetHints":{"allow":["GET"]}}],"collection":[{"href":"https:\/\/analyse.optim.biz\/index.php?rest_route=\/wp\/v2\/posts"}],"about":[{"href":"https:\/\/analyse.optim.biz\/index.php?rest_route=\/wp\/v2\/types\/post"}],"author":[{"embeddable":true,"href":"https:\/\/analyse.optim.biz\/index.php?rest_route=\/wp\/v2\/users\/1"}],"replies":[{"embeddable":true,"href":"https:\/\/analyse.optim.biz\/index.php?rest_route=%2Fwp%2Fv2%2Fcomments&post=1844918"}],"version-history":[{"count":0,"href":"https:\/\/analyse.optim.biz\/index.php?rest_route=\/wp\/v2\/posts\/1844918\/revisions"}],"wp:attachment":[{"href":"https:\/\/analyse.optim.biz\/index.php?rest_route=%2Fwp%2Fv2%2Fmedia&parent=1844918"}],"wp:term":[{"taxonomy":"category","embeddable":true,"href":"https:\/\/analyse.optim.biz\/index.php?rest_route=%2Fwp%2Fv2%2Fcategories&post=1844918"},{"taxonomy":"post_tag","embeddable":true,"href":"https:\/\/analyse.optim.biz\/index.php?rest_route=%2Fwp%2Fv2%2Ftags&post=1844918"}],"curies":[{"name":"wp","href":"https:\/\/api.w.org\/{rel}","templated":true}]}}