{"id":1844916,"date":"2026-03-24T00:57:06","date_gmt":"2026-03-23T21:57:06","guid":{"rendered":"https:\/\/analyse.optim.biz\/?p=1844916"},"modified":"2026-03-24T00:57:06","modified_gmt":"2026-03-23T21:57:06","slug":"o-alta-eleva-din-judetul-tulcea-a-murit-in-mod-tragic","status":"publish","type":"post","link":"https:\/\/analyse.optim.biz\/?p=1844916","title":{"rendered":"O alt\u0103 elev\u0103 din Jude\u021bul Tulcea a murit \u00een mod tragic"},"content":{"rendered":"<p>[analyse_image type=&#8221;featured&#8221; src=&#8221;https:\/\/dobrogeanews.b-cdn.net\/wp-content\/uploads\/2026\/03\/dumnezeu-sa-o-odihneasca.jpg&#8221;]<\/p>\n<div class=\"post section post-69350 post-name-o-alta-eleva-din-judetul-tulcea-a-murit-in-mod-tragic post-author-3 single not-page has-thumbnail\">\n<div class=\"post-page-head-area summit\">\n<div class=\"post-author-container\">\n<div class=\"post-author-container--meta\">\n<h4 class=\"post-author-container--meta-name\">Dobrogeanews<\/h4>\n<div class=\"post-author-container--meta-date\">24 mart. 2026<\/div>\n<\/div>\n<\/div>\n<\/div>\n<div class=\"post-content\">\n<div class=\"post-title-container\">\n<h1 class=\"post-title title title--primary title--uppercase heading-font\">O alt\u0103 elev\u0103 din Jude\u021bul Tulcea a murit \u00een mod tragic<\/h1>\n<\/div>\n<div class=\"post-page-thumbnail\">\n<source type=\"image\/webp\" data-lazy-srcset=\"https:\/\/dobrogeanews.b-cdn.net\/wp-content\/uploads\/2026\/03\/dumnezeu-sa-o-odihneasca-768x630.jpg.webp 768w, https:\/\/dobrogeanews.b-cdn.net\/wp-content\/uploads\/2026\/03\/dumnezeu-sa-o-odihneasca-300x246.jpg.webp 300w, https:\/\/dobrogeanews.b-cdn.net\/wp-content\/uploads\/2026\/03\/dumnezeu-sa-o-odihneasca-1024x840.jpg.webp 1024w, https:\/\/dobrogeanews.b-cdn.net\/wp-content\/uploads\/2026\/03\/dumnezeu-sa-o-odihneasca-1536x1260.jpg.webp 1536w, https:\/\/dobrogeanews.b-cdn.net\/wp-content\/uploads\/2026\/03\/dumnezeu-sa-o-odihneasca-2048x1680.jpg.webp 2048w\" sizes=\"(max-width: 768px) 100vw, 768px\" \/><\/div>\n<div class=\"post-page-content\">\n<div>\n<div class=\"ss-follow-wrapper ss-clearfix ss-regular-buttons ss-columns-1 ss-default-style\">\n<div class=\"ss-follow-column\" data-ss-sf-network-id='\"facebook\"'><a href=\"https:\/\/www.facebook.com\/dobrogeanews\" class=\"ss-follow-network ss-facebook-color\" rel=\"nofollow noopener\" aria-label=\"facebook\" target=\"_blank\"><span class=\"ss-follow-network-label\">Urm\u0103re\u015fte-ne \u015fi pe Facebook!<\/span><span class=\"ss-follow-network-count\"><span class=\"ss-follow-network-count-number\">57K<\/span><span class=\"ss-follow-network-count-label\">Followers<\/span><\/span><\/a><\/div>\n<\/div>\n<\/div>\n<p><\/p>\n<p>O alt\u0103 elev\u0103 din Jude\u021bul Tulcea a murit \u00een mod tragic(!) Inspectoratul \u0218colar Jude\u021bean Tulcea transmite, cu ad\u00e2nc\u0103 triste\u021be \u0219i \u00eengrijorare, vestea trecerii \u00een nefiin\u021b\u0103 a unei eleve dintr-o unitate de \u00eenv\u0103\u021b\u0103m\u00e2nt din jude\u021b, tragedie care a avut loc \u00een data de 23 martie 2026.<\/p>\n<p>Dumnezeu s\u0103 o ierte \u0219i s\u0103 o odihneasc\u0103.<\/p>\n<div id=\"gallery-1\" class=\"gallery galleryid-69350 gallery-columns-1 gallery-size-full\">\n<dl class=\"gallery-item\">\n<dt class=\"gallery-icon landscape\"><a href=\"https:\/\/www.dobrogeanews.ro\/o-alta-eleva-din-judetul-tulcea-a-murit-in-mod-tragic\/dumnezeu-sa-o-odihneasca\/\"><br \/>\n<source type=\"image\/webp\" data-lazy-srcset=\"https:\/\/dobrogeanews.b-cdn.net\/wp-content\/uploads\/2026\/03\/dumnezeu-sa-o-odihneasca.jpg.webp 2560w, https:\/\/dobrogeanews.b-cdn.net\/wp-content\/uploads\/2026\/03\/dumnezeu-sa-o-odihneasca-300x246.jpg.webp 300w, https:\/\/dobrogeanews.b-cdn.net\/wp-content\/uploads\/2026\/03\/dumnezeu-sa-o-odihneasca-1024x840.jpg.webp 1024w, https:\/\/dobrogeanews.b-cdn.net\/wp-content\/uploads\/2026\/03\/dumnezeu-sa-o-odihneasca-768x630.jpg.webp 768w, https:\/\/dobrogeanews.b-cdn.net\/wp-content\/uploads\/2026\/03\/dumnezeu-sa-o-odihneasca-1536x1260.jpg.webp 1536w, https:\/\/dobrogeanews.b-cdn.net\/wp-content\/uploads\/2026\/03\/dumnezeu-sa-o-odihneasca-2048x1680.jpg.webp 2048w\" sizes=\"(max-width: 2560px) 100vw, 2560px\" \/><\/a><\/dt>\n<\/dl>\n<p><\/div>\n<p><span>\u201e\u00cen aceste clipe grele, ne exprim\u0103m \u00eentreaga compasiune \u0219i suntem al\u0103turi de familia \u00eendoliat\u0103, de colegi, de cadrele didactice \u0219i de to\u021bi cei afecta\u021bi de acest eveniment dureros.<\/span><\/p>\n<p><span>Inspectoratul, \u00eempreun\u0103 cu unitatea de \u00eenv\u0103\u021b\u0103m\u00e2nt, va colabora cu autorit\u0103\u021bile competente pentru a l\u0103muri toate \u00eemprejur\u0103rile acestui caz, respect\u00e2nd \u00een totalitate legisla\u021bia \u00een vigoare \u0219i dreptul la via\u021b\u0103 privat\u0103.<\/span><\/p>\n<div class=\"wptouch-showcase showcase-location-mid_content ab-test-2\">\n<p>&#8220;Jude\u021bul Tulcea, o Europ\u0103 \u0219i o Asie \u00een miniatur\u0103&#8221;, un film despre ineditul tradi\u021biilor \u0219i obiceiurilor multiculturale din Nordul Dobrogei, un film cu \u0219i despre oameni, despre locuri, despre frumuse\u021bea \u0219i bucuria vie\u021bii,\u00a0\u00a0<strong>un film de Geta Negri\u0219anu \u0219i R\u0103zvan Suliman<\/strong><\/p>\n<iframe loading=\"lazy\" src=\"https:\/\/www.youtube.com\/embed\/-EZGOEfVQ2g?si=r5KMYbBBgRhElpZ7\" frameborder width=\"425\" height=\"350\"><\/iframe><\/div>\n<p><span>La nivelul \u0219colii vor fi asigurate servicii de consiliere psihologic\u0103 pentru elevi \u0219i profesori, prin intermediul consilierilor \u0219colari, astfel \u00eenc\u00e2t s\u0103 fie oferit sprijinul emo\u021bional necesar.<\/span><\/p>\n<p><span>Totodat\u0103, \u00eei \u00eencuraj\u0103m pe p\u0103rin\u021bi s\u0103 comunice deschis cu copiii lor \u0219i s\u0103 apeleze la ajutor de specialitate ori de c\u00e2te ori consider\u0103 necesar\u201d.<\/span><\/p>\n<div class=\"monsterinsights-inline-popular-posts monsterinsights-inline-popular-posts-charlie monsterinsights-popular-posts-styled\">\n<div class=\"monsterinsights-inline-popular-posts-text\"><span class=\"monsterinsights-inline-popular-posts-label\">Vezi \u0219i:<\/span><\/p>\n<div class=\"monsterinsights-inline-popular-posts-post\"><a class=\"monsterinsights-inline-popular-posts-title\" href=\"https:\/\/www.dobrogeanews.ro\/tulcea-impozitul-pentru-mijloacele-de-transport-2026-pe-intelesul-tuturor-cine-beneficiaza-de-reducere-sau-scutire\/\">Tulcea: Impozitul pentru mijloacele de transport\/2026 pe \u00een\u021belesul tuturor. Cine beneficiaz\u0103 de reducere sau scutire<\/a><\/div>\n<div class=\"monsterinsights-inline-popular-posts-post\"><a class=\"monsterinsights-inline-popular-posts-title\" href=\"https:\/\/www.dobrogeanews.ro\/primaria-tulcea-amenajeaza-un-parc-urban-de-peste-3-700-mp-in-zona-aquaserv-pe-strada-babadag-proiect-finantat-din-fonduri-europene\/\">Prim\u0103ria Tulcea amenajeaz\u0103 un Parc Urban de peste 3.700 mp \u00een zona Aquaserv, pe strada Babadag. Proiect finan\u021bat din fonduri europene<\/a><\/div>\n<div class=\"monsterinsights-inline-popular-posts-post\"><a class=\"monsterinsights-inline-popular-posts-title\" href=\"https:\/\/www.dobrogeanews.ro\/impozitul-pe-imobile-2026-in-municipiul-tulcea-pe-intelesul-tuturor-cine-benefiaza-de-reduceri-informatii-detaliate\/\">Impozitul pe imobile\/2026 \u00een Municipiul Tulcea, pe \u00een\u021belesul tuturor. Cine benefiaz\u0103 de reduceri. Informa\u021bii detaliate<\/a><\/div>\n<\/div>\n<\/div>\n<p class=\"has-text-align-center has-white-color has-text-color has-background\"><span><a href=\"https:\/\/news.google.com\/publications\/CAAqBwgKMIu5pgsw88O-Aw?ceid=RO:ro&amp;oc=3\">Urm\u0103ri\u0163i \u015etirile Dobrogeanews \u015fi pe Google News<\/a><\/span><\/p>\n<\/div>\n<\/div>\n<hr class=\"comments-break\">\n<div class=\"cat-tags\">\n<p class=\"tax-group\">\n                                    Categories:                                    <a href=\"https:\/\/www.dobrogeanews.ro\/category\/localitati-din-dobrogea\/tulcea\/\" rel=\"category tag\">Tulcea<\/a><\/p>\n<\/div>\n<div id=\"comments\">\n<div id=\"comments\" class=\"comments-area\">\n<div id=\"wpd-post-rating\">\n<div class=\"wpd-rating-wrap\">\n<div class=\"wpd-rating-data\">\n<div class=\"wpd-rating-value\"><span class=\"wpdrv\">5<\/span><span class=\"wpdrc\">1<\/span><span class=\"wpdrt\">vot<\/span><\/div>\n<div class=\"wpd-rating-title\">Rating<\/div>\n<\/div>\n<\/div>\n<\/div>\n<div id=\"wpdcom\" class=\"wpdiscuz_unauth wpd-default wpdiscuz_no_avatar wpd-layout-2 wpd-comments-open\">\n<div class=\"wpd-form-wrap\">\n<div class=\"wpd-form-head\">\n<div class=\"wpd-sbs-toggle\"><span class=\"wpd-sbs-title\">Subscrie<\/span><\/div>\n<div class=\"wpd-auth\">\n<div class=\"wpd-social-login\"><span class=\"wpd-connect-with\">Connect with<\/span><\/div>\n<\/div>\n<\/div>\n<div class=\"wpd-social-login-agreement\">\n<div class=\"wpd-agreement-title\">I allow to create an account<\/div>\n<div class=\"wpd-agreement\">When you login first time using a Social Login button, we collect your account public profile information shared by Social Login provider, based on your privacy settings. We also get your email address to automatically create an account for you in our website. Once your account is created, you&#8217;ll be logged-in to this account.<\/div>\n<div class=\"wpd-agreement-buttons\">\n<div class=\"wpd-agreement-buttons-right\"><span class=\"wpd-agreement-button wpd-agreement-button-disagree\">Disagree<\/span><span class=\"wpd-agreement-button wpd-agreement-button-agree\">Agree<\/span><\/div>\n<\/div>\n<\/div>\n<div class=\"wpdiscuz-subscribe-bar wpdiscuz-hidden\">\n<div class=\"wpdiscuz-subscribe-form-intro\">Notific\u0103-m\u0103 la <\/div>\n<div class=\"wpdiscuz-subscribe-form-option\">comentarii noir\u0103spunsuri noi la comentariile mele<\/div>\n<div class=\"wpdiscuz-item wpdiscuz-subscribe-form-email\"><\/div>\n<div class=\"wpdiscuz-subscribe-form-button\"><\/div>\n<\/div>\n<div class=\"wpd-form wpd-form-wrapper wpd-main-form-wrapper\" id=\"wpd-main-form-wrapper-0_0\">\n<div class=\"wpd-field-comment\">\n<div class=\"wpdiscuz-item wc-field-textarea\">\n<div class=\"wpdiscuz-textarea-wrap wpd-txt\">\n<div class=\"wpd-textarea-wrap\"><label for=\"wc-textarea-0_0\">Label<\/label><\/div>\n<\/div>\n<\/div>\n<\/div>\n<div class=\"wpd-form-foot\">\n<div class=\"wpd-form-row\">\n<div class=\"wpd-form-col-full\">\n<div class=\"wpdiscuz-item wc_name-wrapper wpd-has-icon\"><label for=\"wc_name-0_0\" class=\"wpdlb\">___Nume*<\/label><\/div>\n<div class=\"wpdiscuz-item wc_email-wrapper wpd-has-icon\"><label for=\"wc_email-0_0\" class=\"wpdlb\">___Email*<\/label><\/div>\n<div class=\"wpdiscuz-item wc_website-wrapper wpd-has-icon\"><label for=\"wc_website-0_0\" class=\"wpdlb\">___Website<\/label><\/div>\n<div class=\"wc-field-submit\"><label class=\"wpd_label\"><\/label><\/div>\n<\/div>\n<\/div>\n<\/div>\n<p><label>\u0394<\/label><\/p>\n<\/div>\n<div id=\"wpdiscuz_hidden_secondary_form\">\n<div class=\"wpd-form wpd-form-wrapper wpd-secondary-form-wrapper\" id=\"wpd-secondary-form-wrapper-wpdiscuzuniqueid\">\n<div class=\"wpd-secondary-forms-social-content\">\n<div class=\"wpd-social-login\"><span class=\"wpd-connect-with\">Connect with<\/span><\/div>\n<div class=\"wpd-social-login-agreement\">\n<div class=\"wpd-agreement-title\">I allow to create an account<\/div>\n<div class=\"wpd-agreement\">When you login first time using a Social Login button, we collect your account public profile information shared by Social Login provider, based on your privacy settings. We also get your email address to automatically create an account for you in our website. Once your account is created, you&#8217;ll be logged-in to this account.<\/div>\n<div class=\"wpd-agreement-buttons\">\n<div class=\"wpd-agreement-buttons-right\"><span class=\"wpd-agreement-button wpd-agreement-button-disagree\">Disagree<\/span><span class=\"wpd-agreement-button wpd-agreement-button-agree\">Agree<\/span><\/div>\n<\/div>\n<\/div>\n<\/div>\n<div class=\"wpd-field-comment\">\n<div class=\"wpdiscuz-item wc-field-textarea\">\n<div class=\"wpdiscuz-textarea-wrap wpd-txt\">\n<div class=\"wpd-textarea-wrap\"><label for=\"wc-textarea-wpdiscuzuniqueid\">Label<\/label><\/div>\n<\/div>\n<\/div>\n<\/div>\n<div class=\"wpd-form-foot\">\n<div class=\"wpd-form-row\">\n<div class=\"wpd-form-col-full\">\n<div class=\"wpdiscuz-item wc_name-wrapper wpd-has-icon\"><label for=\"wc_name-wpdiscuzuniqueid\" class=\"wpdlb\">___Nume*<\/label><\/div>\n<div class=\"wpdiscuz-item wc_email-wrapper wpd-has-icon\"><label for=\"wc_email-wpdiscuzuniqueid\" class=\"wpdlb\">___Email*<\/label><\/div>\n<div class=\"wpdiscuz-item wc_website-wrapper wpd-has-icon\"><label for=\"wc_website-wpdiscuzuniqueid\" class=\"wpdlb\">___Website<\/label><\/div>\n<div class=\"wc-field-submit\"><label class=\"wpd_label\"><\/label><\/div>\n<\/div>\n<\/div>\n<\/div>\n<p><label>\u0394<\/label><\/p>\n<\/div>\n<\/div>\n<\/div>\n<div id=\"wpd-threads\" class=\"wpd-thread-wrapper\">\n<div class=\"wpd-thread-head\">\n<div class=\"wpd-thread-info \" data-comments-count=\"0\"><span class=\"wpdtc\" title=\"0\">0<\/span> Comentarii                    <\/div>\n<\/div>\n<div class=\"wpd-comment-info-bar\">\n<div class=\"wpd-current-view\"> Feedback-uri                    <\/div>\n<div class=\"wpd-filter-view-all\">Vezi toate comentariile<\/div>\n<\/div>\n<\/div>\n<\/div>\n<\/div>\n<\/div>\n<\/div>\n<p>[analyse_source url=&#8221;https:\/\/www.dobrogeanews.ro\/o-alta-eleva-din-judetul-tulcea-a-murit-in-mod-tragic\/&#8221;]<\/p>\n","protected":false},"excerpt":{"rendered":"<p>[analyse_image type=&#8221;featured&#8221; src=&#8221;https:\/\/dobrogeanews.b-cdn.net\/wp-content\/uploads\/2026\/03\/dumnezeu-sa-o-odihneasca.jpg&#8221;] Dobrogeanews 24 mart. 2026 O alt\u0103 elev\u0103 din Jude\u021bul Tulcea a murit \u00een mod tragic Urm\u0103re\u015fte-ne \u015fi pe Facebook!57KFollowers O alt\u0103 elev\u0103 din Jude\u021bul Tulcea a murit \u00een mod tragic(!) Inspectoratul \u0218colar Jude\u021bean Tulcea transmite, cu ad\u00e2nc\u0103 triste\u021be \u0219i \u00eengrijorare, vestea trecerii \u00een nefiin\u021b\u0103 a unei eleve dintr-o unitate de \u00eenv\u0103\u021b\u0103m\u00e2nt din [&hellip;]<\/p>\n","protected":false},"author":1,"featured_media":0,"comment_status":"open","ping_status":"","sticky":false,"template":"","format":"standard","meta":{"footnotes":""},"categories":[89],"tags":[226,223],"class_list":["post-1844916","post","type-post","status-publish","format-standard","hentry","category-romania","tag-crawlmanager","tag-dobrogeanews-ro"],"_links":{"self":[{"href":"https:\/\/analyse.optim.biz\/index.php?rest_route=\/wp\/v2\/posts\/1844916","targetHints":{"allow":["GET"]}}],"collection":[{"href":"https:\/\/analyse.optim.biz\/index.php?rest_route=\/wp\/v2\/posts"}],"about":[{"href":"https:\/\/analyse.optim.biz\/index.php?rest_route=\/wp\/v2\/types\/post"}],"author":[{"embeddable":true,"href":"https:\/\/analyse.optim.biz\/index.php?rest_route=\/wp\/v2\/users\/1"}],"replies":[{"embeddable":true,"href":"https:\/\/analyse.optim.biz\/index.php?rest_route=%2Fwp%2Fv2%2Fcomments&post=1844916"}],"version-history":[{"count":0,"href":"https:\/\/analyse.optim.biz\/index.php?rest_route=\/wp\/v2\/posts\/1844916\/revisions"}],"wp:attachment":[{"href":"https:\/\/analyse.optim.biz\/index.php?rest_route=%2Fwp%2Fv2%2Fmedia&parent=1844916"}],"wp:term":[{"taxonomy":"category","embeddable":true,"href":"https:\/\/analyse.optim.biz\/index.php?rest_route=%2Fwp%2Fv2%2Fcategories&post=1844916"},{"taxonomy":"post_tag","embeddable":true,"href":"https:\/\/analyse.optim.biz\/index.php?rest_route=%2Fwp%2Fv2%2Ftags&post=1844916"}],"curies":[{"name":"wp","href":"https:\/\/api.w.org\/{rel}","templated":true}]}}