{"id":1844913,"date":"2026-03-23T12:13:58","date_gmt":"2026-03-23T09:13:58","guid":{"rendered":"https:\/\/analyse.optim.biz\/?p=1844913"},"modified":"2026-03-23T12:13:58","modified_gmt":"2026-03-23T09:13:58","slug":"primaria-tulcea-ambulanta-sociala-are-acum-si-medic-specialist","status":"publish","type":"post","link":"https:\/\/analyse.optim.biz\/?p=1844913","title":{"rendered":"Prim\u0103ria Tulcea: Ambulan\u021ba Social\u0103 are acum \u0219i medic specialist"},"content":{"rendered":"<p>[analyse_image type=&#8221;featured&#8221; src=&#8221;https:\/\/dobrogeanews.b-cdn.net\/wp-content\/uploads\/2026\/03\/ambulanta-sociala.jpg&#8221;]<\/p>\n<div id=\"post-69315\" class=\"entry single-default post-69315 post type-post status-publish format-standard has-post-thumbnail hentry category-tulcea tag-ambulanta-sociala tag-medic-specialist tag-primaria-tulcea-2\">\n<div>\n<div class=\"ss-follow-wrapper ss-clearfix ss-regular-buttons ss-columns-1 ss-default-style\">\n<div class=\"ss-follow-column\" data-ss-sf-network-id='\"facebook\"'><a href=\"https:\/\/www.facebook.com\/dobrogeanews\" class=\"ss-follow-network ss-facebook-color\" rel=\"nofollow noopener\" aria-label=\"facebook\" target=\"_blank\"><span class=\"ss-follow-network-label\">Urm\u0103re\u015fte-ne \u015fi pe Facebook!<\/span><span class=\"ss-follow-network-count\"><span class=\"ss-follow-network-count-number\">57K<\/span><span class=\"ss-follow-network-count-label\">Followers<\/span><\/span><\/a><\/div>\n<\/div>\n<\/div>\n<p>Prim\u0103ria Tulcea informeaz\u0103 cet\u0103\u021benii c\u0103 Ambulan\u021ba Social\u0103 \u00ee\u0219i consolideaz\u0103 capacitatea de interven\u021bie: echipa a fost extins\u0103 prin cooptarea unui medic specialist \u00een medicin\u0103 intern\u0103. <\/p>\n<figure class=\"wp-block-image size-full is-resized\">\n<source type=\"image\/webp\" data-lazy-srcset=\"https:\/\/dobrogeanews.b-cdn.net\/wp-content\/uploads\/2026\/03\/ambulanta-sociala.jpg.webp 2560w, https:\/\/dobrogeanews.b-cdn.net\/wp-content\/uploads\/2026\/03\/ambulanta-sociala-300x246.jpg.webp 300w, https:\/\/dobrogeanews.b-cdn.net\/wp-content\/uploads\/2026\/03\/ambulanta-sociala-1024x840.jpg.webp 1024w, https:\/\/dobrogeanews.b-cdn.net\/wp-content\/uploads\/2026\/03\/ambulanta-sociala-768x630.jpg.webp 768w, https:\/\/dobrogeanews.b-cdn.net\/wp-content\/uploads\/2026\/03\/ambulanta-sociala-1536x1260.jpg.webp 1536w, https:\/\/dobrogeanews.b-cdn.net\/wp-content\/uploads\/2026\/03\/ambulanta-sociala-2048x1680.jpg.webp 2048w\" sizes=\"(max-width: 640px) 100vw, 640px\" \/><br \/>\n<img loading=\"lazy\" decoding=\"async\" src=\"https:\/\/dobrogeanews.b-cdn.net\/wp-content\/uploads\/2026\/03\/ambulanta-sociala.jpg\" alt=\"Prim\u0103ria Tulcea Ambulan\u021ba Social\u0103 are acum \u0219i medic specialist\" width=\"640\" height=\"525\"><\/figure>\n<p>Serviciul este administrat de Direc\u021bia de Asisten\u021b\u0103 \u0219i Protec\u021bie Social\u0103 \u0219i se adreseaz\u0103 \u00een special persoanelor v\u00e2rstnice aflate \u00een situa\u021bii de dependen\u021b\u0103 sau risc de excluziune social\u0103 \u0219i ofer\u0103:<\/p>\n<p>\u2022 evaluare \u0219i monitorizare medico-social\u0103<\/p>\n<p>\u2022 asisten\u021b\u0103 medical\u0103 comunitar\u0103<\/p>\n<p>\u2022 consiliere social\u0103 \u0219i medical\u0103<\/p>\n<p>\u2022 sprijin pentru men\u021binerea autonomiei \u0219i a unei vie\u021bi active.<\/p>\n<p>Ambulan\u021ba social\u0103 \u0219i centrele sociale realizate prin PNRR (care sunt \u00een execu\u021bie) completeaz\u0103 interven\u021bia direct\u0103, complet\u00e2nd infrastructura necesar\u0103 pentru <strong>servicii specializate de recuperare, sprijin \u0219i integrare<\/strong> \u00een Municipiul Tulcea.<\/p>\n<figure class=\"wp-block-image size-full is-resized\">\n<source type=\"image\/webp\" data-lazy-srcset=\"https:\/\/dobrogeanews.b-cdn.net\/wp-content\/uploads\/2026\/03\/centre-sociale.jpg.webp 2560w, https:\/\/dobrogeanews.b-cdn.net\/wp-content\/uploads\/2026\/03\/centre-sociale-300x246.jpg.webp 300w, https:\/\/dobrogeanews.b-cdn.net\/wp-content\/uploads\/2026\/03\/centre-sociale-1024x840.jpg.webp 1024w, https:\/\/dobrogeanews.b-cdn.net\/wp-content\/uploads\/2026\/03\/centre-sociale-768x630.jpg.webp 768w, https:\/\/dobrogeanews.b-cdn.net\/wp-content\/uploads\/2026\/03\/centre-sociale-1536x1260.jpg.webp 1536w, https:\/\/dobrogeanews.b-cdn.net\/wp-content\/uploads\/2026\/03\/centre-sociale-2048x1680.jpg.webp 2048w\" sizes=\"(max-width: 640px) 100vw, 640px\" \/><br \/>\n<img loading=\"lazy\" decoding=\"async\" src=\"https:\/\/dobrogeanews.b-cdn.net\/wp-content\/uploads\/2026\/03\/centre-sociale.jpg\" alt=\"Prim\u0103ria Tulcea Centre Sociale\" width=\"640\" height=\"525\"><\/figure>\n<p>Pe Str. 1848, \u00een zona Bisericii \u201eSf\u00e2nta Treime\u201d, sunt \u00een curs de realizare:<\/p>\n<p>\u2022 Centrul de zi de asisten\u021b\u0103 \u0219i recuperare pentru persoanele v\u00e2rstnice<\/p>\n<p>\u2022 Centrul de recuperare neuromotorie de tip ambulatoriu pentru persoane cu dizabilit\u0103\u021bi<\/p>\n<p>\u2022 Centrul de zi pentru persoane adulte cu dizabilit\u0103\u021bi<\/p>\n<p>Toate aceste investi\u021bii au fost posibile prin intermediul fondurilor europene nerambursabile, accesate prin Programul Na\u021bional de Redresare \u0219i Rezilien\u021b\u0103 (PNRR) \u0219i Programul Opera\u021bional Capital Uman 2014\u20132020 \u2013 resurse care permit crearea de servicii sociale concrete, disponibile direct comunit\u0103\u021bii.<\/p>\n<div class=\"monsterinsights-inline-popular-posts monsterinsights-inline-popular-posts-charlie monsterinsights-popular-posts-styled\">\n<div class=\"monsterinsights-inline-popular-posts-text\"><span class=\"monsterinsights-inline-popular-posts-label\">Vezi \u0219i:<\/span><\/p>\n<div class=\"monsterinsights-inline-popular-posts-post\"><a class=\"monsterinsights-inline-popular-posts-title\" href=\"https:\/\/www.dobrogeanews.ro\/dr-laurentiu-ivanof-fiti-atenti-la-taceri-la-retrageri-la-schimbari-subtile-uneori-cei-care-au-cea-mai-mare-nevoie-de-ajutor-sunt-cei-care-cer-cel-mai-putin\/\">Dr. Lauren\u021biu Ivanof: Fi\u021bi aten\u021bi la t\u0103ceri. La retrageri. La schimb\u0103ri subtile. Uneori, cei care au cea mai mare nevoie de ajutor sunt cei care cer cel mai pu\u021bin.<\/a><\/div>\n<div class=\"monsterinsights-inline-popular-posts-post\"><a class=\"monsterinsights-inline-popular-posts-title\" href=\"https:\/\/www.dobrogeanews.ro\/liliana-marinescu-a-fost-semnat-contractul-de-finantare-pentru-alimentare-cu-gaze-la-baia-in-valoare-de-8-075-000-lei\/\">Liliana Marinescu: A fost semnat contractul de finan\u021bare pentru \u201eAlimentare cu gaze\u201d la Baia \u00een valoare de 8.075.000 lei<\/a><\/div>\n<div class=\"monsterinsights-inline-popular-posts-post\"><a class=\"monsterinsights-inline-popular-posts-title\" href=\"https:\/\/www.dobrogeanews.ro\/la-babadag-eleviii-continua-sa-primeasca-pachetele-alimentare-prin-programul-national-masa-sanatoasa\/\">La Babadag, elevii continu\u0103 s\u0103 primeasc\u0103 pachetele alimentare prin Programul Na\u021bional \u201eMas\u0103 s\u0103n\u0103toas\u0103\u201d<\/a><\/div>\n<\/div>\n<\/div>\n<p class=\"has-text-align-center has-white-color has-text-color has-background\"><span><a href=\"https:\/\/news.google.com\/publications\/CAAqBwgKMIu5pgsw88O-Aw?ceid=RO:ro&amp;oc=3\">Urm\u0103ri\u0163i \u015etirile Dobrogeanews \u015fi pe Google News<\/a><\/span><\/p>\n<\/div>\n<div id=\"post-69315\" class=\"entry single-default post-69315 post type-post status-publish format-standard has-post-thumbnail hentry category-tulcea tag-ambulanta-sociala tag-medic-specialist tag-primaria-tulcea-2\">\n<div>\n<div class=\"ss-follow-wrapper ss-clearfix ss-regular-buttons ss-columns-1 ss-default-style\">\n<div class=\"ss-follow-column\" data-ss-sf-network-id='\"facebook\"'><a href=\"https:\/\/www.facebook.com\/dobrogeanews\" class=\"ss-follow-network ss-facebook-color\" rel=\"nofollow noopener\" aria-label=\"facebook\" target=\"_blank\"><span class=\"ss-follow-network-label\">Urm\u0103re\u015fte-ne \u015fi pe Facebook!<\/span><span class=\"ss-follow-network-count\"><span class=\"ss-follow-network-count-number\">57K<\/span><span class=\"ss-follow-network-count-label\">Followers<\/span><\/span><\/a><\/div>\n<\/div>\n<\/div>\n<p>Prim\u0103ria Tulcea informeaz\u0103 cet\u0103\u021benii c\u0103 Ambulan\u021ba Social\u0103 \u00ee\u0219i consolideaz\u0103 capacitatea de interven\u021bie: echipa a fost extins\u0103 prin cooptarea unui medic specialist \u00een medicin\u0103 intern\u0103. <\/p>\n<figure class=\"wp-block-image size-full is-resized\">\n<source type=\"image\/webp\" data-lazy-srcset=\"https:\/\/dobrogeanews.b-cdn.net\/wp-content\/uploads\/2026\/03\/ambulanta-sociala.jpg.webp 2560w, https:\/\/dobrogeanews.b-cdn.net\/wp-content\/uploads\/2026\/03\/ambulanta-sociala-300x246.jpg.webp 300w, https:\/\/dobrogeanews.b-cdn.net\/wp-content\/uploads\/2026\/03\/ambulanta-sociala-1024x840.jpg.webp 1024w, https:\/\/dobrogeanews.b-cdn.net\/wp-content\/uploads\/2026\/03\/ambulanta-sociala-768x630.jpg.webp 768w, https:\/\/dobrogeanews.b-cdn.net\/wp-content\/uploads\/2026\/03\/ambulanta-sociala-1536x1260.jpg.webp 1536w, https:\/\/dobrogeanews.b-cdn.net\/wp-content\/uploads\/2026\/03\/ambulanta-sociala-2048x1680.jpg.webp 2048w\" sizes=\"(max-width: 640px) 100vw, 640px\" \/><br \/>\n<img loading=\"lazy\" decoding=\"async\" src=\"https:\/\/dobrogeanews.b-cdn.net\/wp-content\/uploads\/2026\/03\/ambulanta-sociala.jpg\" alt=\"Prim\u0103ria Tulcea Ambulan\u021ba Social\u0103 are acum \u0219i medic specialist\" width=\"640\" height=\"525\"><\/figure>\n<p>Serviciul este administrat de Direc\u021bia de Asisten\u021b\u0103 \u0219i Protec\u021bie Social\u0103 \u0219i se adreseaz\u0103 \u00een special persoanelor v\u00e2rstnice aflate \u00een situa\u021bii de dependen\u021b\u0103 sau risc de excluziune social\u0103 \u0219i ofer\u0103:<\/p>\n<p>\u2022 evaluare \u0219i monitorizare medico-social\u0103<\/p>\n<p>\u2022 asisten\u021b\u0103 medical\u0103 comunitar\u0103<\/p>\n<p>\u2022 consiliere social\u0103 \u0219i medical\u0103<\/p>\n<p>\u2022 sprijin pentru men\u021binerea autonomiei \u0219i a unei vie\u021bi active.<\/p>\n<p>Ambulan\u021ba social\u0103 \u0219i centrele sociale realizate prin PNRR (care sunt \u00een execu\u021bie) completeaz\u0103 interven\u021bia direct\u0103, complet\u00e2nd infrastructura necesar\u0103 pentru <strong>servicii specializate de recuperare, sprijin \u0219i integrare<\/strong> \u00een Municipiul Tulcea.<\/p>\n<figure class=\"wp-block-image size-full is-resized\">\n<source type=\"image\/webp\" data-lazy-srcset=\"https:\/\/dobrogeanews.b-cdn.net\/wp-content\/uploads\/2026\/03\/centre-sociale.jpg.webp 2560w, https:\/\/dobrogeanews.b-cdn.net\/wp-content\/uploads\/2026\/03\/centre-sociale-300x246.jpg.webp 300w, https:\/\/dobrogeanews.b-cdn.net\/wp-content\/uploads\/2026\/03\/centre-sociale-1024x840.jpg.webp 1024w, https:\/\/dobrogeanews.b-cdn.net\/wp-content\/uploads\/2026\/03\/centre-sociale-768x630.jpg.webp 768w, https:\/\/dobrogeanews.b-cdn.net\/wp-content\/uploads\/2026\/03\/centre-sociale-1536x1260.jpg.webp 1536w, https:\/\/dobrogeanews.b-cdn.net\/wp-content\/uploads\/2026\/03\/centre-sociale-2048x1680.jpg.webp 2048w\" sizes=\"(max-width: 640px) 100vw, 640px\" \/><br \/>\n<img loading=\"lazy\" decoding=\"async\" src=\"https:\/\/dobrogeanews.b-cdn.net\/wp-content\/uploads\/2026\/03\/centre-sociale.jpg\" alt=\"Prim\u0103ria Tulcea Centre Sociale\" width=\"640\" height=\"525\"><\/figure>\n<p>Pe Str. 1848, \u00een zona Bisericii \u201eSf\u00e2nta Treime\u201d, sunt \u00een curs de realizare:<\/p>\n<p>\u2022 Centrul de zi de asisten\u021b\u0103 \u0219i recuperare pentru persoanele v\u00e2rstnice<\/p>\n<p>\u2022 Centrul de recuperare neuromotorie de tip ambulatoriu pentru persoane cu dizabilit\u0103\u021bi<\/p>\n<p>\u2022 Centrul de zi pentru persoane adulte cu dizabilit\u0103\u021bi<\/p>\n<p>Toate aceste investi\u021bii au fost posibile prin intermediul fondurilor europene nerambursabile, accesate prin Programul Na\u021bional de Redresare \u0219i Rezilien\u021b\u0103 (PNRR) \u0219i Programul Opera\u021bional Capital Uman 2014\u20132020 \u2013 resurse care permit crearea de servicii sociale concrete, disponibile direct comunit\u0103\u021bii.<\/p>\n<div class=\"monsterinsights-inline-popular-posts monsterinsights-inline-popular-posts-charlie monsterinsights-popular-posts-styled\">\n<div class=\"monsterinsights-inline-popular-posts-text\"><span class=\"monsterinsights-inline-popular-posts-label\">Vezi \u0219i:<\/span><\/p>\n<div class=\"monsterinsights-inline-popular-posts-post\"><a class=\"monsterinsights-inline-popular-posts-title\" href=\"https:\/\/www.dobrogeanews.ro\/dr-laurentiu-ivanof-fiti-atenti-la-taceri-la-retrageri-la-schimbari-subtile-uneori-cei-care-au-cea-mai-mare-nevoie-de-ajutor-sunt-cei-care-cer-cel-mai-putin\/\">Dr. Lauren\u021biu Ivanof: Fi\u021bi aten\u021bi la t\u0103ceri. La retrageri. La schimb\u0103ri subtile. Uneori, cei care au cea mai mare nevoie de ajutor sunt cei care cer cel mai pu\u021bin.<\/a><\/div>\n<div class=\"monsterinsights-inline-popular-posts-post\"><a class=\"monsterinsights-inline-popular-posts-title\" href=\"https:\/\/www.dobrogeanews.ro\/liliana-marinescu-a-fost-semnat-contractul-de-finantare-pentru-alimentare-cu-gaze-la-baia-in-valoare-de-8-075-000-lei\/\">Liliana Marinescu: A fost semnat contractul de finan\u021bare pentru \u201eAlimentare cu gaze\u201d la Baia \u00een valoare de 8.075.000 lei<\/a><\/div>\n<div class=\"monsterinsights-inline-popular-posts-post\"><a class=\"monsterinsights-inline-popular-posts-title\" href=\"https:\/\/www.dobrogeanews.ro\/la-babadag-eleviii-continua-sa-primeasca-pachetele-alimentare-prin-programul-national-masa-sanatoasa\/\">La Babadag, elevii continu\u0103 s\u0103 primeasc\u0103 pachetele alimentare prin Programul Na\u021bional \u201eMas\u0103 s\u0103n\u0103toas\u0103\u201d<\/a><\/div>\n<\/div>\n<\/div>\n<p class=\"has-text-align-center has-white-color has-text-color has-background\"><span><a href=\"https:\/\/news.google.com\/publications\/CAAqBwgKMIu5pgsw88O-Aw?ceid=RO:ro&amp;oc=3\">Urm\u0103ri\u0163i \u015etirile Dobrogeanews \u015fi pe Google News<\/a><\/span><\/p>\n<\/div>\n<p>[analyse_source url=&#8221;https:\/\/www.dobrogeanews.ro\/primaria-tulcea-ambulanta-sociala-are-acum-si-medic-specialist\/&#8221;]<\/p>\n","protected":false},"excerpt":{"rendered":"<p>[analyse_image type=&#8221;featured&#8221; src=&#8221;https:\/\/dobrogeanews.b-cdn.net\/wp-content\/uploads\/2026\/03\/ambulanta-sociala.jpg&#8221;] Urm\u0103re\u015fte-ne \u015fi pe Facebook!57KFollowers Prim\u0103ria Tulcea informeaz\u0103 cet\u0103\u021benii c\u0103 Ambulan\u021ba Social\u0103 \u00ee\u0219i consolideaz\u0103 capacitatea de interven\u021bie: echipa a fost extins\u0103 prin cooptarea unui medic specialist \u00een medicin\u0103 intern\u0103. Serviciul este administrat de Direc\u021bia de Asisten\u021b\u0103 \u0219i Protec\u021bie Social\u0103 \u0219i se adreseaz\u0103 \u00een special persoanelor v\u00e2rstnice aflate \u00een situa\u021bii de dependen\u021b\u0103 sau risc [&hellip;]<\/p>\n","protected":false},"author":1,"featured_media":0,"comment_status":"open","ping_status":"","sticky":false,"template":"","format":"standard","meta":{"footnotes":""},"categories":[89],"tags":[226,223],"class_list":["post-1844913","post","type-post","status-publish","format-standard","hentry","category-romania","tag-crawlmanager","tag-dobrogeanews-ro"],"_links":{"self":[{"href":"https:\/\/analyse.optim.biz\/index.php?rest_route=\/wp\/v2\/posts\/1844913","targetHints":{"allow":["GET"]}}],"collection":[{"href":"https:\/\/analyse.optim.biz\/index.php?rest_route=\/wp\/v2\/posts"}],"about":[{"href":"https:\/\/analyse.optim.biz\/index.php?rest_route=\/wp\/v2\/types\/post"}],"author":[{"embeddable":true,"href":"https:\/\/analyse.optim.biz\/index.php?rest_route=\/wp\/v2\/users\/1"}],"replies":[{"embeddable":true,"href":"https:\/\/analyse.optim.biz\/index.php?rest_route=%2Fwp%2Fv2%2Fcomments&post=1844913"}],"version-history":[{"count":0,"href":"https:\/\/analyse.optim.biz\/index.php?rest_route=\/wp\/v2\/posts\/1844913\/revisions"}],"wp:attachment":[{"href":"https:\/\/analyse.optim.biz\/index.php?rest_route=%2Fwp%2Fv2%2Fmedia&parent=1844913"}],"wp:term":[{"taxonomy":"category","embeddable":true,"href":"https:\/\/analyse.optim.biz\/index.php?rest_route=%2Fwp%2Fv2%2Fcategories&post=1844913"},{"taxonomy":"post_tag","embeddable":true,"href":"https:\/\/analyse.optim.biz\/index.php?rest_route=%2Fwp%2Fv2%2Ftags&post=1844913"}],"curies":[{"name":"wp","href":"https:\/\/api.w.org\/{rel}","templated":true}]}}