{"id":1844453,"date":"2026-03-24T16:30:25","date_gmt":"2026-03-24T13:30:25","guid":{"rendered":"https:\/\/analyse.optim.biz\/?p=1844453"},"modified":"2026-03-24T16:30:25","modified_gmt":"2026-03-24T13:30:25","slug":"bataie-in-cafeneaua-artistilor-din-buzau-un-tanar-de-19-ani-a-ajuns-la-upu","status":"publish","type":"post","link":"https:\/\/analyse.optim.biz\/?p=1844453","title":{"rendered":"B\u0103taie \u00een Cafeneaua Arti\u0219tilor din Buz\u0103u. Un t\u00e2n\u0103r de 19 ani a ajuns la UPU"},"content":{"rendered":"<p>[analyse_image type=&#8221;featured&#8221; src=&#8221;https:\/\/www.buzau.net\/stiri-din-buzau\/wp-content\/uploads\/2026\/03\/cafeneaua-artistilor.jpg&#8221;]<\/p>\n<div id=\"mvp-content-main\" class=\"left relative\">\n<p>Un scandal de propor\u021bii a izbucnit \u00een weekend la Cafeneaua Arti\u0219tilor din Buz\u0103u, unde mai mul\u021bi b\u0103rba\u021bi, pe fondul consumului de alcool, s-au luat la b\u0103taie. Conflictul spontan, petrecut \u00een noaptea de 21 spre 22 martie, s-a soldat cu transportarea unui t\u00e2n\u0103r de 19 ani la spital pentru evaluare medical\u0103 \u0219i cu re\u021binerea a patru persoane.<\/p>\n<p>\u00cen urma incidentului, poli\u021bi\u0219tii au demarat cercet\u0103ri \u0219i au pus \u00een executare patru mandate de perchezi\u021bie la locuin\u021bele persoanelor implicate. Patru b\u0103rba\u021bi cu v\u00e2rste cuprinse \u00eentre 17 \u0219i 37 de ani, din municipiul Buz\u0103u \u0219i comuna Vadu Pa\u0219ii, au fost identifica\u021bi ca fiind protagoni\u0219tii alterca\u021biei \u0219i au fost re\u021binu\u021bi pentru 24 de ore.<\/p>\n<p>Conform informa\u021biilor furnizate de Biroul de Pres\u0103 al IPJ Buz\u0103u, din primele cercet\u0103ri a reie\u0219it c\u0103, \u00een timpul conflictului spontan, cei patru b\u0103rba\u021bi s-ar fi agresat reciproc. \u00cen cauz\u0103 a fost \u00eentocmit un dosar penal pentru tulburarea ordinii \u0219i lini\u0219tii publice \u0219i lovirea sau alte violen\u021be. Poli\u021bi\u0219tii continu\u0103 investiga\u021biile, sub coordonarea parchetului, pentru a clarifica toate \u00eemprejur\u0103rile \u00een care s-a produs evenimentul.<\/p>\n<div class=\"heateor_sss_sharing_container heateor_sss_horizontal_sharing\" data-heateor-sss-href=\"https:\/\/www.buzau.net\/stiri-din-buzau\/bataie-in-cafeneaua-artistilor-din-buzau-un-tanar-de-19-ani-a-ajuns-la-upu\/\">\n<div class=\"heateor_sss_sharing_title\">DISTRIBUIE ACEST ARTICOL<\/div>\n<\/div>\n<\/div>\n<p>[analyse_source url=&#8221;https:\/\/www.buzau.net\/stiri-din-buzau\/bataie-in-cafeneaua-artistilor-din-buzau-un-tanar-de-19-ani-a-ajuns-la-upu\/&#8221;]<\/p>\n","protected":false},"excerpt":{"rendered":"<p>[analyse_image type=&#8221;featured&#8221; src=&#8221;https:\/\/www.buzau.net\/stiri-din-buzau\/wp-content\/uploads\/2026\/03\/cafeneaua-artistilor.jpg&#8221;] Un scandal de propor\u021bii a izbucnit \u00een weekend la Cafeneaua Arti\u0219tilor din Buz\u0103u, unde mai mul\u021bi b\u0103rba\u021bi, pe fondul consumului de alcool, s-au luat la b\u0103taie. Conflictul spontan, petrecut \u00een noaptea de 21 spre 22 martie, s-a soldat cu transportarea unui t\u00e2n\u0103r de 19 ani la spital pentru evaluare medical\u0103 \u0219i cu [&hellip;]<\/p>\n","protected":false},"author":1,"featured_media":0,"comment_status":"open","ping_status":"","sticky":false,"template":"","format":"standard","meta":{"footnotes":""},"categories":[2],"tags":[113,226],"class_list":["post-1844453","post","type-post","status-publish","format-standard","hentry","category-politics","tag-buzau-net","tag-crawlmanager"],"_links":{"self":[{"href":"https:\/\/analyse.optim.biz\/index.php?rest_route=\/wp\/v2\/posts\/1844453","targetHints":{"allow":["GET"]}}],"collection":[{"href":"https:\/\/analyse.optim.biz\/index.php?rest_route=\/wp\/v2\/posts"}],"about":[{"href":"https:\/\/analyse.optim.biz\/index.php?rest_route=\/wp\/v2\/types\/post"}],"author":[{"embeddable":true,"href":"https:\/\/analyse.optim.biz\/index.php?rest_route=\/wp\/v2\/users\/1"}],"replies":[{"embeddable":true,"href":"https:\/\/analyse.optim.biz\/index.php?rest_route=%2Fwp%2Fv2%2Fcomments&post=1844453"}],"version-history":[{"count":0,"href":"https:\/\/analyse.optim.biz\/index.php?rest_route=\/wp\/v2\/posts\/1844453\/revisions"}],"wp:attachment":[{"href":"https:\/\/analyse.optim.biz\/index.php?rest_route=%2Fwp%2Fv2%2Fmedia&parent=1844453"}],"wp:term":[{"taxonomy":"category","embeddable":true,"href":"https:\/\/analyse.optim.biz\/index.php?rest_route=%2Fwp%2Fv2%2Fcategories&post=1844453"},{"taxonomy":"post_tag","embeddable":true,"href":"https:\/\/analyse.optim.biz\/index.php?rest_route=%2Fwp%2Fv2%2Ftags&post=1844453"}],"curies":[{"name":"wp","href":"https:\/\/api.w.org\/{rel}","templated":true}]}}