{"id":184445,"date":"2015-03-23T12:02:33","date_gmt":"2015-03-23T09:02:33","guid":{"rendered":"https:\/\/analyse.optim.biz\/?p=184445"},"modified":"2015-03-23T12:02:33","modified_gmt":"2015-03-23T09:02:33","slug":"traian-basescu-citat-pentru-marti-la-parchetul-general","status":"publish","type":"post","link":"https:\/\/analyse.optim.biz\/?p=184445","title":{"rendered":"Traian B\u0103sescu, citat pentru mar\u0163i la Parchetul General"},"content":{"rendered":"<div class=\"entry data-app-meta data-app-meta-article\" data-embed-base-url-canonical=\"https:\/\/www.digi24.ro\/embed\/stiri\/actualitate\/politica\/traian-basescu-citat-pentru-marti-la-parchetul-general-373774\">\n<p data-index=\"1\">\u00a0<img decoding=\"async\" src=\"https:\/\/analyse.optim.biz\/wp-content\/uploads\/2024\/09\/ptfhmjfjmzy3zdc0ywfhoweym2i2zdrkodk4nzkwzme4-thumb_.jpg\" data-skip-htmlfix=\"1\" title=\"ptfhmjfjmzy3zdc0ywfhoweym2i2zdrkodk4nzkwzme4-thumb_\"><\/p>\n<p data-index=\"2\">S\u0103pt\u0103m\u00e2na trecut\u0103, fostul pre\u015fedinte a refuzat s\u0103 dea declara\u0163ii, \u00eentruc\u00e2t avoca\u0163ii s\u0103i nu cuno\u015fteau dosarul.<\/p>\n<p data-index=\"3\">Ast\u0103zi, ap\u0103r\u0103torii s\u0103i \u015fi cei ai parlamentarului PSD au avut ocazia s\u0103 studieze documentele depuse.<\/p>\n<p data-index=\"4\"><a href=\"https:\/\/www.digi24.ro\/Stiri\/Digi24\/Actualitate\/Justitie\/Traian+Basescu+este+audiat+azi+la+Parchetul+General\" target=\"_blank\" data-skip-linkfix=\"1\" rel=\"noopener\"><strong>Traian B\u0103sescu a fost s\u0103pt\u0103m\u00e2na trecut\u0103 la Parchetul General<\/strong><\/a>, citat \u00een calitate de suspect, \u00een dosarul \u00een care <a href=\"https:\/\/www.digi24.ro\/Stiri\/Digi24\/Actualitate\/Justitie\/Reactia+Gabrielei+Firea+dupa+ce+Parchetul+General+a+decis+incepe\" target=\"_blank\" data-skip-linkfix=\"1\" rel=\"noopener\"><strong>Gabriela Firea<\/strong><\/a> \u00eel acuz\u0103 de \u015fantaj. Fostului pre\u0219edinte i s-a adus la cuno\u0219tin\u021b\u0103 c\u0103 este urm\u0103rit penal.<\/p>\n<\/div>\n<p> Source URL: https:\/\/www.digi24.ro\/stiri\/actualitate\/politica\/traian-basescu-citat-pentru-marti-la-parchetul-general-373774<\/p>\n","protected":false},"excerpt":{"rendered":"<p>\u00a0 S\u0103pt\u0103m\u00e2na trecut\u0103, fostul pre\u015fedinte a refuzat s\u0103 dea declara\u0163ii, \u00eentruc\u00e2t avoca\u0163ii s\u0103i nu cuno\u015fteau dosarul. Ast\u0103zi, ap\u0103r\u0103torii s\u0103i \u015fi cei ai parlamentarului PSD au avut ocazia s\u0103 studieze documentele depuse. Traian B\u0103sescu a fost s\u0103pt\u0103m\u00e2na trecut\u0103 la Parchetul General, citat \u00een calitate de suspect, \u00een dosarul \u00een care Gabriela Firea \u00eel acuz\u0103 de \u015fantaj. [&hellip;]<\/p>\n","protected":false},"author":1,"featured_media":184446,"comment_status":"open","ping_status":"","sticky":false,"template":"","format":"standard","meta":{"footnotes":""},"categories":[2],"tags":[11],"class_list":["post-184445","post","type-post","status-publish","format-standard","has-post-thumbnail","hentry","category-politics","tag-digi24"],"_links":{"self":[{"href":"https:\/\/analyse.optim.biz\/index.php?rest_route=\/wp\/v2\/posts\/184445","targetHints":{"allow":["GET"]}}],"collection":[{"href":"https:\/\/analyse.optim.biz\/index.php?rest_route=\/wp\/v2\/posts"}],"about":[{"href":"https:\/\/analyse.optim.biz\/index.php?rest_route=\/wp\/v2\/types\/post"}],"author":[{"embeddable":true,"href":"https:\/\/analyse.optim.biz\/index.php?rest_route=\/wp\/v2\/users\/1"}],"replies":[{"embeddable":true,"href":"https:\/\/analyse.optim.biz\/index.php?rest_route=%2Fwp%2Fv2%2Fcomments&post=184445"}],"version-history":[{"count":0,"href":"https:\/\/analyse.optim.biz\/index.php?rest_route=\/wp\/v2\/posts\/184445\/revisions"}],"wp:featuredmedia":[{"embeddable":true,"href":"https:\/\/analyse.optim.biz\/index.php?rest_route=\/wp\/v2\/media\/184446"}],"wp:attachment":[{"href":"https:\/\/analyse.optim.biz\/index.php?rest_route=%2Fwp%2Fv2%2Fmedia&parent=184445"}],"wp:term":[{"taxonomy":"category","embeddable":true,"href":"https:\/\/analyse.optim.biz\/index.php?rest_route=%2Fwp%2Fv2%2Fcategories&post=184445"},{"taxonomy":"post_tag","embeddable":true,"href":"https:\/\/analyse.optim.biz\/index.php?rest_route=%2Fwp%2Fv2%2Ftags&post=184445"}],"curies":[{"name":"wp","href":"https:\/\/api.w.org\/{rel}","templated":true}]}}