{"id":184420,"date":"2015-03-24T04:18:33","date_gmt":"2015-03-24T01:18:33","guid":{"rendered":"https:\/\/analyse.optim.biz\/?p=184420"},"modified":"2015-03-24T04:18:33","modified_gmt":"2015-03-24T01:18:33","slug":"superimunitatea-un-nou-episod-alesii-vor-sa-puna-piedici-arestarilor","status":"publish","type":"post","link":"https:\/\/analyse.optim.biz\/?p=184420","title":{"rendered":"Superimunitatea, un nou episod. Ale\u0219ii vor s\u0103 pun\u0103 piedici arest\u0103rilor"},"content":{"rendered":"<div class=\"entry data-app-meta data-app-meta-article\" data-embed-base-url-canonical=\"https:\/\/www.digi24.ro\/embed\/stiri\/actualitate\/politica\/superimunitatea-un-nou-episod-alesii-vor-sa-puna-piedici-arestarilor-374297\">\n<p data-index=\"1\">Atunci c\u00e2nd nu se vait\u0103 de anchetele DNA, politicienii \u00eencearc\u0103 s\u0103 g\u0103seasc\u0103 solu\u021bii prin care s\u0103 se pun\u0103 la ad\u0103post de arest\u0103ri \u0219i chiar \u0219i de cererile de arest\u0103ri venite din partea procurorilor. Deputa\u021bii au propus modificarea Regulamentului Camerei, astfel \u00eenc\u00e2t orice solicitare de la oamenii legii s\u0103 fie \u00eenso\u021bit\u0103 de justific\u0103ri solide pentru care se cere trimiterea \u00een arest a demnitarilor. Nu i-a oprit nici m\u0103car faptul c\u0103 acum doi ani o modificare aproape identic\u0103 \u00een regulament a fost respins\u0103 de Curtea Constitu\u021bional\u0103.<\/p>\n<p data-index=\"2\"><strong>Majoritatea vrea s\u0103 modifice Regulamentul \u00een ceea ce prive\u015fte condi\u0163iile \u00een care se pot cere re\u0163inerea, arestarea sau perchezi\u0163ia unui deputat.<\/strong><\/p>\n<p data-index=\"3\">Deputa\u0163ii vor ca cererea s\u0103 con\u0163in\u0103 indicarea cazului prev\u0103zut de Codul de procedur\u0103 penal\u0103 \u015fi motivele concrete \u015fi temeinice care justific\u0103 luarea m\u0103surii preventive sau dispunerea perchezi\u0163iei.<\/p>\n<p data-index=\"4\"><em><strong>Prevederi pentru \u00eengreunarea arest\u0103rii<\/strong><\/em><\/p>\n<p data-index=\"5\"><strong>Art.195 modificat<\/strong>: <em>Cererea trebuie s\u0103 con\u0163in\u0103 indicarea cazului prev\u0103zut de Codul de procedur\u0103 penal\u0103 \u015fi motivele concrete \u015fi temeinice care justific\u0103 luarea m\u0103surii preventive sau dispunerea perchezi\u0163iei.<\/em>\u00a0(sursa: Proiectul de Regulament al Camerei Deputa\u0163ilor)<\/p>\n<p data-index=\"6\">Opozi\u0163ia a cerut ca proiectul s\u0103 fie scos de pe ordinea de zi a \u015fedin\u0163ei de miercuri pe motiv c\u0103 nu exist\u0103 consens \u00eentre grupurile parlamentare pe aceste modific\u0103ri.<\/p>\n<p data-index=\"7\">\u201e<span>Am solicitat Biroului Permanent s\u0103 cear\u0103 un punct de vedere \u015fi de la CSM, a\u015fa cum a cerut \u015fi de la procurorul general. Din p\u0103cate, PSD nu a fost de acord\u201d, a declarat <strong>Ludovic Orban<\/strong>, liderul deputa\u021bilor PNL.<\/span><\/p>\n<p data-index=\"8\">Pre\u015fedintele Camerei Deputa\u0163ilor \u00eei acuz\u0103 pe liberali c\u0103 vor s\u0103 tergiverseze adoptarea noului regulament, de\u015fi \u00een comisia de specialitate au semnat pentru aceste modific\u0103ri.<\/p>\n<p data-index=\"9\">\u201e<span>Da, am s\u0103 scriu CSM -ului s\u0103 ne dea un punct de vedere \u00een aceast\u0103 materie, dar suntem de opt s\u0103pt\u0103m\u00e2ni cu modificarea Regulamentului \u015fi tot tragem de timp \u00een fiecare s\u0103pt\u0103m\u00e2n\u0103. (&#8230;) Uita\u021bi- v\u0103 la raport. Raportul este semnat de membri ai Partidului Na\u0163ional Liberal\u201d, a spus<strong> Valeriu Zgonea<\/strong>, pre\u0219edintele Camerei Deputa\u021bilor.<\/span><\/p>\n<p data-index=\"10\">Ale\u015fii mai au o \u015fans\u0103 s\u0103 opreasc\u0103 aceste modific\u0103ri \u00een \u015fedin\u0163a plenului Camerei Deputa\u0163ilor.<\/p>\n<p data-index=\"11\">\u201ePractic, liderii grupurilor parlamentare s-au \u00een\u0163eles pe toate problemele care sunt \u00een Regulament. Sunt dou\u0103 sau trei care sunt \u00een divergen\u0163\u0103, dar s-a stabilit c\u0103 acestea vor ap\u0103rea ca amendamente respinse \u015fi se vor dezbate la plen\u201d, a precizat <strong>Nicolae Mircovici<\/strong> &#8211; secretarul Camerei Deputa\u0163ilor.<\/p>\n<p data-index=\"12\">\u00cen urm\u0103 cu doi ani, ale\u015fii au \u00eencercat s\u0103 introduc\u0103 un articol similar \u00een statutul deputa\u021bilor \u015fi senatorilor. Ei cereau atunci ca cererile procurorilor s\u0103 con\u0163in\u0103 motivele concrete care le justific\u0103 cererea, dar \u015fi probele considerare relevante \u00een dosar. Aceste prevederi au fost declarate neconstitu\u0163ionale de judec\u0103torii CCR.<\/p>\n<p data-index=\"13\"><strong>Superimunitatea, respins\u0103 de CCR<\/strong>: \u201eCamerele (n.r. Parlamentului) nu au atribu\u0163ii constitu\u0163ionale de a se pronun\u0163a asupra calific\u0103rii juridice sau a temeiniciei imputa\u0163iei, \u00eentruc\u00e2t ar echivala cu \u00eenc\u0103lcarea competen\u0163ei \u015fi independen\u0163ei puterii judec\u0103tore\u015fti&#8221;. (sursa: decizia 319 din 2013 a CCR)<\/p>\n<p data-index=\"14\"><strong>Proiectul de Regulament al Camerei Deputatilor \u2013 prevederi controversate:<\/strong><\/p>\n<p data-index=\"15\">\u201eCererea de re\u0163inere, arestare sau perchezi\u0163ie a deputatului se adreseaz\u0103 de c\u0103tre ministrul Justi\u0163iei pre\u015fedintelui Camerei pentru a fi supus\u0103 aprob\u0103rii plenului Camerei. Cererea trebuie s\u0103 con\u0163in\u0103 indicarea cazului prev\u0103zut de Codul de procedur\u0103 penal\u0103 \u015fi motivele temeinice care justific\u0103 luarea m\u0103surii preventive sau dispunerea perchezi\u0163iei&#8221;.<\/p>\n<p data-index=\"16\">\u201e<span>Ministrul Justi\u0163iei va \u00eenainta toate documentele pe care aceasta le solicit\u0103. \u00cen cazul \u00een care sunt necesare probe \u015fi informa\u0163ii suplimentare de la Ministerul Justi\u0163iei, pre\u015fedintele Comisiei juridice, de disciplin\u0103 \u015fi imunit\u0103\u0163i va solicita Biroului Permanent prelungirea termenului pentru depunerea raportului cu cel mult dou\u0103 zile.<\/span><\/p>\n<p data-index=\"17\">Raportul comisiei va face referiri punctuale la motivele concrete, legale \u015fi temeinice invocate. Acesta se aprob\u0103 prin votul secret al majorit\u0103\u0163ii membrilor prezen\u0163i\u201d.<\/p>\n<h5>Unii politicieni s-au speriat de noul Cod penal<\/h5>\n<p data-index=\"18\">\u015ei nu pu\u0163ini sunt politicienii care s-au speriat de ac\u0163iunile procurorilor anticorup\u0163ie. Chiar la Consiliul Na\u0163ional al PSD, senatorul Georgic\u0103 Severin a cerut modificarea Codului penal \u015fi al celui de procedur\u0103 penal\u0103. Mai concret, ale\u0219ii se pl\u00e2ng c\u0103 noul Cod de Procedur\u0103 Penal\u0103 las\u0103 mai mult\u0103 libertate de interpretare judec\u0103torilor, atunci c\u00e2nd decid dac\u0103 se impune sau nu arestarea preventiv\u0103 a unui suspect.<\/p>\n<p data-index=\"19\"><strong>Georgic\u0103 Severin, senator PSD:<\/strong> \u201eS\u0103 \u00eentelegem c\u0103 s-a gre\u015fit cu acel cod penal asumat al domnului Predoiu, iar juri\u015ftii no\u015ftri s\u0103 vin\u0103 cu propuneri prin care,<em><strong> f\u0103r\u0103 jen\u0103 c\u0103 vor \u0163ipa unele ambasade<\/strong><\/em> sau vor \u0163ipa unii deontologi apropia\u0163i de fosta putere \u015fi s\u0103 o spunem extrem de clar c\u0103 avem nevoie de legi care s\u0103 fac\u0103 dreptate \u015fi nu r\u0103zbunare. \u015ei \u00eei invit pe juri\u015ftii no\u015ftri s\u0103 se a\u015feze pe Codul penal \u015fi pe Codul de procedur\u0103 penal\u0103, nu s\u0103 spunem c\u0103 dac\u0103 ne leg\u0103m de asta, avem probleme. Trebuie s\u0103 avem curaj!\u201d<\/p>\n<p data-index=\"20\"><strong>Lia Olgu\u0163a Vasilescu<\/strong>: \u201eNe confrunt\u0103m cu o situa\u0163ia foarte proast\u0103, domnule prim-ministru \u015fi domnilor parlamentari. Pentru c\u0103 a\u015fa este f\u0103cut\u0103 la ora actual\u0103 Legea achizi\u0163iilor publice, Codul Penal \u015fi celelalte legi, ne aduc pe noi \u00een situa\u0163ia \u00een care am intrat \u00eentr-o grev\u0103 de semn\u0103turi, chiar dac\u0103 nu se recunoa\u015fte, la nivelul administra\u0163iei locale, nu oficial, dar suntem \u00eentr-o grev\u0103 de semn\u0103turi!\u201d<\/p>\n<p data-index=\"21\"><strong>Robert Negoi\u0163\u0103<\/strong>: \u201eDac\u0103 diminea\u0163\u0103 cineva \u00ee\u0163i bate cu piciorul \u00een u\u015f\u0103, cic\u0103 s\u0103 te rogi s\u0103 fie ho\u0163ii. M-am \u00eent\u00e2lnit cu cineva pe strad\u0103, era de m\u00e2n\u0103 cu un copil. I-am spus: &#8220;S\u0103 nu-l face\u0163i politician!&#8221;. Mi-a r\u0103spuns: &#8220;Nu, nici nu m\u0103 g\u00e2ndeam. Vreau s\u0103-l fac procuror, pentru c\u0103 e vremea lor&#8221;&#8221; (www.adevarul.ro)<\/p>\n<p data-index=\"22\"><strong>Cum e \u00een noul cod:<\/strong><\/p>\n<p data-index=\"23\">Art. 223:<\/p>\n<p data-index=\"24\">1) M\u0103sura arest\u0103rii preventive poate fi luat\u0103 de c\u0103tre judec\u0103torul de drepturi \u015fi libert\u0103\u0163i, \u00een cursul urm\u0103ririi penale, de c\u0103tre judec\u0103torul de camer\u0103 preliminar\u0103, \u00een procedura de camer\u0103 preliminar\u0103, sau de c\u0103tre instan\u0163a de judecat\u0103 \u00een fa\u0163a c\u0103reia se afl\u0103 cauza, \u00een cursul judec\u0103\u0163ii, numai dac\u0103 din probe rezult\u0103 suspiciunea rezonabil\u0103 c\u0103 inculpatul a s\u0103v\u00e2r\u015fit o infrac\u0163iune \u015fi exist\u0103 una dintre urm\u0103toarele situa\u0163ii:<\/p>\n<p data-index=\"25\">a) inculpatul a fugit ori s-a ascuns, \u00een scopul de a se sustrage de la urm\u0103rirea penal\u0103 sau de la judecat\u0103, ori a f\u0103cut preg\u0103tiri de orice natur\u0103 pentru astfel de acte;<\/p>\n<p data-index=\"26\">b) inculpatul \u00eencearc\u0103 s\u0103 influen\u0163eze un alt participant la comiterea infrac\u0163iunii, un martor ori un expert sau s\u0103 distrug\u0103, s\u0103 altereze, s\u0103 ascund\u0103 ori s\u0103 sustrag\u0103 mijloace materiale de prob\u0103 sau s\u0103 determine o alt\u0103 persoan\u0103 s\u0103 aib\u0103 un astfel de comportament;<\/p>\n<p data-index=\"27\">c) inculpatul exercit\u0103 presiuni asupra persoanei v\u0103t\u0103mate sau \u00eencearc\u0103 s\u0103 realizeze o \u00een\u0163elegere frauduloas\u0103 cu aceasta;<\/p>\n<p data-index=\"28\">d) exist\u0103 suspiciunea rezonabil\u0103 c\u0103, dup\u0103 punerea \u00een mi\u015fcare a ac\u0163iunii penale \u00eempotriva sa, inculpatul a s\u0103v\u00e2r\u015fit cu inten\u0163ie o nou\u0103 infrac\u0163iune sau preg\u0103te\u015fte s\u0103v\u00e2r\u015firea unei noi infrac\u0163iuni.<\/p>\n<p data-index=\"29\">\u00a0*********************************************<\/p>\n<p data-index=\"30\"><strong>Cum era \u00een vechiul Cod de procedur\u0103 penal\u0103:<\/strong><\/p>\n<p data-index=\"31\">Art. 143: \u201e M\u0103sura re\u0163inerii poate fi luat\u0103 de procuror ori de organul de cercetare penal\u0103 fa\u0163\u0103 de \u00eenvinuit sau inculpat, numai dup\u0103 ascultarea acestuia \u00een prezen\u0163a ap\u0103r\u0103torului, dac\u0103 sunt probe sau indicii temeinice c\u0103 a s\u0103v\u00e2r\u015fit o fapt\u0103 prev\u0103zut\u0103 de legea penal\u0103. Organul de cercetare penal\u0103 este obligat s\u0103 \u00eencuno\u015ftiin\u0163eze, de \u00eendat\u0103, pe procuror cu privire la luarea m\u0103surii re\u0163inerii&#8221;.<\/p>\n<\/div>\n<p> Source URL: https:\/\/www.digi24.ro\/stiri\/actualitate\/politica\/superimunitatea-un-nou-episod-alesii-vor-sa-puna-piedici-arestarilor-374297<\/p>\n","protected":false},"excerpt":{"rendered":"<p>Atunci c\u00e2nd nu se vait\u0103 de anchetele DNA, politicienii \u00eencearc\u0103 s\u0103 g\u0103seasc\u0103 solu\u021bii prin care s\u0103 se pun\u0103 la ad\u0103post de arest\u0103ri \u0219i chiar \u0219i de cererile de arest\u0103ri venite din partea procurorilor. Deputa\u021bii au propus modificarea Regulamentului Camerei, astfel \u00eenc\u00e2t orice solicitare de la oamenii legii s\u0103 fie \u00eenso\u021bit\u0103 de justific\u0103ri solide pentru care [&hellip;]<\/p>\n","protected":false},"author":1,"featured_media":184421,"comment_status":"open","ping_status":"","sticky":false,"template":"","format":"standard","meta":{"footnotes":""},"categories":[2],"tags":[11],"class_list":["post-184420","post","type-post","status-publish","format-standard","has-post-thumbnail","hentry","category-politics","tag-digi24"],"_links":{"self":[{"href":"https:\/\/analyse.optim.biz\/index.php?rest_route=\/wp\/v2\/posts\/184420","targetHints":{"allow":["GET"]}}],"collection":[{"href":"https:\/\/analyse.optim.biz\/index.php?rest_route=\/wp\/v2\/posts"}],"about":[{"href":"https:\/\/analyse.optim.biz\/index.php?rest_route=\/wp\/v2\/types\/post"}],"author":[{"embeddable":true,"href":"https:\/\/analyse.optim.biz\/index.php?rest_route=\/wp\/v2\/users\/1"}],"replies":[{"embeddable":true,"href":"https:\/\/analyse.optim.biz\/index.php?rest_route=%2Fwp%2Fv2%2Fcomments&post=184420"}],"version-history":[{"count":0,"href":"https:\/\/analyse.optim.biz\/index.php?rest_route=\/wp\/v2\/posts\/184420\/revisions"}],"wp:featuredmedia":[{"embeddable":true,"href":"https:\/\/analyse.optim.biz\/index.php?rest_route=\/wp\/v2\/media\/184421"}],"wp:attachment":[{"href":"https:\/\/analyse.optim.biz\/index.php?rest_route=%2Fwp%2Fv2%2Fmedia&parent=184420"}],"wp:term":[{"taxonomy":"category","embeddable":true,"href":"https:\/\/analyse.optim.biz\/index.php?rest_route=%2Fwp%2Fv2%2Fcategories&post=184420"},{"taxonomy":"post_tag","embeddable":true,"href":"https:\/\/analyse.optim.biz\/index.php?rest_route=%2Fwp%2Fv2%2Ftags&post=184420"}],"curies":[{"name":"wp","href":"https:\/\/api.w.org\/{rel}","templated":true}]}}