{"id":1844191,"date":"2026-03-24T13:46:49","date_gmt":"2026-03-24T10:46:49","guid":{"rendered":"https:\/\/analyse.optim.biz\/?p=1844191"},"modified":"2026-03-24T13:46:49","modified_gmt":"2026-03-24T10:46:49","slug":"adultii-inapoi-la-scoala","status":"publish","type":"post","link":"https:\/\/analyse.optim.biz\/?p=1844191","title":{"rendered":"ADUL\u021aII, \u00ceNAPOI LA \u0218COAL\u0102"},"content":{"rendered":"<p>[analyse_image type=&#8221;featured&#8221; src=&#8221;https:\/\/newss.ro\/wp-content\/uploads\/2026\/03\/adulti-scoala.jpg&#8221;]<\/p>\n<div class=\"td-post-content\">\n<div class=\"td-post-featured-image\"><a href=\"https:\/\/newss.ro\/wp-content\/uploads\/2026\/03\/adulti-scoala.jpg\" data-caption><img loading=\"lazy\" decoding=\"async\" width=\"696\" height=\"392\" class=\"entry-thumb td-modal-image\" src=\"https:\/\/newss.ro\/wp-content\/uploads\/2026\/03\/adulti-scoala-696x392.jpg\" alt title=\"adulti scoala\"><\/a><\/div>\n<p>Niciodat\u0103 nu e\u0219ti prea b\u0103tr\u00e2n ca s\u0103 te \u00eentorci la \u0219coal\u0103. O demonstreaz\u0103 tot mai mul\u021bi adul\u021bi din jude\u021bul Buz\u0103u, at\u00e2t din ora\u0219e, c\u00e2t \u0219i de la sate, care au decis s\u0103-\u0219i continue studiile, pentru a reu\u0219i s\u0103 ob\u021bin\u0103 o calificare, dar \u0219i pentru a deveni un exemplu pentru copiii lor.<\/p>\n<p>Totul a fost posibil prin programul \u201eA doua \u0219ans\u0103\u201d, un proiect guvernamental care a debutat \u00een 2019 \u0219i care se adreseaz\u0103 persoanelor care provin din comunit\u0103\u021bile s\u0103race \u0219i au abandonat \u0219coala la nivelul clasei a IV-a. Ei au revenit \u00een b\u0103nci pentru a face m\u0103car 10 clase, mai ales c\u0103 acesta este nivelul educa\u021bional minim pentru a se putea \u00eenscrie la un curs de calificare.<\/p>\n<p>La nivelul jude\u021bului Buz\u0103u peste 100 de adul\u021bi, at\u00e2t din mediul urban c\u00e2t \u0219i din mediul rural, au ales anul trecut s\u0103 revin\u0103 \u00een b\u0103nci.<\/p>\n<p>\u00cen contextul \u00een care mul\u021bi dintre adul\u021bi se arat\u0103 interesa\u021bi s\u0103 revin\u0103 la \u0219coal\u0103, Inspectoratul \u0218colar Jude\u021bean Buz\u0103u va mai deschide o clas\u0103 \u0219i \u00een zona de c\u00e2mpie a jude\u021bului.<\/p>\n<p>Programul \u201eA doua \u0219ans\u0103\u201d se adreseaz\u0103 tinerilor \u0219i adul\u021bilor, care nu au putut finaliza \u00eenv\u0103\u021b\u0103m\u00e2ntul primar \u0219i gimnazial.<\/p>\n<\/div>\n<div class=\"td-post-content\">\n<div class=\"td-post-featured-image\"><a href=\"https:\/\/newss.ro\/wp-content\/uploads\/2026\/03\/adulti-scoala.jpg\" data-caption><img loading=\"lazy\" decoding=\"async\" width=\"696\" height=\"392\" class=\"entry-thumb td-modal-image\" src=\"https:\/\/newss.ro\/wp-content\/uploads\/2026\/03\/adulti-scoala-696x392.jpg\" alt title=\"adulti scoala\"><\/a><\/div>\n<p>Niciodat\u0103 nu e\u0219ti prea b\u0103tr\u00e2n ca s\u0103 te \u00eentorci la \u0219coal\u0103. O demonstreaz\u0103 tot mai mul\u021bi adul\u021bi din jude\u021bul Buz\u0103u, at\u00e2t din ora\u0219e, c\u00e2t \u0219i de la sate, care au decis s\u0103-\u0219i continue studiile, pentru a reu\u0219i s\u0103 ob\u021bin\u0103 o calificare, dar \u0219i pentru a deveni un exemplu pentru copiii lor.<\/p>\n<p>Totul a fost posibil prin programul \u201eA doua \u0219ans\u0103\u201d, un proiect guvernamental care a debutat \u00een 2019 \u0219i care se adreseaz\u0103 persoanelor care provin din comunit\u0103\u021bile s\u0103race \u0219i au abandonat \u0219coala la nivelul clasei a IV-a. Ei au revenit \u00een b\u0103nci pentru a face m\u0103car 10 clase, mai ales c\u0103 acesta este nivelul educa\u021bional minim pentru a se putea \u00eenscrie la un curs de calificare.<\/p>\n<p>La nivelul jude\u021bului Buz\u0103u peste 100 de adul\u021bi, at\u00e2t din mediul urban c\u00e2t \u0219i din mediul rural, au ales anul trecut s\u0103 revin\u0103 \u00een b\u0103nci.<\/p>\n<p>\u00cen contextul \u00een care mul\u021bi dintre adul\u021bi se arat\u0103 interesa\u021bi s\u0103 revin\u0103 la \u0219coal\u0103, Inspectoratul \u0218colar Jude\u021bean Buz\u0103u va mai deschide o clas\u0103 \u0219i \u00een zona de c\u00e2mpie a jude\u021bului.<\/p>\n<p>Programul \u201eA doua \u0219ans\u0103\u201d se adreseaz\u0103 tinerilor \u0219i adul\u021bilor, care nu au putut finaliza \u00eenv\u0103\u021b\u0103m\u00e2ntul primar \u0219i gimnazial.<\/p>\n<\/div>\n<p>[analyse_source url=&#8221;https:\/\/newss.ro\/2026\/03\/24\/adultii-inapoi-la-scoala\/&#8221;]<\/p>\n","protected":false},"excerpt":{"rendered":"<p>[analyse_image type=&#8221;featured&#8221; src=&#8221;https:\/\/newss.ro\/wp-content\/uploads\/2026\/03\/adulti-scoala.jpg&#8221;] Niciodat\u0103 nu e\u0219ti prea b\u0103tr\u00e2n ca s\u0103 te \u00eentorci la \u0219coal\u0103. O demonstreaz\u0103 tot mai mul\u021bi adul\u021bi din jude\u021bul Buz\u0103u, at\u00e2t din ora\u0219e, c\u00e2t \u0219i de la sate, care au decis s\u0103-\u0219i continue studiile, pentru a reu\u0219i s\u0103 ob\u021bin\u0103 o calificare, dar \u0219i pentru a deveni un exemplu pentru copiii lor. Totul [&hellip;]<\/p>\n","protected":false},"author":1,"featured_media":0,"comment_status":"open","ping_status":"","sticky":false,"template":"","format":"standard","meta":{"footnotes":""},"categories":[2],"tags":[226,73],"class_list":["post-1844191","post","type-post","status-publish","format-standard","hentry","category-politics","tag-crawlmanager","tag-newss-ro"],"_links":{"self":[{"href":"https:\/\/analyse.optim.biz\/index.php?rest_route=\/wp\/v2\/posts\/1844191","targetHints":{"allow":["GET"]}}],"collection":[{"href":"https:\/\/analyse.optim.biz\/index.php?rest_route=\/wp\/v2\/posts"}],"about":[{"href":"https:\/\/analyse.optim.biz\/index.php?rest_route=\/wp\/v2\/types\/post"}],"author":[{"embeddable":true,"href":"https:\/\/analyse.optim.biz\/index.php?rest_route=\/wp\/v2\/users\/1"}],"replies":[{"embeddable":true,"href":"https:\/\/analyse.optim.biz\/index.php?rest_route=%2Fwp%2Fv2%2Fcomments&post=1844191"}],"version-history":[{"count":0,"href":"https:\/\/analyse.optim.biz\/index.php?rest_route=\/wp\/v2\/posts\/1844191\/revisions"}],"wp:attachment":[{"href":"https:\/\/analyse.optim.biz\/index.php?rest_route=%2Fwp%2Fv2%2Fmedia&parent=1844191"}],"wp:term":[{"taxonomy":"category","embeddable":true,"href":"https:\/\/analyse.optim.biz\/index.php?rest_route=%2Fwp%2Fv2%2Fcategories&post=1844191"},{"taxonomy":"post_tag","embeddable":true,"href":"https:\/\/analyse.optim.biz\/index.php?rest_route=%2Fwp%2Fv2%2Ftags&post=1844191"}],"curies":[{"name":"wp","href":"https:\/\/api.w.org\/{rel}","templated":true}]}}