{"id":184417,"date":"2015-03-24T09:54:08","date_gmt":"2015-03-24T06:54:08","guid":{"rendered":"https:\/\/analyse.optim.biz\/?p=184417"},"modified":"2015-03-24T09:54:08","modified_gmt":"2015-03-24T06:54:08","slug":"alina-gorghiu-psd-se-pregateste-sa-ridice-un-nou-zid-anti-justitie-in-cazurile-senatorilor-sova-si-valcov","status":"publish","type":"post","link":"https:\/\/analyse.optim.biz\/?p=184417","title":{"rendered":"Alina Gorghiu: PSD se preg\u0103te\u0219te s\u0103 ridice un nou zid anti-justi\u021bie \u00een cazurile senatorilor \u0218ova \u0219i V\u00e2lcov"},"content":{"rendered":"<div class=\"entry data-app-meta data-app-meta-article\" data-embed-base-url-canonical=\"https:\/\/www.digi24.ro\/embed\/stiri\/actualitate\/politica\/alina-gorghiu-psd-se-pregateste-sa-ridice-un-nou-zid-anti-justitie-in-cazurile-senatorilor-sova-si-valcov-374344\">\n<p data-index=\"1\"><img decoding=\"async\" src=\"https:\/\/analyse.optim.biz\/wp-content\/uploads\/2024\/09\/lmpwzyz3ptgwmczoyxnopte1mtbiy2e4mmu3njrjyza1zti5mzqwzgziyme3nze4-thumb_.jpg\" data-skip-htmlfix=\"1\" title=\"lmpwzyz3ptgwmczoyxnopte1mtbiy2e4mmu3njrjyza1zti5mzqwzgziyme3nze4-thumb_\"><\/p>\n<p data-index=\"2\"><span><em><strong>Sursa foto: Facebook<\/strong><\/em><\/span><\/p>\n<p data-index=\"3\">\u201ePNL nu se va opune m\u0103surilor cerute de c\u0103tre DNA \u00een cazul senatorilor \u0218ova \u0219i V\u00e2lcov, iar votul liberalilor va fi la vedere. Am stabilit, \u00eempreun\u0103 cu senatorii liberali, s\u0103 lu\u0103m m\u0103suri suplimentare pentru ca nimeni s\u0103 nu poat\u0103 incrimina PNL, \u00een cazul \u00een care majoritatea parlamentar\u0103 \u00eei va ap\u0103ra pe cei suspecta\u021bi de fapte penale. <strong>Avem, \u00eenc\u0103 de zilele trecute, semnale c\u0103 PSD se preg\u0103te\u0219te s\u0103 ridice un nou zid anti-justi\u021bie. O dovad\u0103 \u00een plus este decizia de luni, din Biroul Permanent, de a tergiversa votul \u00een plen pentru senatorul \u0218ova, pentru ca ambele cereri DNA s\u0103 fie votate miercuri. Pachetul \u0218ova-V\u00e2lcov este superoferta PSD la imunitate!<\/strong><\/p>\n<h5><a href=\"https:\/\/www.digi24.ro\/Stiri\/Digi24\/Actualitate\/Stiri\/PNL+ii+cere+lui+Victor+Ponta+sa+incurajeze+senatorii+PSD+sa+vote\" target=\"_blank\" data-skip-linkfix=\"1\" rel=\"noopener\"><strong>PNL \u00eei cere lui Victor Ponta s\u0103 \u00eencurajeze senatorii PSD s\u0103 voteze la vedere cererile DNA \u00een cazul senatorilor \u0218ova \u0219i V\u00e2lcov<\/strong><\/a><\/h5>\n<p data-index=\"4\">Fac un apel la senatorii din toate partidele s\u0103 \u00een\u021beleag\u0103 c\u0103 Parlamentul nu este complet de judecat\u0103 \u0219i c\u0103 votul nu prive\u0219te vinov\u0103\u021bia vreunui ales, ci cursul liber al justi\u021biei din Rom\u00e2nia\u201d, a scris copre\u0219edintele PNL pe Facebook.<\/p>\n<h5><a href=\"https:\/\/www.digi24.ro\/Stiri\/Digi24\/Actualitate\/Justitie\/Cererile+pentru+Dan+Sova+si+Darius+Valcov+discutate+la+pachet+in\" target=\"_blank\" data-skip-linkfix=\"1\" rel=\"noopener\">Cererile pentru Dan \u015eova \u015fi Darius V\u00e2lcov, discutate &#8220;la pachet&#8221; \u00een Plenul de miercuri<\/a><\/h5>\n<p data-index=\"5\">Plenul Senatului va discuta \u00een \u015fedin\u0163a de miercuri \u201ela pachet\u201d solicit\u0103rile de arestare preventiv\u0103 \u00een dosarele lui Dan Sova \u015fi al lui Darius V\u00e2lcov, a anun\u0163at, luni, pre\u015fedintele Comisiei juridice, senatorul C\u0103t\u0103lin Boboc.<\/p>\n<h5>Citi\u021bi \u0219i: <a href=\"https:\/\/www.digi24.ro\/Stiri\/Digi24\/Actualitate\/Politica\/Victor+Ponta+despre+votul+la+vedere+cerut+de+Alina+Gorghiu+Nu+sa\" target=\"_blank\" data-skip-linkfix=\"1\" rel=\"noopener\"><strong>Victor Ponta, despre votul la vedere cerut de Alina Gorghiu: Nu stau s\u0103 r\u0103spund la scandal<\/strong><\/a><\/h5>\n<h5><a href=\"https:\/\/www.digi24.ro\/Stiri\/Digi24\/Actualitate\/Justitie\/Dan+Sova+nu+demisioneaza\" target=\"_blank\" data-skip-linkfix=\"1\" rel=\"noopener\"><strong>Dan \u0218ova nu demisioneaz\u0103<\/strong><\/a><\/h5>\n<p data-index=\"6\"><strong><br \/><\/strong><\/p>\n<\/div>\n<p> Source URL: https:\/\/www.digi24.ro\/stiri\/actualitate\/politica\/alina-gorghiu-psd-se-pregateste-sa-ridice-un-nou-zid-anti-justitie-in-cazurile-senatorilor-sova-si-valcov-374344<\/p>\n","protected":false},"excerpt":{"rendered":"<p>Sursa foto: Facebook \u201ePNL nu se va opune m\u0103surilor cerute de c\u0103tre DNA \u00een cazul senatorilor \u0218ova \u0219i V\u00e2lcov, iar votul liberalilor va fi la vedere. Am stabilit, \u00eempreun\u0103 cu senatorii liberali, s\u0103 lu\u0103m m\u0103suri suplimentare pentru ca nimeni s\u0103 nu poat\u0103 incrimina PNL, \u00een cazul \u00een care majoritatea parlamentar\u0103 \u00eei va ap\u0103ra pe cei [&hellip;]<\/p>\n","protected":false},"author":1,"featured_media":184418,"comment_status":"open","ping_status":"","sticky":false,"template":"","format":"standard","meta":{"footnotes":""},"categories":[2],"tags":[11],"class_list":["post-184417","post","type-post","status-publish","format-standard","has-post-thumbnail","hentry","category-politics","tag-digi24"],"_links":{"self":[{"href":"https:\/\/analyse.optim.biz\/index.php?rest_route=\/wp\/v2\/posts\/184417","targetHints":{"allow":["GET"]}}],"collection":[{"href":"https:\/\/analyse.optim.biz\/index.php?rest_route=\/wp\/v2\/posts"}],"about":[{"href":"https:\/\/analyse.optim.biz\/index.php?rest_route=\/wp\/v2\/types\/post"}],"author":[{"embeddable":true,"href":"https:\/\/analyse.optim.biz\/index.php?rest_route=\/wp\/v2\/users\/1"}],"replies":[{"embeddable":true,"href":"https:\/\/analyse.optim.biz\/index.php?rest_route=%2Fwp%2Fv2%2Fcomments&post=184417"}],"version-history":[{"count":0,"href":"https:\/\/analyse.optim.biz\/index.php?rest_route=\/wp\/v2\/posts\/184417\/revisions"}],"wp:featuredmedia":[{"embeddable":true,"href":"https:\/\/analyse.optim.biz\/index.php?rest_route=\/wp\/v2\/media\/184418"}],"wp:attachment":[{"href":"https:\/\/analyse.optim.biz\/index.php?rest_route=%2Fwp%2Fv2%2Fmedia&parent=184417"}],"wp:term":[{"taxonomy":"category","embeddable":true,"href":"https:\/\/analyse.optim.biz\/index.php?rest_route=%2Fwp%2Fv2%2Fcategories&post=184417"},{"taxonomy":"post_tag","embeddable":true,"href":"https:\/\/analyse.optim.biz\/index.php?rest_route=%2Fwp%2Fv2%2Ftags&post=184417"}],"curies":[{"name":"wp","href":"https:\/\/api.w.org\/{rel}","templated":true}]}}