{"id":1844159,"date":"2026-03-24T10:25:31","date_gmt":"2026-03-24T07:25:31","guid":{"rendered":"https:\/\/analyse.optim.biz\/?p=1844159"},"modified":"2026-03-24T10:25:31","modified_gmt":"2026-03-24T07:25:31","slug":"jucatori-buzoieni-convocati-la-nationala","status":"publish","type":"post","link":"https:\/\/analyse.optim.biz\/?p=1844159","title":{"rendered":"JUC\u0102TORI BUZOIENI CONVOCA\u021aI LA NA\u021aIONAL\u0102"},"content":{"rendered":"<p>[analyse_image type=&#8221;featured&#8221; src=&#8221;https:\/\/newss.ro\/wp-content\/uploads\/2026\/03\/scm-gloria-rugby-mar.jpg&#8221;]<\/p>\n<div class=\"td-post-content\">\n<div class=\"td-post-featured-image\"><a href=\"https:\/\/newss.ro\/wp-content\/uploads\/2026\/03\/scm-gloria-rugby-mar.jpg\" data-caption><img loading=\"lazy\" decoding=\"async\" width=\"696\" height=\"373\" class=\"entry-thumb td-modal-image\" src=\"https:\/\/newss.ro\/wp-content\/uploads\/2026\/03\/scm-gloria-rugby-mar-696x373.jpg\" alt title=\"scm gloria rugby mar\"><\/a><\/div>\n<p>Rugby-ul buzoian progreseaz\u0103 constant \u0219i investi\u021bia \u00een copii \u0219i juniori aduce rezultate. Dovad\u0103 c\u0103 doi dintre cei mai promi\u021b\u0103tori sportivi de la SCM Gloria au fost convoca\u021bi la echipa na\u021bional\u0103 de rugby Under 18.<\/p>\n<p>\u00cen urma evolu\u021biilor din ultima perioad\u0103, Saulus Kersys \u00a0\u0219i Lauren\u021biu Cismaru au fost chema\u021bi la lotul na\u021bional \u0219i au participat, \u00een perioada 19-22 martie, la un stagiu de selec\u021bie preg\u0103titor, la Suceava. Ac\u021biunea a fost realizat\u0103 \u00een baza unui parteneriat \u00eentre Federa\u021bia Rom\u00e2n\u0103 de Rugby \u0219i Liceul Sportiv din Suceava.<\/p>\n<p>Antrenamentele au avut loc \u00een baza sportiv\u0103 a Liceului cu Program Sportiv Suceava, at\u00e2t pe gazon natural, dar \u0219i pe teren sintetic. Acesta este al doilea cantonament organizat \u00een nordul \u021b\u0103rii, dup\u0103 cel desf\u0103\u0219urat \u00eentre 5 \u0219i 8 februarie.<\/p>\n<p>Principalul obiectiv al acestei perioade de preg\u0103tire este partida de baraj \u00eempotriva Elve\u021biei, programat\u0103 pe 10 aprilie, de la ora 14:00, pe terenul de rugby din Complexul Sportiv Steaua \u2013 Ghencea.<\/p>\n<p>\u00cen cazul unei victorii, Rom\u00e2nia va disputa un nou meci, \u00een deplasare, contra Belgiei, duel care va decide calificarea la turneul final continental.<\/p>\n<p>Convocarea celor doi sportivi de la SCM Gloria reprezint\u0103 un nou semnal c\u0103 rugbyul buzoian continu\u0103 s\u0103 produc\u0103 talente, \u00een ciuda dificult\u0103\u021bilor din ultimii ani.<\/p>\n<\/div>\n<div class=\"td-post-content\">\n<div class=\"td-post-featured-image\"><a href=\"https:\/\/newss.ro\/wp-content\/uploads\/2026\/03\/scm-gloria-rugby-mar.jpg\" data-caption><img loading=\"lazy\" decoding=\"async\" width=\"696\" height=\"373\" class=\"entry-thumb td-modal-image\" src=\"https:\/\/newss.ro\/wp-content\/uploads\/2026\/03\/scm-gloria-rugby-mar-696x373.jpg\" alt title=\"scm gloria rugby mar\"><\/a><\/div>\n<p>Rugby-ul buzoian progreseaz\u0103 constant \u0219i investi\u021bia \u00een copii \u0219i juniori aduce rezultate. Dovad\u0103 c\u0103 doi dintre cei mai promi\u021b\u0103tori sportivi de la SCM Gloria au fost convoca\u021bi la echipa na\u021bional\u0103 de rugby Under 18.<\/p>\n<p>\u00cen urma evolu\u021biilor din ultima perioad\u0103, Saulus Kersys \u00a0\u0219i Lauren\u021biu Cismaru au fost chema\u021bi la lotul na\u021bional \u0219i au participat, \u00een perioada 19-22 martie, la un stagiu de selec\u021bie preg\u0103titor, la Suceava. Ac\u021biunea a fost realizat\u0103 \u00een baza unui parteneriat \u00eentre Federa\u021bia Rom\u00e2n\u0103 de Rugby \u0219i Liceul Sportiv din Suceava.<\/p>\n<p>Antrenamentele au avut loc \u00een baza sportiv\u0103 a Liceului cu Program Sportiv Suceava, at\u00e2t pe gazon natural, dar \u0219i pe teren sintetic. Acesta este al doilea cantonament organizat \u00een nordul \u021b\u0103rii, dup\u0103 cel desf\u0103\u0219urat \u00eentre 5 \u0219i 8 februarie.<\/p>\n<p>Principalul obiectiv al acestei perioade de preg\u0103tire este partida de baraj \u00eempotriva Elve\u021biei, programat\u0103 pe 10 aprilie, de la ora 14:00, pe terenul de rugby din Complexul Sportiv Steaua \u2013 Ghencea.<\/p>\n<p>\u00cen cazul unei victorii, Rom\u00e2nia va disputa un nou meci, \u00een deplasare, contra Belgiei, duel care va decide calificarea la turneul final continental.<\/p>\n<p>Convocarea celor doi sportivi de la SCM Gloria reprezint\u0103 un nou semnal c\u0103 rugbyul buzoian continu\u0103 s\u0103 produc\u0103 talente, \u00een ciuda dificult\u0103\u021bilor din ultimii ani.<\/p>\n<\/div>\n<p>[analyse_source url=&#8221;https:\/\/newss.ro\/2026\/03\/24\/jucatori-buzoieni-convocati-la-nationala\/&#8221;]<\/p>\n","protected":false},"excerpt":{"rendered":"<p>[analyse_image type=&#8221;featured&#8221; src=&#8221;https:\/\/newss.ro\/wp-content\/uploads\/2026\/03\/scm-gloria-rugby-mar.jpg&#8221;] Rugby-ul buzoian progreseaz\u0103 constant \u0219i investi\u021bia \u00een copii \u0219i juniori aduce rezultate. Dovad\u0103 c\u0103 doi dintre cei mai promi\u021b\u0103tori sportivi de la SCM Gloria au fost convoca\u021bi la echipa na\u021bional\u0103 de rugby Under 18. \u00cen urma evolu\u021biilor din ultima perioad\u0103, Saulus Kersys \u00a0\u0219i Lauren\u021biu Cismaru au fost chema\u021bi la lotul na\u021bional \u0219i [&hellip;]<\/p>\n","protected":false},"author":1,"featured_media":0,"comment_status":"open","ping_status":"","sticky":false,"template":"","format":"standard","meta":{"footnotes":""},"categories":[2],"tags":[226,73],"class_list":["post-1844159","post","type-post","status-publish","format-standard","hentry","category-politics","tag-crawlmanager","tag-newss-ro"],"_links":{"self":[{"href":"https:\/\/analyse.optim.biz\/index.php?rest_route=\/wp\/v2\/posts\/1844159","targetHints":{"allow":["GET"]}}],"collection":[{"href":"https:\/\/analyse.optim.biz\/index.php?rest_route=\/wp\/v2\/posts"}],"about":[{"href":"https:\/\/analyse.optim.biz\/index.php?rest_route=\/wp\/v2\/types\/post"}],"author":[{"embeddable":true,"href":"https:\/\/analyse.optim.biz\/index.php?rest_route=\/wp\/v2\/users\/1"}],"replies":[{"embeddable":true,"href":"https:\/\/analyse.optim.biz\/index.php?rest_route=%2Fwp%2Fv2%2Fcomments&post=1844159"}],"version-history":[{"count":0,"href":"https:\/\/analyse.optim.biz\/index.php?rest_route=\/wp\/v2\/posts\/1844159\/revisions"}],"wp:attachment":[{"href":"https:\/\/analyse.optim.biz\/index.php?rest_route=%2Fwp%2Fv2%2Fmedia&parent=1844159"}],"wp:term":[{"taxonomy":"category","embeddable":true,"href":"https:\/\/analyse.optim.biz\/index.php?rest_route=%2Fwp%2Fv2%2Fcategories&post=1844159"},{"taxonomy":"post_tag","embeddable":true,"href":"https:\/\/analyse.optim.biz\/index.php?rest_route=%2Fwp%2Fv2%2Ftags&post=1844159"}],"curies":[{"name":"wp","href":"https:\/\/api.w.org\/{rel}","templated":true}]}}