{"id":184403,"date":"2015-03-24T12:32:22","date_gmt":"2015-03-24T09:32:22","guid":{"rendered":"https:\/\/analyse.optim.biz\/?p=184403"},"modified":"2015-03-24T12:32:22","modified_gmt":"2015-03-24T09:32:22","slug":"senator-psd-e-greu-de-spus-cum-vor-vota-senatorii-psd-in-cazurile-sova-si-valcov","status":"publish","type":"post","link":"https:\/\/analyse.optim.biz\/?p=184403","title":{"rendered":"Senator PSD: E greu de spus cum vor vota senatorii PSD \u00een cazurile \u015eova \u015fi V\u00e2lcov"},"content":{"rendered":"<div class=\"entry data-app-meta data-app-meta-article\" data-embed-base-url-canonical=\"https:\/\/www.digi24.ro\/embed\/stiri\/actualitate\/politica\/senator-psd-e-greu-de-spus-cum-vor-vota-senatorii-psd-in-cazurile-sova-si-valcov-374400\">\n<p data-index=\"1\"><img decoding=\"async\" src=\"https:\/\/analyse.optim.biz\/wp-content\/uploads\/2024\/09\/odeyngvmyjnjymjinwuzzgninwrknjk1nwvhzq-thumb_.jpg\" data-skip-htmlfix=\"1\" title=\"odeyngvmyjnjymjinwuzzgninwrknjk1nwvhzq-thumb_\"><\/p>\n<p data-index=\"2\"><span><em><strong>Foto: Mediafax<\/strong><\/em><\/span><\/p>\n<p data-index=\"3\">Cum vor vota senatorii PSD? \u201e<em>Este greu de spus. <strong>Votul nu este imperativ prin Constitu\u0163ie \u015fi orice form\u0103 de a \u00eencerca s\u0103 se impun\u0103 un vot imperativ excede cadrul constitu\u0163ional.<\/strong> Dincolo de acest aspect teoretic, linia partidului este aceea de a accepta cererile Parchetului, dar \u00een acela\u015fi timp, <strong>niciun senator \u00een mod normal, \u00een mod firesc, nu poate fi obligat s\u0103 voteze altfel dec\u00e2t potrivit propriei con\u015ftiin\u0163e<\/strong><\/em>\u201d, a declarat <strong>Georgic\u0103 Severin<\/strong> la RFI.<\/p>\n<p data-index=\"4\">\u00centrebat dac\u0103 pe linie de partid nu exist\u0103 c\u0103i de a le for\u0163a m\u00e2na parlamentarilor s\u0103 voteze \u00eentr-un fel anume, senatorul PSD a r\u0103spuns: \u201e<em>Nu crede\u0163i c\u0103 for\u0163area m\u00e2inii \u00eenseamn\u0103 s\u0103 excedem ideea de democra\u0163ie parlamentar\u0103? Nu crede\u0163i c\u0103 ideea de a filma votul, care prin regulament, prin Constitu\u0163ie \u015fi prin lege este secret, \u00eencalc\u0103 legea? Unde se \u00eencalc\u0103 legea, \u00een momentul \u00een care for\u0163ezi votul \u015fi practic exerci\u0163i un fel de \u015fantaj, film\u00e2ndu-l \u015fi amenin\u0163\u00e2nd c\u0103-l pui pe site, \u00eenc\u0103lc\u00e2nd grav legea de organizare a Parlamentului sau \u00een momentul \u00een care parlamentarii sunt l\u0103sa\u0163i s\u0103 voteze dup\u0103 propria con\u015ftiin\u0163\u0103?<\/em>\u201d.<\/p>\n<p data-index=\"5\">\u00centrebat dac\u0103 <strong>Dan \u015eova<\/strong> \u015fi<strong> Darius V\u00e2lcov<\/strong> mai sunt membri PSD, potrivit noului Statut al partidului, Georgic\u0103 Severin s-a ar\u0103tat \u201eferm convins\u201d c\u0103 cei doi vor demisiona din func\u0163iile de\u0163inute \u00een partid: \u201e<em>Ieri am \u00een\u0163eles c\u0103 un coleg de-al meu de la Prahova, domnul Cosma \u015fi-a dat demisia din toate func\u0163iile din partid, am \u00een\u0163eles c\u0103 un coleg din Senat, domnul Mocanu, \u015fi-a dat demisia din toate func\u0163iile din partid, pentru c\u0103 avea un proces pe rol sau ceva de genul acesta. Sunt ferm convins c\u0103 \u015fi colegii mei, <strong>domnii \u015eova \u015fi V\u00e2lcov \u00ee\u015fi vor da demisia din toate func\u0163iile din partid<\/strong>. Ca s\u0103-\u015fi piard\u0103 calitatea de membru de partid, totu\u015fi \u00een partidul nostru \u00eenc\u0103 mai consider\u0103m c\u0103 exist\u0103 prezum\u0163ia de nevinov\u0103\u0163ie \u015fi ar trebui s\u0103 fie o condamnare definitiv\u0103<\/em>\u201d.<\/p>\n<\/div>\n<p> Source URL: https:\/\/www.digi24.ro\/stiri\/actualitate\/politica\/senator-psd-e-greu-de-spus-cum-vor-vota-senatorii-psd-in-cazurile-sova-si-valcov-374400<\/p>\n","protected":false},"excerpt":{"rendered":"<p>Foto: Mediafax Cum vor vota senatorii PSD? \u201eEste greu de spus. Votul nu este imperativ prin Constitu\u0163ie \u015fi orice form\u0103 de a \u00eencerca s\u0103 se impun\u0103 un vot imperativ excede cadrul constitu\u0163ional. Dincolo de acest aspect teoretic, linia partidului este aceea de a accepta cererile Parchetului, dar \u00een acela\u015fi timp, niciun senator \u00een mod normal, [&hellip;]<\/p>\n","protected":false},"author":1,"featured_media":184404,"comment_status":"open","ping_status":"","sticky":false,"template":"","format":"standard","meta":{"footnotes":""},"categories":[2],"tags":[11],"class_list":["post-184403","post","type-post","status-publish","format-standard","has-post-thumbnail","hentry","category-politics","tag-digi24"],"_links":{"self":[{"href":"https:\/\/analyse.optim.biz\/index.php?rest_route=\/wp\/v2\/posts\/184403","targetHints":{"allow":["GET"]}}],"collection":[{"href":"https:\/\/analyse.optim.biz\/index.php?rest_route=\/wp\/v2\/posts"}],"about":[{"href":"https:\/\/analyse.optim.biz\/index.php?rest_route=\/wp\/v2\/types\/post"}],"author":[{"embeddable":true,"href":"https:\/\/analyse.optim.biz\/index.php?rest_route=\/wp\/v2\/users\/1"}],"replies":[{"embeddable":true,"href":"https:\/\/analyse.optim.biz\/index.php?rest_route=%2Fwp%2Fv2%2Fcomments&post=184403"}],"version-history":[{"count":0,"href":"https:\/\/analyse.optim.biz\/index.php?rest_route=\/wp\/v2\/posts\/184403\/revisions"}],"wp:featuredmedia":[{"embeddable":true,"href":"https:\/\/analyse.optim.biz\/index.php?rest_route=\/wp\/v2\/media\/184404"}],"wp:attachment":[{"href":"https:\/\/analyse.optim.biz\/index.php?rest_route=%2Fwp%2Fv2%2Fmedia&parent=184403"}],"wp:term":[{"taxonomy":"category","embeddable":true,"href":"https:\/\/analyse.optim.biz\/index.php?rest_route=%2Fwp%2Fv2%2Fcategories&post=184403"},{"taxonomy":"post_tag","embeddable":true,"href":"https:\/\/analyse.optim.biz\/index.php?rest_route=%2Fwp%2Fv2%2Ftags&post=184403"}],"curies":[{"name":"wp","href":"https:\/\/api.w.org\/{rel}","templated":true}]}}