{"id":184392,"date":"2015-03-24T14:29:44","date_gmt":"2015-03-24T11:29:44","guid":{"rendered":"https:\/\/analyse.optim.biz\/?p=184392"},"modified":"2015-03-24T14:29:44","modified_gmt":"2015-03-24T11:29:44","slug":"traian-basescu-a-fost-audiat-la-parchet","status":"publish","type":"post","link":"https:\/\/analyse.optim.biz\/?p=184392","title":{"rendered":"Traian B\u0103sescu a fost audiat la Parchet"},"content":{"rendered":"<div class=\"entry data-app-meta data-app-meta-article\" data-embed-base-url-canonical=\"https:\/\/www.digi24.ro\/embed\/stiri\/actualitate\/politica\/traian-basescu-a-fost-audiat-la-parchet-374483\">\n<p data-index=\"1\">Punctual \u015fi bine dispus, Traian B\u0103sescu a fost \u00eent\u00e2mpinat la Parchetul General de protestatari. Cam acela\u015fi grup de oameni care \u00eel huiduiau \u015fi \u00een urm\u0103 cu o s\u0103pt\u0103m\u00e2n\u0103. Traian B\u0103sescu le-a z\u00e2mbit contestatarilor, a ignorat armata de jurnali\u015fti, apoi a urcat gr\u0103bit treptele Parchetului General. Acum, \u00eens\u0103, vizita a durat dou\u0103 ore \u015fi jum\u0103tate.<\/p>\n<p data-index=\"2\">\u201eA fost o declara\u0163ie complet\u0103 pentru clarificarea lucrurilor. Tot ce este necesar am povestit. Mie nu \u00eemi este fric\u0103 de lege\u201d, a spus el, la ie\u0219irea de la parchet.<\/p>\n<p data-index=\"3\">\u00cenconjurat de camere de filmat, reporteri \u0219i cabluri, Traian B\u0103sescu a \u00eencercat s\u0103 \u00ee\u0219i croiasc\u0103 singur drum printre oameni. Mul\u0163imea i-a dezorientat pe agen\u021bii SPP care au avut nevoie de timp s\u0103 localizeze ma\u015fina cu care Traian B\u0103sescu trebuia s\u0103 plece. Dar fostul \u015fef al statului nu a plecat p\u00e2n\u0103 nu le-a z\u00e2mbit din nou celor care \u00eel huiduiau.<\/p>\n<p data-index=\"4\">Martor la explica\u0163iile date de Traian B\u0103sescu a fost Lucian Bolca\u015f, avocatul senatorului Gabriela Firea. El exclude varianta unei \u00eemp\u0103c\u0103ri, clienta lui nefiind interesat\u0103 de scuze, ci de trecerea la urm\u0103torul pas \u00een anchet\u0103.<\/p>\n<p data-index=\"5\">\u201eDe regul\u0103 se solicit\u0103 acte care au leg\u0103tur\u0103 cu cauza, se pot solicita martori, se poate solicita vizionarea secven\u021belor video\u201d, a spus avocatul.<\/p>\n<p data-index=\"6\">Surse judiciare spun c\u0103 Traian B\u0103sescu a explicat, \u00een cele dou\u0103 ore \u015fi jum\u0103tate petrecute la parchet, c\u0103 <strong>afirma\u0163iile de la care a pornit acest scandal au fost unele cu caracter strict politic.<\/strong><\/p>\n<hr>\n<p data-index=\"7\">Actualizare 16.45. Dup\u0103 aproape dou\u0103 ore \u0219i jum\u0103tate, fostul pre\u0219edinte Traian B\u0103sescu a p\u0103r\u0103sit sediul Parchetului General. \u201e<strong>Nu mi-e fric\u0103 de lege!<\/strong>\u201d, le-a spus Traian B\u0103sescu jurnali\u0219tilor la ie\u0219ire.<\/p>\n<hr>\n<p data-index=\"8\">Traian B\u0103sescu a ajuns la Parchetul General la ora 14.23.<\/p>\n<p data-index=\"9\">S\u0103pt\u0103m\u00e2na trecut\u0103, fostul pre\u015fedinte a refuzat s\u0103 dea declara\u0163ii, \u00eentruc\u00e2t avoca\u0163ii s\u0103i nu cuno\u015fteau dosarul.\u00a0Ieri, ap\u0103r\u0103torii s\u0103i \u015fi cei ai parlamentarului PSD au avut ocazia s\u0103 studieze documentele depuse.<\/p>\n<p data-index=\"10\">Traian B\u0103sescu a fost s\u0103pt\u0103m\u00e2na trecut\u0103 la Parchetul General, citat \u00een calitate de suspect, \u00een dosarul \u00een care\u00a0Gabriela Firea\u00a0\u00eel acuz\u0103 de \u015fantaj. Fostului pre\u0219edinte i s-a adus la cuno\u0219tin\u021b\u0103 c\u0103 este urm\u0103rit penal.<\/p>\n<\/div>\n<p> Source URL: https:\/\/www.digi24.ro\/stiri\/actualitate\/politica\/traian-basescu-a-fost-audiat-la-parchet-374483<\/p>\n","protected":false},"excerpt":{"rendered":"<p>Punctual \u015fi bine dispus, Traian B\u0103sescu a fost \u00eent\u00e2mpinat la Parchetul General de protestatari. Cam acela\u015fi grup de oameni care \u00eel huiduiau \u015fi \u00een urm\u0103 cu o s\u0103pt\u0103m\u00e2n\u0103. Traian B\u0103sescu le-a z\u00e2mbit contestatarilor, a ignorat armata de jurnali\u015fti, apoi a urcat gr\u0103bit treptele Parchetului General. Acum, \u00eens\u0103, vizita a durat dou\u0103 ore \u015fi jum\u0103tate. \u201eA [&hellip;]<\/p>\n","protected":false},"author":1,"featured_media":184393,"comment_status":"open","ping_status":"","sticky":false,"template":"","format":"standard","meta":{"footnotes":""},"categories":[2],"tags":[11],"class_list":["post-184392","post","type-post","status-publish","format-standard","has-post-thumbnail","hentry","category-politics","tag-digi24"],"_links":{"self":[{"href":"https:\/\/analyse.optim.biz\/index.php?rest_route=\/wp\/v2\/posts\/184392","targetHints":{"allow":["GET"]}}],"collection":[{"href":"https:\/\/analyse.optim.biz\/index.php?rest_route=\/wp\/v2\/posts"}],"about":[{"href":"https:\/\/analyse.optim.biz\/index.php?rest_route=\/wp\/v2\/types\/post"}],"author":[{"embeddable":true,"href":"https:\/\/analyse.optim.biz\/index.php?rest_route=\/wp\/v2\/users\/1"}],"replies":[{"embeddable":true,"href":"https:\/\/analyse.optim.biz\/index.php?rest_route=%2Fwp%2Fv2%2Fcomments&post=184392"}],"version-history":[{"count":0,"href":"https:\/\/analyse.optim.biz\/index.php?rest_route=\/wp\/v2\/posts\/184392\/revisions"}],"wp:featuredmedia":[{"embeddable":true,"href":"https:\/\/analyse.optim.biz\/index.php?rest_route=\/wp\/v2\/media\/184393"}],"wp:attachment":[{"href":"https:\/\/analyse.optim.biz\/index.php?rest_route=%2Fwp%2Fv2%2Fmedia&parent=184392"}],"wp:term":[{"taxonomy":"category","embeddable":true,"href":"https:\/\/analyse.optim.biz\/index.php?rest_route=%2Fwp%2Fv2%2Fcategories&post=184392"},{"taxonomy":"post_tag","embeddable":true,"href":"https:\/\/analyse.optim.biz\/index.php?rest_route=%2Fwp%2Fv2%2Ftags&post=184392"}],"curies":[{"name":"wp","href":"https:\/\/api.w.org\/{rel}","templated":true}]}}