{"id":184389,"date":"2015-03-24T15:26:27","date_gmt":"2015-03-24T12:26:27","guid":{"rendered":"https:\/\/analyse.optim.biz\/?p=184389"},"modified":"2015-03-24T15:26:27","modified_gmt":"2015-03-24T12:26:27","slug":"gabriela-firea-atac-la-klaus-iohannis","status":"publish","type":"post","link":"https:\/\/analyse.optim.biz\/?p=184389","title":{"rendered":"Gabriela Firea, atac la Klaus Iohannis"},"content":{"rendered":"<div class=\"entry data-app-meta data-app-meta-article\" data-embed-base-url-canonical=\"https:\/\/www.digi24.ro\/embed\/stiri\/actualitate\/politica\/gabriela-firea-atac-la-klaus-iohannis-374502\">\n<p data-index=\"1\"><img decoding=\"async\" src=\"https:\/\/analyse.optim.biz\/wp-content\/uploads\/2024\/09\/owqwm2q5nwu1mwnmmdiwodk4mjmzzjcxzwjlzdhjng-thumb_.jpg\" data-skip-htmlfix=\"1\" title=\"owqwm2q5nwu1mwnmmdiwodk4mjmzzjcxzwjlzdhjng-thumb_\"><\/p>\n<p data-index=\"2\"><span><em><strong>Foto: Mediafax<\/strong><\/em><\/span><\/p>\n<p data-index=\"3\">\u201e\u00cen cea de-a doua \u0219i ultima confruntare televizat\u0103 dintre cele dou\u0103 tururi de scrutin ale alegerilor preziden\u021biale din noiembrie 2014, domnul Iohannis a f\u0103cut urm\u0103toarea afirma\u021bie: \u201e<em><strong>E gre\u0219it \u0219i periculos s\u0103 dai toat\u0103 puterea unui singur partid, e foarte periculos pentru Rom\u00e2nia s\u0103 regres\u0103m \u0219i s\u0103 punem \u00een pericol democra\u021bia<\/strong><\/em>\u201d. Mesajul candidatului liberal de atunci nu era unul strident, ci dimpotriv\u0103, consonant cu \u00eentreaga sa campanie, acesta fiind unul dintre predicatele importante rostogolite de to\u021bi comunicatorii PNL: s\u0103 nu d\u0103m toat\u0103 puterea unui singur partid.<\/p>\n<p data-index=\"4\">Tot \u00een respectiva campanie, dl. Iohannis a \u021binut s\u0103 se delimiteze cu fermitate de practicile pre\u0219edintelui \u00eenc\u0103 \u00een func\u021bie la acea dat\u0103, Traian B\u0103sescu, afirm\u00e2nd r\u0103spicat \u00een toate interviurile \u0219i declara\u021biile de pres\u0103 c\u0103 nu este treaba pre\u0219edintelui s\u0103 se implice \u00een realizarea unor majorit\u0103\u021bi parlamentare, ci doar s\u0103 ia act de existen\u021ba acestora \u0219i s\u0103 procedeze ca atare, constitu\u0163ional, atunci c\u00e2nd este cazul nominaliz\u0103rii unui premier.<\/p>\n<p data-index=\"5\">Alegerile au trecut \u0219i, dup\u0103 ce \u0219i-au v\u0103zut sacii cu voturi \u00een c\u0103ru\u021b\u0103, liberalii au uitat brusc de nocivitatea concentr\u0103rii \u00eentregii puteri executive \u00eentr-o singur\u0103 m\u00e2n\u0103 \u0219i au declan\u0219at o veritabil\u0103 campanie de d\u0103r\u00e2mare a guvernului Ponta \u0219i, pe cale de consecin\u021b\u0103, de preluare a guvern\u0103rii. Faptul c\u0103 aceast\u0103 campanie are, p\u00e2n\u0103 acum, aspectul ciocnirii unui corp de un perete, ca s\u0103 prelu\u0103m un model din fizic\u0103, specializarea domnului Klaus Iohannis, nu scuz\u0103 cu nimic duplicitatea liderilor PNL. Dup\u0103 cum nici nu-i scap\u0103 de ridicol pe alia\u021bii de conjunctur\u0103 ai acestora, care d\u0103deau \u0219i termene precise pentru c\u0103derea guvernului. Numai c\u0103, ghinion!, \u00een loc s\u0103 cad\u0103 guvernul, a c\u0103zut sub securea DNA jum\u0103tate din forma\u021biunea fantom\u0103.<\/p>\n<p data-index=\"6\"><strong>Ne mir\u0103 \u00eens\u0103 atitudinea pre\u0219edintelui Iohannis. Care pe de o parte clameaz\u0103 public faptul c\u0103 nu se implic\u0103 \u00een negocierile pentru formarea unei noi majorit\u0103\u021bi parlamentare, dar pe de alt\u0103 parte le \u00eencurajeaz\u0103, vorbindu-le ziari\u0219tilor str\u0103ini despre dorin\u021ba sa de a avea la Palatul Victoria un guvern PNL, pe care \u00eel nume\u0219te sugestiv \u201eguvernul meu\u201d.<\/strong> Din nou \u00eens\u0103, ghinion! Actuala majoritate parlamentar\u0103 este solid\u0103 \u0219i oric\u00e2te c\u00e2ntece de siren\u0103 ar interpreta liderii PNL, progresi\u0219tii, conservatorii \u0219i liberalii reformi\u0219ti au dat asigur\u0103ri ferme, prin liderii lor legitimi, c\u0103 sus\u021bin actualul guvern. Consiliul Na\u021bional al PSD nu s-a l\u0103sat, a\u0219a cum sperau adversarii no\u0219tri \u0219i cum prevesteau propagandi\u0219tii \u0219i postacii lor, cu scandaluri, implozii sau sciziuni.<\/p>\n<p data-index=\"7\">A\u0219a c\u0103 dac\u0103 faptele nu le confirm\u0103, liberalii \u0219i pre\u0219edintele Klaus Iohannis r\u0103m\u00e2n doar cu vorbele. Iar dac\u0103 modul \u00een care \u00ee\u0219i doresc ei s\u0103 \u00eenl\u0103ture guvernul Ponta este sau nu discutabil din punct de vedere moral sau constitu\u021bional, din punct de vedere semantic sigur are o problem\u0103. Asta pentru c\u0103 guvernul nu este al meu, al lui Victor Ponta, nici al meu, al lui Klaus Iohannis, nici al t\u0103u, liberale sau pesedistule, ci al Rom\u00e2niei \u015fi al rom\u00e2nilor.\u201d<\/p>\n<\/div>\n<p> Source URL: https:\/\/www.digi24.ro\/stiri\/actualitate\/politica\/gabriela-firea-atac-la-klaus-iohannis-374502<\/p>\n","protected":false},"excerpt":{"rendered":"<p>Foto: Mediafax \u201e\u00cen cea de-a doua \u0219i ultima confruntare televizat\u0103 dintre cele dou\u0103 tururi de scrutin ale alegerilor preziden\u021biale din noiembrie 2014, domnul Iohannis a f\u0103cut urm\u0103toarea afirma\u021bie: \u201eE gre\u0219it \u0219i periculos s\u0103 dai toat\u0103 puterea unui singur partid, e foarte periculos pentru Rom\u00e2nia s\u0103 regres\u0103m \u0219i s\u0103 punem \u00een pericol democra\u021bia\u201d. Mesajul candidatului liberal [&hellip;]<\/p>\n","protected":false},"author":1,"featured_media":184390,"comment_status":"open","ping_status":"","sticky":false,"template":"","format":"standard","meta":{"footnotes":""},"categories":[2],"tags":[11],"class_list":["post-184389","post","type-post","status-publish","format-standard","has-post-thumbnail","hentry","category-politics","tag-digi24"],"_links":{"self":[{"href":"https:\/\/analyse.optim.biz\/index.php?rest_route=\/wp\/v2\/posts\/184389","targetHints":{"allow":["GET"]}}],"collection":[{"href":"https:\/\/analyse.optim.biz\/index.php?rest_route=\/wp\/v2\/posts"}],"about":[{"href":"https:\/\/analyse.optim.biz\/index.php?rest_route=\/wp\/v2\/types\/post"}],"author":[{"embeddable":true,"href":"https:\/\/analyse.optim.biz\/index.php?rest_route=\/wp\/v2\/users\/1"}],"replies":[{"embeddable":true,"href":"https:\/\/analyse.optim.biz\/index.php?rest_route=%2Fwp%2Fv2%2Fcomments&post=184389"}],"version-history":[{"count":0,"href":"https:\/\/analyse.optim.biz\/index.php?rest_route=\/wp\/v2\/posts\/184389\/revisions"}],"wp:featuredmedia":[{"embeddable":true,"href":"https:\/\/analyse.optim.biz\/index.php?rest_route=\/wp\/v2\/media\/184390"}],"wp:attachment":[{"href":"https:\/\/analyse.optim.biz\/index.php?rest_route=%2Fwp%2Fv2%2Fmedia&parent=184389"}],"wp:term":[{"taxonomy":"category","embeddable":true,"href":"https:\/\/analyse.optim.biz\/index.php?rest_route=%2Fwp%2Fv2%2Fcategories&post=184389"},{"taxonomy":"post_tag","embeddable":true,"href":"https:\/\/analyse.optim.biz\/index.php?rest_route=%2Fwp%2Fv2%2Ftags&post=184389"}],"curies":[{"name":"wp","href":"https:\/\/api.w.org\/{rel}","templated":true}]}}