{"id":1843868,"date":"2026-03-24T11:09:47","date_gmt":"2026-03-24T08:09:47","guid":{"rendered":"https:\/\/analyse.optim.biz\/?p=1843868"},"modified":"2026-03-24T11:09:47","modified_gmt":"2026-03-24T08:09:47","slug":"tulcea-iluminata-in-rosu-de-ziua-mondiala-impotriva-tuberculozei","status":"publish","type":"post","link":"https:\/\/analyse.optim.biz\/?p=1843868","title":{"rendered":"Tulcea iluminat\u0103 \u00een ro\u0219u de Ziua Mondial\u0103 \u00eempotriva Tuberculozei"},"content":{"rendered":"<p>[analyse_image type=&#8221;featured&#8221; src=&#8221;https:\/\/dobrogeanews.b-cdn.net\/wp-content\/uploads\/2026\/03\/tulcea-iluminat-rosu-ziua-tuberculozei1.jpg&#8221;]<\/p>\n<div id=\"post-69365\" class=\"entry single-default post-69365 post type-post status-publish format-standard has-post-thumbnail hentry category-info\">\n<div>\n<div class=\"ss-follow-wrapper ss-clearfix ss-regular-buttons ss-columns-1 ss-default-style\">\n<div class=\"ss-follow-column\" data-ss-sf-network-id='\"facebook\"'><a href=\"https:\/\/www.facebook.com\/dobrogeanews\" class=\"ss-follow-network ss-facebook-color\" rel=\"nofollow noopener\" aria-label=\"facebook\" target=\"_blank\"><span class=\"ss-follow-network-label\">Urm\u0103re\u015fte-ne \u015fi pe Facebook!<\/span><span class=\"ss-follow-network-count\"><span class=\"ss-follow-network-count-number\">57K<\/span><span class=\"ss-follow-network-count-label\">Followers<\/span><\/span><\/a><\/div>\n<\/div>\n<\/div>\n<p>Tulcea iluminat\u0103 \u00een ro\u0219u de Ziua Mondial\u0103 \u00eempotriva Tuberculozei, mar\u021bi, 24 martie.<\/p>\n<figure class=\"wp-block-image size-full is-resized\">\n<source type=\"image\/webp\" data-lazy-srcset=\"https:\/\/dobrogeanews.b-cdn.net\/wp-content\/uploads\/2026\/03\/tulcea-iluminat-rosu-ziua-tuberculozei1.jpg.webp 2560w, https:\/\/dobrogeanews.b-cdn.net\/wp-content\/uploads\/2026\/03\/tulcea-iluminat-rosu-ziua-tuberculozei1-300x246.jpg.webp 300w, https:\/\/dobrogeanews.b-cdn.net\/wp-content\/uploads\/2026\/03\/tulcea-iluminat-rosu-ziua-tuberculozei1-1024x840.jpg.webp 1024w, https:\/\/dobrogeanews.b-cdn.net\/wp-content\/uploads\/2026\/03\/tulcea-iluminat-rosu-ziua-tuberculozei1-768x630.jpg.webp 768w, https:\/\/dobrogeanews.b-cdn.net\/wp-content\/uploads\/2026\/03\/tulcea-iluminat-rosu-ziua-tuberculozei1-1536x1260.jpg.webp 1536w, https:\/\/dobrogeanews.b-cdn.net\/wp-content\/uploads\/2026\/03\/tulcea-iluminat-rosu-ziua-tuberculozei1-2048x1680.jpg.webp 2048w\" sizes=\"(max-width: 640px) 100vw, 640px\" \/><br \/>\n<img loading=\"lazy\" decoding=\"async\" src=\"https:\/\/dobrogeanews.b-cdn.net\/wp-content\/uploads\/2026\/03\/tulcea-iluminat-rosu-ziua-tuberculozei1.jpg\" alt=\"Tulcea iluminat\u0103 \u00een ro\u0219u de Ziua Mondial\u0103 \u00eempotriva tuberculozei\" width=\"640\" height=\"525\"><\/figure>\n<p>\u201eAst\u0103zi marc\u0103m Ziua Mondial\u0103 de Lupt\u0103 \u00eempotriva Tuberculozei, un prilej de a atrage aten\u021bia asupra impactului acestei boli asupra s\u0103n\u0103t\u0103\u021bii publice la nivel global.<\/p>\n<p>Tuberculoza r\u0103m\u00e2ne o problem\u0103 major\u0103 de s\u0103n\u0103tate, dar poate fi prevenit\u0103 \u0219i poate fi tratat\u0103 dac\u0103 este depistat\u0103 la timp. <\/p>\n<p>Am iluminat \u00een ro\u0219u obiective din municipiu, culoarea simbol a luptei \u00eempotriva tuberculozei, al\u0103tur\u00e2ndu-ne ini\u021biativei interna\u021bionale <a href=\"https:\/\/www.facebook.com\/hashtag\/lightupfortb?__eep__=6&amp;__cft__%5B0%5D=AZZukomsT4ysm2oT2eHHhk1ef2e6sNLmvTZ6TbVhY2nTrr3njbAKHLdcMQxjfJ8IvSIb0lCPZ6ShZJg0nABiUQz77X58SWOrrU-wAHSsvfHheffIzaUUtf1_G-PgLLQG5JhOVE4MySVGVeLo2275PnecCqG49YPuCdrcAXiKNO39-Mym2n-8047AvfL15ezFGnE&amp;__tn__=*NK-R\">#LightUpForTB<\/a>. <\/p>\n<p>Prim\u0103ria Municipiului Tulcea sus\u021bine eforturile de informare, preven\u021bie \u0219i reducere a impactului tuberculozei asupra comunit\u0103\u021bii\u201d <\/p>\n<p>spune \u0218tefan Ilie, primarul Municipiului Tulcea.<\/p>\n<div class=\"monsterinsights-inline-popular-posts monsterinsights-inline-popular-posts-charlie monsterinsights-popular-posts-styled\">\n<div class=\"monsterinsights-inline-popular-posts-text\"><span class=\"monsterinsights-inline-popular-posts-label\">Vezi \u0219i:<\/span><\/p>\n<div class=\"monsterinsights-inline-popular-posts-post\"><a class=\"monsterinsights-inline-popular-posts-title\" href=\"https:\/\/www.dobrogeanews.ro\/municipiul-tulcea-a-adoptat-o-crestere-minima-a-taxelor-locale-taxa-de-habitat-creste-cu-3-lei-iar-pentru-impozitul-auto-trebuie-sa-depuneti-declaratie\/\">Municipiul Tulcea a adoptat o cre\u0219tere minim\u0103 a taxelor locale. Taxa de habitat cre\u0219te cu 3 lei iar pentru impozitul auto trebuie s\u0103 depune\u021bi declara\u021bie<\/a><\/div>\n<div class=\"monsterinsights-inline-popular-posts-post\"><a class=\"monsterinsights-inline-popular-posts-title\" href=\"https:\/\/www.dobrogeanews.ro\/la-babadag-eleviii-continua-sa-primeasca-pachetele-alimentare-prin-programul-national-masa-sanatoasa\/\">La Babadag, elevii continu\u0103 s\u0103 primeasc\u0103 pachetele alimentare prin Programul Na\u021bional \u201eMas\u0103 s\u0103n\u0103toas\u0103\u201d<\/a><\/div>\n<div class=\"monsterinsights-inline-popular-posts-post\"><a class=\"monsterinsights-inline-popular-posts-title\" href=\"https:\/\/www.dobrogeanews.ro\/liliana-marinescu-a-fost-semnat-contractul-de-finantare-pentru-alimentare-cu-gaze-la-baia-in-valoare-de-8-075-000-lei\/\">Liliana Marinescu: A fost semnat contractul de finan\u021bare pentru \u201eAlimentare cu gaze\u201d la Baia \u00een valoare de 8.075.000 lei<\/a><\/div>\n<\/div>\n<\/div>\n<p class=\"has-text-align-center has-white-color has-text-color has-background\"><span><a href=\"https:\/\/news.google.com\/publications\/CAAqBwgKMIu5pgsw88O-Aw?ceid=RO:ro&amp;oc=3\">Urm\u0103ri\u0163i \u015etirile Dobrogeanews \u015fi pe Google News<\/a><\/span><\/p>\n<\/div>\n<div id=\"post-69365\" class=\"entry single-default post-69365 post type-post status-publish format-standard has-post-thumbnail hentry category-info\">\n<div>\n<div class=\"ss-follow-wrapper ss-clearfix ss-regular-buttons ss-columns-1 ss-default-style\">\n<div class=\"ss-follow-column\" data-ss-sf-network-id='\"facebook\"'><a href=\"https:\/\/www.facebook.com\/dobrogeanews\" class=\"ss-follow-network ss-facebook-color\" rel=\"nofollow noopener\" aria-label=\"facebook\" target=\"_blank\"><span class=\"ss-follow-network-label\">Urm\u0103re\u015fte-ne \u015fi pe Facebook!<\/span><span class=\"ss-follow-network-count\"><span class=\"ss-follow-network-count-number\">57K<\/span><span class=\"ss-follow-network-count-label\">Followers<\/span><\/span><\/a><\/div>\n<\/div>\n<\/div>\n<p>Tulcea iluminat\u0103 \u00een ro\u0219u de Ziua Mondial\u0103 \u00eempotriva Tuberculozei, mar\u021bi, 24 martie.<\/p>\n<figure class=\"wp-block-image size-full is-resized\">\n<source type=\"image\/webp\" data-lazy-srcset=\"https:\/\/dobrogeanews.b-cdn.net\/wp-content\/uploads\/2026\/03\/tulcea-iluminat-rosu-ziua-tuberculozei1.jpg.webp 2560w, https:\/\/dobrogeanews.b-cdn.net\/wp-content\/uploads\/2026\/03\/tulcea-iluminat-rosu-ziua-tuberculozei1-300x246.jpg.webp 300w, https:\/\/dobrogeanews.b-cdn.net\/wp-content\/uploads\/2026\/03\/tulcea-iluminat-rosu-ziua-tuberculozei1-1024x840.jpg.webp 1024w, https:\/\/dobrogeanews.b-cdn.net\/wp-content\/uploads\/2026\/03\/tulcea-iluminat-rosu-ziua-tuberculozei1-768x630.jpg.webp 768w, https:\/\/dobrogeanews.b-cdn.net\/wp-content\/uploads\/2026\/03\/tulcea-iluminat-rosu-ziua-tuberculozei1-1536x1260.jpg.webp 1536w, https:\/\/dobrogeanews.b-cdn.net\/wp-content\/uploads\/2026\/03\/tulcea-iluminat-rosu-ziua-tuberculozei1-2048x1680.jpg.webp 2048w\" sizes=\"(max-width: 640px) 100vw, 640px\" \/><br \/>\n<img loading=\"lazy\" decoding=\"async\" src=\"https:\/\/dobrogeanews.b-cdn.net\/wp-content\/uploads\/2026\/03\/tulcea-iluminat-rosu-ziua-tuberculozei1.jpg\" alt=\"Tulcea iluminat\u0103 \u00een ro\u0219u de Ziua Mondial\u0103 \u00eempotriva tuberculozei\" width=\"640\" height=\"525\"><\/figure>\n<p>\u201eAst\u0103zi marc\u0103m Ziua Mondial\u0103 de Lupt\u0103 \u00eempotriva Tuberculozei, un prilej de a atrage aten\u021bia asupra impactului acestei boli asupra s\u0103n\u0103t\u0103\u021bii publice la nivel global.<\/p>\n<p>Tuberculoza r\u0103m\u00e2ne o problem\u0103 major\u0103 de s\u0103n\u0103tate, dar poate fi prevenit\u0103 \u0219i poate fi tratat\u0103 dac\u0103 este depistat\u0103 la timp. <\/p>\n<p>Am iluminat \u00een ro\u0219u obiective din municipiu, culoarea simbol a luptei \u00eempotriva tuberculozei, al\u0103tur\u00e2ndu-ne ini\u021biativei interna\u021bionale <a href=\"https:\/\/www.facebook.com\/hashtag\/lightupfortb?__eep__=6&amp;__cft__%5B0%5D=AZZukomsT4ysm2oT2eHHhk1ef2e6sNLmvTZ6TbVhY2nTrr3njbAKHLdcMQxjfJ8IvSIb0lCPZ6ShZJg0nABiUQz77X58SWOrrU-wAHSsvfHheffIzaUUtf1_G-PgLLQG5JhOVE4MySVGVeLo2275PnecCqG49YPuCdrcAXiKNO39-Mym2n-8047AvfL15ezFGnE&amp;__tn__=*NK-R\">#LightUpForTB<\/a>. <\/p>\n<p>Prim\u0103ria Municipiului Tulcea sus\u021bine eforturile de informare, preven\u021bie \u0219i reducere a impactului tuberculozei asupra comunit\u0103\u021bii\u201d <\/p>\n<p>spune \u0218tefan Ilie, primarul Municipiului Tulcea.<\/p>\n<div class=\"monsterinsights-inline-popular-posts monsterinsights-inline-popular-posts-charlie monsterinsights-popular-posts-styled\">\n<div class=\"monsterinsights-inline-popular-posts-text\"><span class=\"monsterinsights-inline-popular-posts-label\">Vezi \u0219i:<\/span><\/p>\n<div class=\"monsterinsights-inline-popular-posts-post\"><a class=\"monsterinsights-inline-popular-posts-title\" href=\"https:\/\/www.dobrogeanews.ro\/municipiul-tulcea-a-adoptat-o-crestere-minima-a-taxelor-locale-taxa-de-habitat-creste-cu-3-lei-iar-pentru-impozitul-auto-trebuie-sa-depuneti-declaratie\/\">Municipiul Tulcea a adoptat o cre\u0219tere minim\u0103 a taxelor locale. Taxa de habitat cre\u0219te cu 3 lei iar pentru impozitul auto trebuie s\u0103 depune\u021bi declara\u021bie<\/a><\/div>\n<div class=\"monsterinsights-inline-popular-posts-post\"><a class=\"monsterinsights-inline-popular-posts-title\" href=\"https:\/\/www.dobrogeanews.ro\/la-babadag-eleviii-continua-sa-primeasca-pachetele-alimentare-prin-programul-national-masa-sanatoasa\/\">La Babadag, elevii continu\u0103 s\u0103 primeasc\u0103 pachetele alimentare prin Programul Na\u021bional \u201eMas\u0103 s\u0103n\u0103toas\u0103\u201d<\/a><\/div>\n<div class=\"monsterinsights-inline-popular-posts-post\"><a class=\"monsterinsights-inline-popular-posts-title\" href=\"https:\/\/www.dobrogeanews.ro\/liliana-marinescu-a-fost-semnat-contractul-de-finantare-pentru-alimentare-cu-gaze-la-baia-in-valoare-de-8-075-000-lei\/\">Liliana Marinescu: A fost semnat contractul de finan\u021bare pentru \u201eAlimentare cu gaze\u201d la Baia \u00een valoare de 8.075.000 lei<\/a><\/div>\n<\/div>\n<\/div>\n<p class=\"has-text-align-center has-white-color has-text-color has-background\"><span><a href=\"https:\/\/news.google.com\/publications\/CAAqBwgKMIu5pgsw88O-Aw?ceid=RO:ro&amp;oc=3\">Urm\u0103ri\u0163i \u015etirile Dobrogeanews \u015fi pe Google News<\/a><\/span><\/p>\n<\/div>\n<p>[analyse_source url=&#8221;https:\/\/www.dobrogeanews.ro\/tulcea-iluminata-in-rosu-de-ziua-mondiala-impotriva-tuberculozei\/&#8221;]<\/p>\n","protected":false},"excerpt":{"rendered":"<p>[analyse_image type=&#8221;featured&#8221; src=&#8221;https:\/\/dobrogeanews.b-cdn.net\/wp-content\/uploads\/2026\/03\/tulcea-iluminat-rosu-ziua-tuberculozei1.jpg&#8221;] Urm\u0103re\u015fte-ne \u015fi pe Facebook!57KFollowers Tulcea iluminat\u0103 \u00een ro\u0219u de Ziua Mondial\u0103 \u00eempotriva Tuberculozei, mar\u021bi, 24 martie. \u201eAst\u0103zi marc\u0103m Ziua Mondial\u0103 de Lupt\u0103 \u00eempotriva Tuberculozei, un prilej de a atrage aten\u021bia asupra impactului acestei boli asupra s\u0103n\u0103t\u0103\u021bii publice la nivel global. Tuberculoza r\u0103m\u00e2ne o problem\u0103 major\u0103 de s\u0103n\u0103tate, dar poate fi prevenit\u0103 \u0219i [&hellip;]<\/p>\n","protected":false},"author":1,"featured_media":0,"comment_status":"open","ping_status":"","sticky":false,"template":"","format":"standard","meta":{"footnotes":""},"categories":[89],"tags":[226,223],"class_list":["post-1843868","post","type-post","status-publish","format-standard","hentry","category-romania","tag-crawlmanager","tag-dobrogeanews-ro"],"_links":{"self":[{"href":"https:\/\/analyse.optim.biz\/index.php?rest_route=\/wp\/v2\/posts\/1843868","targetHints":{"allow":["GET"]}}],"collection":[{"href":"https:\/\/analyse.optim.biz\/index.php?rest_route=\/wp\/v2\/posts"}],"about":[{"href":"https:\/\/analyse.optim.biz\/index.php?rest_route=\/wp\/v2\/types\/post"}],"author":[{"embeddable":true,"href":"https:\/\/analyse.optim.biz\/index.php?rest_route=\/wp\/v2\/users\/1"}],"replies":[{"embeddable":true,"href":"https:\/\/analyse.optim.biz\/index.php?rest_route=%2Fwp%2Fv2%2Fcomments&post=1843868"}],"version-history":[{"count":0,"href":"https:\/\/analyse.optim.biz\/index.php?rest_route=\/wp\/v2\/posts\/1843868\/revisions"}],"wp:attachment":[{"href":"https:\/\/analyse.optim.biz\/index.php?rest_route=%2Fwp%2Fv2%2Fmedia&parent=1843868"}],"wp:term":[{"taxonomy":"category","embeddable":true,"href":"https:\/\/analyse.optim.biz\/index.php?rest_route=%2Fwp%2Fv2%2Fcategories&post=1843868"},{"taxonomy":"post_tag","embeddable":true,"href":"https:\/\/analyse.optim.biz\/index.php?rest_route=%2Fwp%2Fv2%2Ftags&post=1843868"}],"curies":[{"name":"wp","href":"https:\/\/api.w.org\/{rel}","templated":true}]}}