{"id":1843837,"date":"2026-03-24T12:59:26","date_gmt":"2026-03-24T09:59:26","guid":{"rendered":"https:\/\/analyse.optim.biz\/?p=1843837"},"modified":"2026-03-24T12:59:26","modified_gmt":"2026-03-24T09:59:26","slug":"zilele-asistentei-sociale-la-usv-apel-la-unitate-intr-o-societate-divizata-vor-fi-dezbateri-despre-provocarile-domeniului","status":"publish","type":"post","link":"https:\/\/analyse.optim.biz\/?p=1843837","title":{"rendered":"\u201dZilele Asisten\u021bei Sociale\u201d la USV, apel la unitate \u00eentr-o societate divizat\u0103. Vor fi dezbateri despre provoc\u0103rile domeniului"},"content":{"rendered":"<p>[analyse_image type=&#8221;featured&#8221; src=&#8221;https:\/\/www.radiotop.ro\/img\/media\/2026\/03\/Afis-zilele-asistentei-sociale-2026_page-0001.jpghttps:\/\/www.radiotop.ro\/img\/media\/2026\/03\/Afis-zilele-asistentei-sociale-2026_page-0001.jpg&#8221;]<\/p>\n<div class=\"entry-content no-share\">\n<div class=\"content-inner \">\n<div class=\"jeg_preview_slider gallery_1\" data-selector=\"gallery_1\">\n<div class=\"jeg_preview_holder\">\n<div class=\"jeg_preview_media\">\n<div class=\"jeg_preview_media_holder\">\n<h3>\u00a0<\/h3>\n<div class=\"jeg_preview_control\">\n<div class=\"left_control\">\n<div class=\"counter\"><span class=\"current\">1<\/span> of  1<\/div>\n<\/div>\n<div class=\"zoom\"><span class=\"reduce\">&#8211;<\/span><span class=\"increase\">+<\/span><\/div>\n<\/div>\n<\/div>\n<\/div>\n<div class=\"jeg_preview_bottom_slider\"><a data-id=\"0\" data-title data-image=\"https:\/\/www.radiotop.ro\/img\/media\/2026\/03\/Afis-zilele-asistentei-sociale-2026_page-0001.jpg\" href=\"https:\/\/www.radiotop.ro\/img\/media\/2026\/03\/Afis-zilele-asistentei-sociale-2026_page-0001.jpg\" class=\"jeg_preview_item active\"><\/p>\n<div class=\"jeg_preview_item_thumbnail\"><img loading=\"lazy\" decoding=\"async\" width=\"120\" height=\"86\" src=\"https:\/\/www.radiotop.ro\/img\/media\/2026\/03\/Afis-zilele-asistentei-sociale-2026_page-0001-120x86.jpg\" class=\"attachment-jnews-120x86 size-jnews-120x86\" alt><\/div>\n<p><\/a><\/div>\n<\/div>\n<\/div>\n<p>Universitatea \u201d\u0218tefan cel Mare\u201d din Suceava organizeaz\u0103, pe 27 martie, evenimentul anual \u201dZilele Asisten\u021bei Sociale\u201d, desf\u0103\u0219urat \u00een Aula din corpul E, \u00eentre orele 10:00 \u0219i 16:30. Tema din acest an este &lt;Construind \u00eempreun\u0103 speran\u021b\u0103 \u0219i armonie: un apel Harambee pentru a uni o societate divizat\u0103&gt;.<\/p>\n<p>Manifestarea reune\u0219te speciali\u0219ti \u0219i cercet\u0103tori din domeniu, care vor sus\u021bine prezent\u0103ri \u0219tiin\u021bifice pe teme actuale din asisten\u021ba social\u0103, dar \u0219i activit\u0103\u021bi dedicate promov\u0103rii profesiei \u00een comunitate.<\/p>\n<p>Evenimentul va fi urmat de lansarea volumului &lt;Asisten\u021ba social\u0103 a persoanelor v\u00eerstnice \u00een Rom\u00e2nia postdecembrist\u0103&gt;, semnat de lector univ. dr. Carmen Marcela Ciornei, ap\u0103rut la editura Pro Universitaria, Bucure\u0219ti.<\/p>\n<p>Organizatorii subliniaz\u0103 c\u0103 \u201d&lt;Zilele Asisten\u021bei Sociale&gt; reprezint\u0103 un prilej de reflec\u021bie asupra evolu\u021biei serviciilor sociale, a provoc\u0103rilor actuale \u0219i a dificult\u0103\u021bilor \u00eent\u00eempinate \u00een practic\u0103\u201d, dar \u0219i o oportunitate de dialog \u00eentre profesioni\u0219ti \u0219i comunitate.<\/p>\n<p>Evenimentul este acreditat cu un credit profesional pentru asisten\u021bii sociali, iar \u00eenscrierile se pot face p\u00een\u0103 pe 26 martie, ora 12:00.<\/p>\n<\/div>\n<\/div>\n<div class=\"content-inner \">\n<div class=\"jeg_preview_slider gallery_1\" data-selector=\"gallery_1\">\n<div class=\"jeg_preview_holder\">\n<div class=\"jeg_preview_media\">\n<div class=\"jeg_preview_media_holder\">\n<h3>\u00a0<\/h3>\n<div class=\"jeg_preview_control\">\n<div class=\"left_control\">\n<div class=\"counter\"><span class=\"current\">1<\/span> of  1<\/div>\n<\/div>\n<div class=\"zoom\"><span class=\"reduce\">&#8211;<\/span><span class=\"increase\">+<\/span><\/div>\n<\/div>\n<\/div>\n<\/div>\n<div class=\"jeg_preview_bottom_slider\"><a data-id=\"0\" data-title data-image=\"https:\/\/www.radiotop.ro\/img\/media\/2026\/03\/Afis-zilele-asistentei-sociale-2026_page-0001.jpg\" href=\"https:\/\/www.radiotop.ro\/img\/media\/2026\/03\/Afis-zilele-asistentei-sociale-2026_page-0001.jpg\" class=\"jeg_preview_item active\"><\/p>\n<div class=\"jeg_preview_item_thumbnail\"><img loading=\"lazy\" decoding=\"async\" width=\"120\" height=\"86\" src=\"https:\/\/www.radiotop.ro\/img\/media\/2026\/03\/Afis-zilele-asistentei-sociale-2026_page-0001-120x86.jpg\" class=\"attachment-jnews-120x86 size-jnews-120x86\" alt><\/div>\n<p><\/a><\/div>\n<\/div>\n<\/div>\n<p>Universitatea \u201d\u0218tefan cel Mare\u201d din Suceava organizeaz\u0103, pe 27 martie, evenimentul anual \u201dZilele Asisten\u021bei Sociale\u201d, desf\u0103\u0219urat \u00een Aula din corpul E, \u00eentre orele 10:00 \u0219i 16:30. Tema din acest an este &lt;Construind \u00eempreun\u0103 speran\u021b\u0103 \u0219i armonie: un apel Harambee pentru a uni o societate divizat\u0103&gt;.<\/p>\n<p>Manifestarea reune\u0219te speciali\u0219ti \u0219i cercet\u0103tori din domeniu, care vor sus\u021bine prezent\u0103ri \u0219tiin\u021bifice pe teme actuale din asisten\u021ba social\u0103, dar \u0219i activit\u0103\u021bi dedicate promov\u0103rii profesiei \u00een comunitate.<\/p>\n<p>Evenimentul va fi urmat de lansarea volumului &lt;Asisten\u021ba social\u0103 a persoanelor v\u00eerstnice \u00een Rom\u00e2nia postdecembrist\u0103&gt;, semnat de lector univ. dr. Carmen Marcela Ciornei, ap\u0103rut la editura Pro Universitaria, Bucure\u0219ti.<\/p>\n<p>Organizatorii subliniaz\u0103 c\u0103 \u201d&lt;Zilele Asisten\u021bei Sociale&gt; reprezint\u0103 un prilej de reflec\u021bie asupra evolu\u021biei serviciilor sociale, a provoc\u0103rilor actuale \u0219i a dificult\u0103\u021bilor \u00eent\u00eempinate \u00een practic\u0103\u201d, dar \u0219i o oportunitate de dialog \u00eentre profesioni\u0219ti \u0219i comunitate.<\/p>\n<p>Evenimentul este acreditat cu un credit profesional pentru asisten\u021bii sociali, iar \u00eenscrierile se pot face p\u00een\u0103 pe 26 martie, ora 12:00.<\/p>\n<\/div>\n<p>[analyse_source url=&#8221;https:\/\/www.radiotop.ro\/educatie\/zilele-asistentei-sociale-la-usv-apel-la-unitate-intr-o-societate-divizata-vor-fi-dezbateri-despre-provocarile-domeniului.html&#8221;]<\/p>\n","protected":false},"excerpt":{"rendered":"<p>[analyse_image type=&#8221;featured&#8221; src=&#8221;https:\/\/www.radiotop.ro\/img\/media\/2026\/03\/Afis-zilele-asistentei-sociale-2026_page-0001.jpghttps:\/\/www.radiotop.ro\/img\/media\/2026\/03\/Afis-zilele-asistentei-sociale-2026_page-0001.jpg&#8221;] \u00a0 1 of 1 &#8211;+ Universitatea \u201d\u0218tefan cel Mare\u201d din Suceava organizeaz\u0103, pe 27 martie, evenimentul anual \u201dZilele Asisten\u021bei Sociale\u201d, desf\u0103\u0219urat \u00een Aula din corpul E, \u00eentre orele 10:00 \u0219i 16:30. Tema din acest an este &lt;Construind \u00eempreun\u0103 speran\u021b\u0103 \u0219i armonie: un apel Harambee pentru a uni o societate divizat\u0103&gt;. Manifestarea reune\u0219te [&hellip;]<\/p>\n","protected":false},"author":1,"featured_media":0,"comment_status":"open","ping_status":"","sticky":false,"template":"","format":"standard","meta":{"footnotes":""},"categories":[89],"tags":[226,163],"class_list":["post-1843837","post","type-post","status-publish","format-standard","hentry","category-romania","tag-crawlmanager","tag-radiotop-ro"],"_links":{"self":[{"href":"https:\/\/analyse.optim.biz\/index.php?rest_route=\/wp\/v2\/posts\/1843837","targetHints":{"allow":["GET"]}}],"collection":[{"href":"https:\/\/analyse.optim.biz\/index.php?rest_route=\/wp\/v2\/posts"}],"about":[{"href":"https:\/\/analyse.optim.biz\/index.php?rest_route=\/wp\/v2\/types\/post"}],"author":[{"embeddable":true,"href":"https:\/\/analyse.optim.biz\/index.php?rest_route=\/wp\/v2\/users\/1"}],"replies":[{"embeddable":true,"href":"https:\/\/analyse.optim.biz\/index.php?rest_route=%2Fwp%2Fv2%2Fcomments&post=1843837"}],"version-history":[{"count":0,"href":"https:\/\/analyse.optim.biz\/index.php?rest_route=\/wp\/v2\/posts\/1843837\/revisions"}],"wp:attachment":[{"href":"https:\/\/analyse.optim.biz\/index.php?rest_route=%2Fwp%2Fv2%2Fmedia&parent=1843837"}],"wp:term":[{"taxonomy":"category","embeddable":true,"href":"https:\/\/analyse.optim.biz\/index.php?rest_route=%2Fwp%2Fv2%2Fcategories&post=1843837"},{"taxonomy":"post_tag","embeddable":true,"href":"https:\/\/analyse.optim.biz\/index.php?rest_route=%2Fwp%2Fv2%2Ftags&post=1843837"}],"curies":[{"name":"wp","href":"https:\/\/api.w.org\/{rel}","templated":true}]}}