{"id":184378,"date":"2015-03-24T18:18:22","date_gmt":"2015-03-24T15:18:22","guid":{"rendered":"https:\/\/analyse.optim.biz\/?p=184378"},"modified":"2015-03-24T18:18:22","modified_gmt":"2015-03-24T15:18:22","slug":"laura-georgescu-nu-demisioneaza-de-la-cna-parlamentarii-din-comisia-de-cultura-suntem-legati-de-maini-si-de-picioare","status":"publish","type":"post","link":"https:\/\/analyse.optim.biz\/?p=184378","title":{"rendered":"Laura Georgescu nu demisioneaz\u0103 de la CNA. Parlamentarii din comisia de cultur\u0103: \u201eSuntem lega\u021bi de m\u00e2ini \u0219i de picioare\u201d"},"content":{"rendered":"<div class=\"entry data-app-meta data-app-meta-article\" data-embed-base-url-canonical=\"https:\/\/www.digi24.ro\/embed\/stiri\/actualitate\/politica\/laura-georgescu-nu-demisioneaza-de-la-cna-parlamentarii-din-comisia-de-cultura-suntem-legati-de-maini-si-de-picioare-374647\">\n<p data-index=\"1\">Mai mul\u0163i membri ai CNA au transmis deputa\u0163ilor o hot\u0103r\u00e2re semnat\u0103 de \u015fapte dintre cei 11 membri ai Consiliului \u00een care se pl\u00e2ng c\u0103 institu\u0163ia este \u00een blocaj \u015fi sus\u0163in c\u0103, din acest motiv, Laura Georgescu ar trebui demis\u0103. <\/p>\n<p data-index=\"2\">\u201e<span>Vedem foarte dificil\u0103, dac\u0103 nu chiar imposibil\u0103 o coabitare institu\u021bional\u0103 cu d-na Laura Georgescu \u00een calitate de pre\u015fedinte CNA\u201d, spune un membru al Consiliului, Radu C\u0103lin Cristea. <\/span><\/p>\n<p data-index=\"3\">Un alt membru al CNA s-a pl\u00e2ns c\u0103 a fost chemat s\u0103 dea explica\u0163ii \u00een fa\u0163a procurorilor DNA dup\u0103 ce Laura Georgescu i-ar fi ascuns un document.<\/p>\n<p data-index=\"4\">\u201e<span>Prefer s\u0103 demisionez dec\u00e2t s\u0103 intru la \u00eenchisoare. O s\u0103 ajungem la o stare de paranoia \u00een cadrul Consiliului, iar angaja\u021bii &#8211; mul\u021bi dintre ei au ajuns deja pe tratamente medicale\u201d, spune Valentin Jucan. <\/span><\/p>\n<p data-index=\"5\">\u201e<span>Noi nu suntem nici psihoterapeu\u0163i, nici DNA , nici instan\u0163\u0103 judiciar\u0103. Cazul \u0103sta nu \u0163ine de noi. Suntem lega\u021bi de m\u00e2ini \u0219i de picioare\u201d, a fost replica deputatului Teodor Paleologu.<\/span><\/p>\n<p data-index=\"6\">Membrii comisiei s-au limitat la a-i face recomand\u0103ri \u015fefei CNA. <\/p>\n<p data-index=\"7\">\u201eDac\u0103 s-ar \u00eent\u00e2mpla s\u0103 ajung vreodat\u0103 \u00een aceast\u0103 situa\u0163ie, primul lucru pe care l-a\u015f face sau la care m-a\u015f g\u00e2ndi ar fi demisia\u201d, spune M\u0103d\u0103lin Voicu, deputat PSD.<\/p>\n<p data-index=\"8\">\u201eNu ave\u0163i onoare. Eu nu m\u0103 a\u0219tept la o demisie de onoare din partea dumneavoastr\u0103 pentru c\u0103 nu ave\u021bi o onoare. M\u0103 a\u0219tept la o ordonan\u021b\u0103 de urgen\u0163\u0103 din partea premierului ca s\u0103 ne debloc\u0103m\u201d a spus \u0219i deputatul Liliana Minc\u0103.<\/p>\n<p data-index=\"9\">\u015eefa CNA a respins toate acuza\u0163iile care i-au fost aduse \u015fi le-a transmis colegilor s\u0103i c\u0103 nu renun\u0163\u0103 la func\u0163ie.<\/p>\n<p data-index=\"10\">\u201eChiar crede\u021bi c\u0103 dac\u0103 f\u0103ceam vreo ilegalitate nu o afla\u021bi primii? C\u00e2nd voi avea prima prob\u0103 ca am \u00eenc\u0103lcat legea nu trebuie s\u0103 \u00eemi cear\u0103 nimeni demisia, mi-o dau singur\u0103\u201d, a spus Laura Georgescu.<\/p>\n<p data-index=\"11\">Legea prevede c\u0103 membrii CNA pot fi demi\u015fi, la propunerea comisiilor de cultur\u0103 din Parlament, doar \u00een cazul \u00een care sunt \u00een incapacitate de a-\u015fi exercita func\u0163ia pentru o perioad\u0103 de \u015fase luni \u015fi \u00een cazul unei condamn\u0103ri penale aplicate printr-o hot\u0103r\u00e2re judec\u0103toreasc\u0103 definitiv\u0103.<\/p>\n<\/div>\n<p> Source URL: https:\/\/www.digi24.ro\/stiri\/actualitate\/politica\/laura-georgescu-nu-demisioneaza-de-la-cna-parlamentarii-din-comisia-de-cultura-suntem-legati-de-maini-si-de-picioare-374647<\/p>\n","protected":false},"excerpt":{"rendered":"<p>Mai mul\u0163i membri ai CNA au transmis deputa\u0163ilor o hot\u0103r\u00e2re semnat\u0103 de \u015fapte dintre cei 11 membri ai Consiliului \u00een care se pl\u00e2ng c\u0103 institu\u0163ia este \u00een blocaj \u015fi sus\u0163in c\u0103, din acest motiv, Laura Georgescu ar trebui demis\u0103. \u201eVedem foarte dificil\u0103, dac\u0103 nu chiar imposibil\u0103 o coabitare institu\u021bional\u0103 cu d-na Laura Georgescu \u00een calitate [&hellip;]<\/p>\n","protected":false},"author":1,"featured_media":184379,"comment_status":"open","ping_status":"","sticky":false,"template":"","format":"standard","meta":{"footnotes":""},"categories":[2],"tags":[11],"class_list":["post-184378","post","type-post","status-publish","format-standard","has-post-thumbnail","hentry","category-politics","tag-digi24"],"_links":{"self":[{"href":"https:\/\/analyse.optim.biz\/index.php?rest_route=\/wp\/v2\/posts\/184378","targetHints":{"allow":["GET"]}}],"collection":[{"href":"https:\/\/analyse.optim.biz\/index.php?rest_route=\/wp\/v2\/posts"}],"about":[{"href":"https:\/\/analyse.optim.biz\/index.php?rest_route=\/wp\/v2\/types\/post"}],"author":[{"embeddable":true,"href":"https:\/\/analyse.optim.biz\/index.php?rest_route=\/wp\/v2\/users\/1"}],"replies":[{"embeddable":true,"href":"https:\/\/analyse.optim.biz\/index.php?rest_route=%2Fwp%2Fv2%2Fcomments&post=184378"}],"version-history":[{"count":0,"href":"https:\/\/analyse.optim.biz\/index.php?rest_route=\/wp\/v2\/posts\/184378\/revisions"}],"wp:featuredmedia":[{"embeddable":true,"href":"https:\/\/analyse.optim.biz\/index.php?rest_route=\/wp\/v2\/media\/184379"}],"wp:attachment":[{"href":"https:\/\/analyse.optim.biz\/index.php?rest_route=%2Fwp%2Fv2%2Fmedia&parent=184378"}],"wp:term":[{"taxonomy":"category","embeddable":true,"href":"https:\/\/analyse.optim.biz\/index.php?rest_route=%2Fwp%2Fv2%2Fcategories&post=184378"},{"taxonomy":"post_tag","embeddable":true,"href":"https:\/\/analyse.optim.biz\/index.php?rest_route=%2Fwp%2Fv2%2Ftags&post=184378"}],"curies":[{"name":"wp","href":"https:\/\/api.w.org\/{rel}","templated":true}]}}