{"id":1843561,"date":"2026-03-23T10:33:38","date_gmt":"2026-03-23T07:33:38","guid":{"rendered":"https:\/\/analyse.optim.biz\/?p=1843561"},"modified":"2026-03-23T10:33:38","modified_gmt":"2026-03-23T07:33:38","slug":"extensie-usv-la-botosani-din-2027-aproximativ-10-specializari-in-prima-etapa-elena-brandusa-steiciuc-director-coach-usv-toate-universitatile-isi-creeaza-astfel-de-filiere","status":"publish","type":"post","link":"https:\/\/analyse.optim.biz\/?p=1843561","title":{"rendered":"Extensie USV la Boto\u0219ani, din 2027: aproximativ 10 specializ\u0103ri \u00een prima etap\u0103. Elena Br\u00e2ndu\u0219a-Steiciuc, director COACH USV: Toate universit\u0103\u021bile \u00ee\u0219i creeaz\u0103 astfel de filiere"},"content":{"rendered":"<p>[analyse_image type=&#8221;featured&#8221; src=&#8221;https:\/\/www.radiotop.ro\/img\/media\/2026\/03\/nuca-steiciuc-carmen-nastase.jpghttps:\/\/www.radiotop.ro\/img\/media\/2026\/03\/nuca-steiciuc-carmen-nastase.jpg&#8221;]<\/p>\n<div class=\"entry-content no-share\">\n<div class=\"content-inner \">\n<p>Extensia Universit\u0103\u021bii &lt;\u0218tefan cel Mare&gt; din Suceava la Boto\u0219ani are \u0219anse reale de succes, \u00een contextul \u00een care tot mai multe universit\u0103\u021bi dezvolt\u0103 filiere \u00een zonele apropiate. \u00cen cadrul unei emisiuni la Radio Top, \u00eentrebat\u0103 dac\u0103 extensia USV crede c\u0103 va fi o reu\u0219it\u0103, profesoara universitar\u0103 Elena Br\u00e2ndu\u0219a-Steiciuc, director al centrului COACH USV, a spus: \u201dEu cred c\u0103 da, pentru c\u0103 toate universit\u0103\u021bile din \u021bar\u0103 \u00ee\u0219i creeaz\u0103 astfel de extensii, de filiere, \u00een zonele limitrofe\u201d.<\/p>\n<p>Potrivit acesteia, experien\u021ba proiectelor din cadrul COACH USV derulate \u00een regiunea de Nord-Est arat\u0103 c\u0103 exist\u0103 interes din partea elevilor pentru astfel de ini\u021biative.<\/p>\n<p>A mai spus Elena Br\u00e2ndu\u0219a-Steiciuc: \u201dAm parcurs \u0219i jude\u021bul Ia\u0219i, \u0219i Vasluiul, \u0219i Neam\u021bul, \u0219i Bac\u0103ul, \u0219i, deci, peste tot am fost \u0219i am interac\u021bionat cu diverse entit\u0103\u021bi, cu licee \u00een special. Peste tot am atras absolven\u021bi, viitori absolven\u021bi, pentru c\u0103 am mers la clasele terminale\u201d.<\/p>\n<p>Activit\u0103\u021bile au inclus \u0219i evenimente dedicate populariz\u0103rii cercet\u0103rii. A ad\u0103ugat doamna Steiciuc: \u201dAm organizat activit\u0103\u021bi de genul &lt;Cafeneaua \u0218tiin\u021bei&gt;, prin care am invitat nu numai studen\u021bi sau doctoranzi, ci \u0219i elevi sau persoane din ora\u0219. Am vrut s\u0103 ar\u0103t\u0103m plus-valoarea pe care cercetarea o aduce societ\u0103\u021bii\u201d.<\/p>\n<p>Proiectul COACH USV este finan\u021bat din fonduri europene \u0219i a fost ini\u021biat de actualul ministru al Educa\u021biei, \u00een perioada \u00een care era prorector al universit\u0103\u021bii. A explicat profesoara: \u201dProiectul a fost realizat de actualul ministru, domnul Mihai Dimian, conform unei grile specifice proiectelor PNRR. Este un proiect care se adreseaz\u0103 comunit\u0103\u021bii\u201d.<\/p>\n<p>\u00cen ceea ce prive\u0219te extensia propriu-zis\u0103, aceasta va include un num\u0103r limitat de specializ\u0103ri la \u00eenceput \u0219i va deveni opera\u021bional\u0103 din anul universitar viitor.<\/p>\n<p>\u00cen aceea\u0219i emisiune, Carmen N\u0103stase, decan al Facult\u0103\u021bii de Economie, a spus: \u201dNu \u0219tiu exact specializ\u0103rile, b\u0103nuiesc c\u0103 vor fi din domeniul \u0219tiin\u021belor umaniste. Dar vor fi cam din toate domeniile. Fiecare facultate \u0219i-a propus una-dou\u0103 specializ\u0103ri, deci nu vom \u00eencepe cu foarte multe. Aproximativ 10 specializ\u0103ri vor fi deschise\u201d.<\/p>\n<p>Doamna N\u0103stase a precizat \u0219i calendarul estimat al deschiderii: \u201d\u00cencepem cu anul viitor, nu cu anul acesta. Anul viitor academic. Dureaz\u0103, pentru c\u0103 s\u00eent acredit\u0103ri care se fac pe regiune\u201d.<\/p>\n<\/div>\n<\/div>\n<div class=\"content-inner \">\n<p>Extensia Universit\u0103\u021bii &lt;\u0218tefan cel Mare&gt; din Suceava la Boto\u0219ani are \u0219anse reale de succes, \u00een contextul \u00een care tot mai multe universit\u0103\u021bi dezvolt\u0103 filiere \u00een zonele apropiate. \u00cen cadrul unei emisiuni la Radio Top, \u00eentrebat\u0103 dac\u0103 extensia USV crede c\u0103 va fi o reu\u0219it\u0103, profesoara universitar\u0103 Elena Br\u00e2ndu\u0219a-Steiciuc, director al centrului COACH USV, a spus: \u201dEu cred c\u0103 da, pentru c\u0103 toate universit\u0103\u021bile din \u021bar\u0103 \u00ee\u0219i creeaz\u0103 astfel de extensii, de filiere, \u00een zonele limitrofe\u201d.<\/p>\n<p>Potrivit acesteia, experien\u021ba proiectelor din cadrul COACH USV derulate \u00een regiunea de Nord-Est arat\u0103 c\u0103 exist\u0103 interes din partea elevilor pentru astfel de ini\u021biative.<\/p>\n<p>A mai spus Elena Br\u00e2ndu\u0219a-Steiciuc: \u201dAm parcurs \u0219i jude\u021bul Ia\u0219i, \u0219i Vasluiul, \u0219i Neam\u021bul, \u0219i Bac\u0103ul, \u0219i, deci, peste tot am fost \u0219i am interac\u021bionat cu diverse entit\u0103\u021bi, cu licee \u00een special. Peste tot am atras absolven\u021bi, viitori absolven\u021bi, pentru c\u0103 am mers la clasele terminale\u201d.<\/p>\n<p>Activit\u0103\u021bile au inclus \u0219i evenimente dedicate populariz\u0103rii cercet\u0103rii. A ad\u0103ugat doamna Steiciuc: \u201dAm organizat activit\u0103\u021bi de genul &lt;Cafeneaua \u0218tiin\u021bei&gt;, prin care am invitat nu numai studen\u021bi sau doctoranzi, ci \u0219i elevi sau persoane din ora\u0219. Am vrut s\u0103 ar\u0103t\u0103m plus-valoarea pe care cercetarea o aduce societ\u0103\u021bii\u201d.<\/p>\n<p>Proiectul COACH USV este finan\u021bat din fonduri europene \u0219i a fost ini\u021biat de actualul ministru al Educa\u021biei, \u00een perioada \u00een care era prorector al universit\u0103\u021bii. A explicat profesoara: \u201dProiectul a fost realizat de actualul ministru, domnul Mihai Dimian, conform unei grile specifice proiectelor PNRR. Este un proiect care se adreseaz\u0103 comunit\u0103\u021bii\u201d.<\/p>\n<p>\u00cen ceea ce prive\u0219te extensia propriu-zis\u0103, aceasta va include un num\u0103r limitat de specializ\u0103ri la \u00eenceput \u0219i va deveni opera\u021bional\u0103 din anul universitar viitor.<\/p>\n<p>\u00cen aceea\u0219i emisiune, Carmen N\u0103stase, decan al Facult\u0103\u021bii de Economie, a spus: \u201dNu \u0219tiu exact specializ\u0103rile, b\u0103nuiesc c\u0103 vor fi din domeniul \u0219tiin\u021belor umaniste. Dar vor fi cam din toate domeniile. Fiecare facultate \u0219i-a propus una-dou\u0103 specializ\u0103ri, deci nu vom \u00eencepe cu foarte multe. Aproximativ 10 specializ\u0103ri vor fi deschise\u201d.<\/p>\n<p>Doamna N\u0103stase a precizat \u0219i calendarul estimat al deschiderii: \u201d\u00cencepem cu anul viitor, nu cu anul acesta. Anul viitor academic. Dureaz\u0103, pentru c\u0103 s\u00eent acredit\u0103ri care se fac pe regiune\u201d.<\/p>\n<\/div>\n<p>[analyse_source url=&#8221;https:\/\/www.radiotop.ro\/educatie\/extensie-usv-la-botosani-din-2027-aproximativ-10-specializari-in-prima-etapa-elena-brandusa-steiciuc-director-coach-usv-toate-universitatile-isi-creeaza-astfel-de-filiere.html&#8221;]<\/p>\n","protected":false},"excerpt":{"rendered":"<p>[analyse_image type=&#8221;featured&#8221; src=&#8221;https:\/\/www.radiotop.ro\/img\/media\/2026\/03\/nuca-steiciuc-carmen-nastase.jpghttps:\/\/www.radiotop.ro\/img\/media\/2026\/03\/nuca-steiciuc-carmen-nastase.jpg&#8221;] Extensia Universit\u0103\u021bii &lt;\u0218tefan cel Mare&gt; din Suceava la Boto\u0219ani are \u0219anse reale de succes, \u00een contextul \u00een care tot mai multe universit\u0103\u021bi dezvolt\u0103 filiere \u00een zonele apropiate. \u00cen cadrul unei emisiuni la Radio Top, \u00eentrebat\u0103 dac\u0103 extensia USV crede c\u0103 va fi o reu\u0219it\u0103, profesoara universitar\u0103 Elena Br\u00e2ndu\u0219a-Steiciuc, director al centrului COACH [&hellip;]<\/p>\n","protected":false},"author":1,"featured_media":0,"comment_status":"open","ping_status":"","sticky":false,"template":"","format":"standard","meta":{"footnotes":""},"categories":[89],"tags":[226,163],"class_list":["post-1843561","post","type-post","status-publish","format-standard","hentry","category-romania","tag-crawlmanager","tag-radiotop-ro"],"_links":{"self":[{"href":"https:\/\/analyse.optim.biz\/index.php?rest_route=\/wp\/v2\/posts\/1843561","targetHints":{"allow":["GET"]}}],"collection":[{"href":"https:\/\/analyse.optim.biz\/index.php?rest_route=\/wp\/v2\/posts"}],"about":[{"href":"https:\/\/analyse.optim.biz\/index.php?rest_route=\/wp\/v2\/types\/post"}],"author":[{"embeddable":true,"href":"https:\/\/analyse.optim.biz\/index.php?rest_route=\/wp\/v2\/users\/1"}],"replies":[{"embeddable":true,"href":"https:\/\/analyse.optim.biz\/index.php?rest_route=%2Fwp%2Fv2%2Fcomments&post=1843561"}],"version-history":[{"count":0,"href":"https:\/\/analyse.optim.biz\/index.php?rest_route=\/wp\/v2\/posts\/1843561\/revisions"}],"wp:attachment":[{"href":"https:\/\/analyse.optim.biz\/index.php?rest_route=%2Fwp%2Fv2%2Fmedia&parent=1843561"}],"wp:term":[{"taxonomy":"category","embeddable":true,"href":"https:\/\/analyse.optim.biz\/index.php?rest_route=%2Fwp%2Fv2%2Fcategories&post=1843561"},{"taxonomy":"post_tag","embeddable":true,"href":"https:\/\/analyse.optim.biz\/index.php?rest_route=%2Fwp%2Fv2%2Ftags&post=1843561"}],"curies":[{"name":"wp","href":"https:\/\/api.w.org\/{rel}","templated":true}]}}