{"id":1843556,"date":"2026-03-22T07:00:53","date_gmt":"2026-03-22T04:00:53","guid":{"rendered":"https:\/\/analyse.optim.biz\/?p=1843556"},"modified":"2026-03-22T07:00:53","modified_gmt":"2026-03-22T04:00:53","slug":"inscrierile-la-gradinite-la-inceputul-lunii-iunie-maria-todereanu-metodologia-pentru-inscrierile-la-gradinite-si-la-crese-este-in-dezbatere-publica","status":"publish","type":"post","link":"https:\/\/analyse.optim.biz\/?p=1843556","title":{"rendered":"\u00censcrierile la gr\u0103dini\u021be, la \u00eenceputul lunii iunie. Maria Todereanu: Metodologia pentru \u00eenscrierile la gr\u0103dini\u021be \u0219i la cre\u0219e este \u00een dezbatere public\u0103"},"content":{"rendered":"<p>[analyse_image type=&#8221;featured&#8221; src=&#8221;https:\/\/www.radiotop.ro\/img\/media\/2024\/04\/todereanu-proiect-4-1.jpghttps:\/\/www.radiotop.ro\/img\/media\/2024\/04\/todereanu-proiect-4-1.jpg&#8221;]<\/p>\n<div class=\"entry-content no-share\">\n<div class=\"content-inner \">\n<p>\u00centr-o interven\u021bie telefonic\u0103 la Radio Top, Maria Todereanu, inspector pentru \u00eenv\u0103\u021b\u0103m\u00eentul pre\u0219colar \u00een cadrul Inspectoratului \u0218colar Suceava, a anun\u021bat c\u0103 \u00eenscrierile la gr\u0103dini\u021be \u00eencep la debutul lunii iunie \u0219i c\u0103, \u00een prezent, metodologia de \u00eenscriere se afl\u0103 \u00een dezbatere public\u0103.<\/p>\n<p>A spus doamna Todereanu: \u201dMetodologia pentru \u00eenscrierile la gr\u0103dini\u021be \u0219i la cre\u0219e este \u00een dezbatere public\u0103. Vine cu modific\u0103ri. Una din modific\u0103ri este aceea c\u0103 se vor face locuri speciale pentru copiii spitaliza\u021bi. Luna trecut\u0103, Ministerul a declan\u0219at un apel pentru cadrele didactice care vor s\u0103 se \u00eenscrie \u0219i s\u0103 fac\u0103 \u00eenv\u0103\u021b\u0103m\u00eent cu copiii care s\u00eent interna\u021bi \u00een spital. Pentru acei copiii se vor face locuri speciale \u00een fiecare unitate de \u00eenv\u0103\u021b\u0103m\u00eent. Re\u00eenscrierile vor fi la sf\u00eer\u0219itul lunii mai, calendarul este la fel, iar \u00eenscrierile la \u00eenceputul lunii iunie\u201d.<\/p>\n<\/div>\n<\/div>\n<div class=\"content-inner \">\n<p>\u00centr-o interven\u021bie telefonic\u0103 la Radio Top, Maria Todereanu, inspector pentru \u00eenv\u0103\u021b\u0103m\u00eentul pre\u0219colar \u00een cadrul Inspectoratului \u0218colar Suceava, a anun\u021bat c\u0103 \u00eenscrierile la gr\u0103dini\u021be \u00eencep la debutul lunii iunie \u0219i c\u0103, \u00een prezent, metodologia de \u00eenscriere se afl\u0103 \u00een dezbatere public\u0103.<\/p>\n<p>A spus doamna Todereanu: \u201dMetodologia pentru \u00eenscrierile la gr\u0103dini\u021be \u0219i la cre\u0219e este \u00een dezbatere public\u0103. Vine cu modific\u0103ri. Una din modific\u0103ri este aceea c\u0103 se vor face locuri speciale pentru copiii spitaliza\u021bi. Luna trecut\u0103, Ministerul a declan\u0219at un apel pentru cadrele didactice care vor s\u0103 se \u00eenscrie \u0219i s\u0103 fac\u0103 \u00eenv\u0103\u021b\u0103m\u00eent cu copiii care s\u00eent interna\u021bi \u00een spital. Pentru acei copiii se vor face locuri speciale \u00een fiecare unitate de \u00eenv\u0103\u021b\u0103m\u00eent. Re\u00eenscrierile vor fi la sf\u00eer\u0219itul lunii mai, calendarul este la fel, iar \u00eenscrierile la \u00eenceputul lunii iunie\u201d.<\/p>\n<\/div>\n<p>[analyse_source url=&#8221;https:\/\/www.radiotop.ro\/educatie\/inscrierile-la-gradinite-la-inceputul-lunii-iunie-maria-todereanu-metodologia-pentru-inscrierile-la-gradinite-si-la-crese-este-in-dezbatere-publica.html&#8221;]<\/p>\n","protected":false},"excerpt":{"rendered":"<p>[analyse_image type=&#8221;featured&#8221; src=&#8221;https:\/\/www.radiotop.ro\/img\/media\/2024\/04\/todereanu-proiect-4-1.jpghttps:\/\/www.radiotop.ro\/img\/media\/2024\/04\/todereanu-proiect-4-1.jpg&#8221;] \u00centr-o interven\u021bie telefonic\u0103 la Radio Top, Maria Todereanu, inspector pentru \u00eenv\u0103\u021b\u0103m\u00eentul pre\u0219colar \u00een cadrul Inspectoratului \u0218colar Suceava, a anun\u021bat c\u0103 \u00eenscrierile la gr\u0103dini\u021be \u00eencep la debutul lunii iunie \u0219i c\u0103, \u00een prezent, metodologia de \u00eenscriere se afl\u0103 \u00een dezbatere public\u0103. A spus doamna Todereanu: \u201dMetodologia pentru \u00eenscrierile la gr\u0103dini\u021be \u0219i la cre\u0219e [&hellip;]<\/p>\n","protected":false},"author":1,"featured_media":0,"comment_status":"open","ping_status":"","sticky":false,"template":"","format":"standard","meta":{"footnotes":""},"categories":[89],"tags":[226,163],"class_list":["post-1843556","post","type-post","status-publish","format-standard","hentry","category-romania","tag-crawlmanager","tag-radiotop-ro"],"_links":{"self":[{"href":"https:\/\/analyse.optim.biz\/index.php?rest_route=\/wp\/v2\/posts\/1843556","targetHints":{"allow":["GET"]}}],"collection":[{"href":"https:\/\/analyse.optim.biz\/index.php?rest_route=\/wp\/v2\/posts"}],"about":[{"href":"https:\/\/analyse.optim.biz\/index.php?rest_route=\/wp\/v2\/types\/post"}],"author":[{"embeddable":true,"href":"https:\/\/analyse.optim.biz\/index.php?rest_route=\/wp\/v2\/users\/1"}],"replies":[{"embeddable":true,"href":"https:\/\/analyse.optim.biz\/index.php?rest_route=%2Fwp%2Fv2%2Fcomments&post=1843556"}],"version-history":[{"count":0,"href":"https:\/\/analyse.optim.biz\/index.php?rest_route=\/wp\/v2\/posts\/1843556\/revisions"}],"wp:attachment":[{"href":"https:\/\/analyse.optim.biz\/index.php?rest_route=%2Fwp%2Fv2%2Fmedia&parent=1843556"}],"wp:term":[{"taxonomy":"category","embeddable":true,"href":"https:\/\/analyse.optim.biz\/index.php?rest_route=%2Fwp%2Fv2%2Fcategories&post=1843556"},{"taxonomy":"post_tag","embeddable":true,"href":"https:\/\/analyse.optim.biz\/index.php?rest_route=%2Fwp%2Fv2%2Ftags&post=1843556"}],"curies":[{"name":"wp","href":"https:\/\/api.w.org\/{rel}","templated":true}]}}