{"id":1843413,"date":"2026-03-22T00:00:00","date_gmt":"2026-03-21T21:00:00","guid":{"rendered":"https:\/\/analyse.optim.biz\/?p=1843413"},"modified":"2026-03-22T00:00:00","modified_gmt":"2026-03-21T21:00:00","slug":"ipj-vrancea-anunta-ca-a-deschis-dosar-penal-pentru-ucidere-din-culpa-in-cazul-tragediei-mortii-sugarului-de-2-luni-din-focsani","status":"publish","type":"post","link":"https:\/\/analyse.optim.biz\/?p=1843413","title":{"rendered":"IPJ Vrancea anun\u021b\u0103 c\u0103 a deschis dosar penal pentru ucidere din culp\u0103 \u00een cazul tragediei mor\u021bii sugarului de 2 luni din Foc\u0219ani"},"content":{"rendered":"<p>[analyse_image type=&#8221;featured&#8221; src=&#8221;https:\/\/zdvi.cname.ro\/_\/ipj-vrancea-anunta-ca-a-deschis-dosar-penal-pentru-ucidere-din-culpa-in-cazul-tragediei-mortii-sugarului-de-2-luni-din-focsani\/mediaPool\/u6TLy9A.jpg&#8221;]<\/p>\n<div class=\"main-content detaliu-articol\"><a class=\"titlu-cat-list\" href=\"https:\/\/ziaruldevrancea.ro\/actualitatea\/stiri-locale\">Local<\/a><\/p>\n<h1>IPJ Vrancea anun\u021b\u0103 c\u0103 a deschis dosar penal pentru ucidere din culp\u0103 \u00een cazul tragediei mor\u021bii sugarului de 2 luni din Foc\u0219ani <\/h1>\n<div class=\"date-articol clearfix\">\n<div class=\"distribuie-articol dropdown\">\n    Distribuie: \u00a0<br \/>\n    <em>|<\/em><\/div>\n<div class=\"autor-articol\"><a href=\"https:\/\/ziaruldevrancea.ro\/autor\/mircea-pavel\/\"><img decoding=\"async\" class=\"img-circle\" src=\"https:\/\/zdvi.cname.ro\/50_50\/articleAuthor\/mircea-pavel\/articleAuthor\/uqcCx6q.jpg\" alt><\/a><\/p>\n<h5><a href=\"https:\/\/ziaruldevrancea.ro\/autor\/mircea-pavel\/\">Mircea Pavel<\/a><\/h5>\n<div class=\"grup-spatiere\"><span class=\"cu-spatiere\">22 mar 2026<\/span><span class=\"cu-spatiere\">2648 vizualiz\u0103ri<\/span><\/div>\n<\/div>\n<\/div>\n<div class=\"poza-mare\"><a href class=\"openGallery\"><img decoding=\"async\" class=\"img-responsive\" src=\"https:\/\/zdvi.cname.ro\/850_530\/ipj-vrancea-anunta-ca-a-deschis-dosar-penal-pentru-ucidere-din-culpa-in-cazul-tragediei-mortii-sugarului-de-2-luni-din-focsani\/article\/mediaPool\/u6TLy9A.jpg\" alt=\"Foto:arhiva ZdV.Credit foto:radiomoldova.md\"><\/a><\/p>\n<div class=\"caption-poza\">Foto:arhiva ZdV.Credit foto:radiomoldova.md<\/div>\n<\/div>\n<p><strong>Tragedia\u00a0din\u00a0Foc\u0219ani produs\u0103, duminic\u0103 22 martie 2026, diminea\u021b\u0103, prin\u00a0moartea unui sugar de 2 luni, anchetat\u0103 de poli\u021bi\u0219tii vr\u00e2nceni<\/strong><\/p>\n<p>Caz cutremur\u0103tor \u00een Vrancea: o feti\u021b\u0103 de doar dou\u0103 luni a murit dup\u0103 un stop cardio-respirator, iar IPJ a deschis dosar penal pentru ucidere din culp\u0103<\/p>\n<hr>\n<p><strong>Tragedie \u00een Foc\u0219ani: anchet\u0103 dup\u0103 decesul unui sugar de doar dou\u0103 luni<\/strong><\/p>\n<p>Un caz extrem de grav \u0219i emo\u021bionant zguduie comunitatea din municipiul Foc\u0219ani, jude\u021bul Vrancea, dup\u0103 ce o feti\u021b\u0103 \u00een v\u00e2rst\u0103 de doar dou\u0103 luni a fost g\u0103sit\u0103 \u00een stop cardio-respirator \u0219i, \u00een ciuda eforturilor medicilor, nu a mai putut fi salvat\u0103.<\/p>\n<p>Potrivit unei inform\u0103ri de pres\u0103 transmise de purt\u0103torul de cuv\u00e2nt al IPJ Vrancea, duminic\u0103, 22 martie 2026, la ora 10:07, Poli\u021bia Municipiului Foc\u0219ani a fost sesizat\u0103 prin apel la 112 de c\u0103tre mama copilului, care a anun\u021bat c\u0103 bebelu\u0219ul nu mai respir\u0103.<\/p>\n<p><strong>Interven\u021bie contracronometru a echipajului medical<\/strong><\/p>\n<p>La fa\u021ba locului a fost direc\u021bionat de urgen\u021b\u0103 un echipaj medical, care a \u00eenceput imediat manevrele de resuscitare. Din p\u0103cate, \u00een ciuda interven\u021biei rapide \u0219i a aplic\u0103rii protocolului de resuscitare cardio-pulmonar\u0103 pediatric\u0103, organismul sugarului nu a r\u0103spuns.<\/p>\n<p>Medicii au fost nevoi\u021bi s\u0103 declare decesul.<\/p>\n<p>Conform primelor verific\u0103ri efectuate de poli\u021bi\u0219ti, trupul copilului nu prezenta urme vizibile de violen\u021b\u0103.<\/p>\n<p><strong>Dosar penal pentru ucidere din culp\u0103<\/strong><\/p>\n<p>\u00cen acest caz, poli\u021bi\u0219tii au deschis un dosar penal pentru ucidere din culp\u0103, cercet\u0103rile fiind \u00een plin\u0103 desf\u0103\u0219urare pentru stabilirea cu exactitate a circumstan\u021belor \u00een care s-a produs tragedia.<\/p>\n<p>Cazul a fost preluat \u0219i de Serviciul de Medicin\u0103 Legal\u0103, care urmeaz\u0103 s\u0103 stabileasc\u0103 cauza exact\u0103 a decesului.<\/p>\n<p><strong>Un caz care a \u0219ocat comunitatea din Vrancea<\/strong><\/p>\n<p>Reamintim c\u0103 Ziarul de Vrancea a informat anterior despre acest eveniment tragic, \u00een urma comunicatului transmis de Serviciul de Ambulan\u021b\u0103 Jude\u021bean (SAJ) Vrancea, care a confirmat interven\u021bia de urgen\u021b\u0103 la un sugar aflat \u00een stop cardio-respirator.<\/p>\n<p>Echipajul medical a ac\u021bionat prompt, \u00eens\u0103, \u00een ciuda tuturor eforturilor depuse, via\u021ba micu\u021bei nu a mai putut fi salvat\u0103.<\/p>\n<p>Evenimentul readuce \u00een aten\u021bie vulnerabilitatea extrem\u0103 a sugarilor \u0219i importan\u021ba interven\u021biilor rapide \u00een situa\u021bii critice, dar \u0219i nevoia unor clarific\u0103ri medicale \u0219i legale \u00een astfel de cazuri dramatice.<\/p>\n<p><strong>Mircea Pavel\u00a0<\/strong><\/p>\n<p><strong>Citi\u021bi \u0219i con\u021binutul integral al inform\u0103rii de pres\u0103\u00a0f\u0103cut\u0103 public, duminic\u0103 20 martie 2026 ora 13:18, de purt\u0103torul de cuv\u00e2nt al IPJ Vrancea \u00een leg\u0103tur\u0103 cu aceast\u0103 \u0219tire <\/strong><\/p>\n<p><strong>Informare de pres\u0103,\u00a0duminic\u0103 20 martie 2026 ora 13:18,\u00a0IPJ Vrancea:<\/strong>La data de 22 martie 2026, ora 10:07, Poli\u021bia Municipiului Foc\u0219ani a fost sesizat\u0103 prin SNUAU 112 de c\u0103tre o femeie cu privire la faptul c\u0103 fiica sa, \u00een v\u00e2rst\u0103 de 2 luni, nu mai respir\u0103.\u200bLa fa\u021ba locului s-a deplasat un echipaj medical, care a efectuat manevre de resuscitare, fiind ulterior constatat decesul minorei. Din primele verific\u0103ri, aceasta nu prezenta urme vizibile de violen\u021b\u0103.\u00cen cauz\u0103 a fost \u00eentocmit dosar penal pentru ucidere din culp\u0103, cercet\u0103rile fiind continuate pentru stabilirea \u00eemprejur\u0103rilor \u00een care s-a produs evenimentul.<\/p>\n<p><strong>Citi\u021bi \u0219i<\/strong>:<strong><a href=\"https:\/\/www.ziaruldevrancea.ro\/actualitatea\/stiri-locale\/tragedie-in-focsani-un-sugar-de-doar-2-luni-a-murit-dupa-un-stop-cardio-respirator.-interventie-de-urgenta-a-saj-vrancea\" target=\"_blank\">Tragedie \u00een Foc\u0219ani: un sugar de doar 2 luni a murit dup\u0103 un stop cardio-respirator. Interven\u021bie de urgen\u021b\u0103 a SAJ Vrancea<\/a><\/strong><\/p>\n<hr>\n<div class=\"bloc-widget widget-rosu\">\n<p>\u00cen lipsa unui acord scris din partea Ziarului de Vrancea, pute\u0163i prelua maxim 500 de caractere din acest articol dac\u0103 preciza\u0163i sursa \u015fi insera\u0163i vizibil link-ul articolului:\u00a0<span>#insertcurrentlinkhere<\/span><\/p>\n<\/div>\n<div class=\"extra-articol listing-anunturi\">\n<h6>Anun\u021buri <span class=\"text-primary\">ZdV<\/span> Premium<\/h6>\n<div class=\"row\">\n<div class=\"col-lg-4 col-md-6 bloc-egal\"><a class=\"card-anunt\" href=\"https:\/\/ziaruldevrancea.ro\/anunturi\/auto\/import\/oferta-auto-anunt-72739\"><strong class=\"titlu\">Import<\/strong><span class=\"text-anunt\">V\u00e2nd MATIZ, stare bun\u0103 de func\u021bionare,&#8230;<\/span><span class=\"data-anunt\">23.03.2026  <\/span><\/a><\/div>\n<div class=\"col-lg-4 col-md-6 bloc-egal\"><a class=\"card-anunt\" href=\"https:\/\/ziaruldevrancea.ro\/anunturi\/necrolog\/decese\/s-a-stins-din-viata-prof.-ioana-grAjdeanu\"><strong class=\"titlu\">Decese<\/strong><span class=\"text-anunt\">&#8221;Adev\u0103rat, adev\u0103rat v\u0103 spun c\u0103 cine&#8230;<\/span><span class=\"data-anunt\">19.03.2026  <\/span><\/a><\/div>\n<div class=\"col-lg-4 col-md-6 bloc-egal\"><a class=\"card-anunt\" href=\"https:\/\/ziaruldevrancea.ro\/anunturi\/altele\/anulare-acte\/vand-scrumbii-autentice--superioare--gust-excelent\"><strong class=\"titlu\">Vanzari diverse<\/strong><span class=\"text-anunt\">Capturi in cantitati mici de pe sectorul Dunarii&#8230;<\/span><span class=\"data-anunt\">19.03.2026 , Gala\u021bi , Gala\u021bi<\/span><\/a><\/div>\n<\/div>\n<\/div>\n<div class=\"extra-articol alte-articole\">\n<div class=\"row\">\n<div class=\"col-lg-6 bloc-egal\">\n<div class=\"card articol-listing\">\n<h6>\u00cen categoria <a href=\"https:\/\/ziaruldevrancea.ro\/actualitatea\/stiri-locale\">Local<\/a><\/h6>\n<div class=\"grup-articol-listing\">\n<div class=\"cont-pils\"><a href=\"https:\/\/ziaruldevrancea.ro\/actualitatea\/stiri-locale\/de-stiut-pentru-soferii-vranceni-codul-rutier-se-modifica-radical.-amenzile-pentru-neregulile-in-trafic-se-scumpesc-din-vara\"><img decoding=\"async\" src=\"https:\/\/zdvi.cname.ro\/180_135\/actualitatea\/stiri-locale\/de-stiut-pentru-soferii-vranceni-codul-rutier-se-modifica-radical.-amenzile-pentru-neregulile-in-trafic-se-scumpesc-din-vara\/mediaPool\/ul3RWW5.PNG\" class=\"img-responsive img-180\" alt><\/a><\/div>\n<h2><a class=\"link-titlu\" href=\"https:\/\/ziaruldevrancea.ro\/actualitatea\/stiri-locale\/de-stiut-pentru-soferii-vranceni-codul-rutier-se-modifica-radical.-amenzile-pentru-neregulile-in-trafic-se-scumpesc-din-vara\">De \u0219tiut pentru \u0219oferii vr\u00e2nceni:  Codul Rutier se modific\u0103 radical. Amenzile pentru neregulile \u00een trafic se scumpesc din var\u0103<\/a><\/h2>\n<div class=\"date-post\"><a href=\"https:\/\/ziaruldevrancea.ro\/autor\/ionel-sclavone\">Ionel Sclavone<\/a>, 24 mar 2026  <\/div>\n<\/div>\n<div class=\"grup-articol-listing\">\n<div class=\"cont-pils\"><a href=\"https:\/\/ziaruldevrancea.ro\/actualitatea\/stiri-locale\/prima-pagina-a-editiei-tiparite-a-ziarului-de-vrancea-de-astazi-marti-24-martie-2026\"><img decoding=\"async\" src=\"https:\/\/zdvi.cname.ro\/180_135\/actualitatea\/stiri-locale\/prima-pagina-a-editiei-tiparite-a-ziarului-de-vrancea-de-astazi-marti-24-martie-2026\/mediaPool\/u9tysVC.png\" class=\"img-responsive img-180\" alt><\/a><\/div>\n<h2><a class=\"link-titlu\" href=\"https:\/\/ziaruldevrancea.ro\/actualitatea\/stiri-locale\/prima-pagina-a-editiei-tiparite-a-ziarului-de-vrancea-de-astazi-marti-24-martie-2026\">Prima pagin\u0103 a edi\u021biei tip\u0103rite a Ziarului de Vrancea de ast\u0103zi, mar\u021bi 24 martie 2026<\/a><\/h2>\n<div class=\"date-post\"><a href=\"https:\/\/ziaruldevrancea.ro\/autor\/rodica-condurache\">Rodica Condurache<\/a>, 24 mar 2026  <\/div>\n<\/div>\n<div class=\"grup-articol-listing\">\n<div class=\"cont-pils\"><a href=\"https:\/\/ziaruldevrancea.ro\/actualitatea\/stiri-locale\/tanar-din-odobesti-cercetat-penal-dupa-ce-s-a-luat-la-tranta-cu-ursul-mascota-al-unui-restaurant-din-centrul-brasovului\"><img decoding=\"async\" src=\"https:\/\/zdvi.cname.ro\/180_135\/actualitatea\/stiri-locale\/tanar-din-odobesti-cercetat-penal-dupa-ce-s-a-luat-la-tranta-cu-ursul-mascota-al-unui-restaurant-din-centrul-brasovului\/mediaPool\/uVAEClu.jpg\" class=\"img-responsive img-180\" alt><\/a><\/div>\n<h2><a class=\"link-titlu\" href=\"https:\/\/ziaruldevrancea.ro\/actualitatea\/stiri-locale\/tanar-din-odobesti-cercetat-penal-dupa-ce-s-a-luat-la-tranta-cu-ursul-mascota-al-unui-restaurant-din-centrul-brasovului\">T\u00e2n\u0103r din Odobe\u0219ti, cercetat penal dup\u0103  ce \u201es-a luat la tr\u00e2nt\u0103\u201d cu ursul-mascot\u0103 al unui restaurant din centrul Bra\u0219ovului<\/a><\/h2>\n<div class=\"date-post\"><a href=\"https:\/\/ziaruldevrancea.ro\/autor\/paul-petrache\">Paul Petrache<\/a>, 23 mar 2026  <\/div>\n<\/div>\n<\/div>\n<\/div>\n<div class=\"col-lg-6 bloc-egal\">\n<div class=\"card articol-listing\">\n<h6>De acela\u0219i <a href=\"https:\/\/ziaruldevrancea.ro\/autor\/mircea-pavel\/\">autor<\/a><\/h6>\n<div class=\"grup-articol-listing\">\n<div class=\"cont-pils\"><a href=\"https:\/\/ziaruldevrancea.ro\/actualitatea\/stiri-locale\/drama-fara-margini-in-vrancea-un-tanar-de-19-ani-din-paunesti-a-murit-in-italia.-apel-disperat-pentru-repatriere\"><img decoding=\"async\" src=\"https:\/\/zdvi.cname.ro\/180_135\/actualitatea\/stiri-locale\/drama-fara-margini-in-vrancea-un-tanar-de-19-ani-din-paunesti-a-murit-in-italia.-apel-disperat-pentru-repatriere\/mediaPool\/uy0ILrE.jpg\" class=\"img-responsive img-180\" alt><\/a><\/div>\n<h2><a class=\"link-titlu\" href=\"https:\/\/ziaruldevrancea.ro\/actualitatea\/stiri-locale\/drama-fara-margini-in-vrancea-un-tanar-de-19-ani-din-paunesti-a-murit-in-italia.-apel-disperat-pentru-repatriere\">Dram\u0103 f\u0103r\u0103 margini \u00een Vrancea: un t\u00e2n\u0103r de 19 ani din P\u0103une\u0219ti a murit \u00een Italia. Apel disperat pentru repatriere<\/a><\/h2>\n<div class=\"date-post\"><a href=\"https:\/\/ziaruldevrancea.ro\/autor\/mircea-pavel\">Mircea Pavel<\/a>, 21 mar 2026  <\/div>\n<\/div>\n<div class=\"grup-articol-listing\">\n<div class=\"cont-pils\"><a href=\"https:\/\/ziaruldevrancea.ro\/special\/politica\/vrancea-primeste-finantari-din-bugetul-pe-2026-3-milioane-de-lei-pentru-investitii-si-sprijin-pentru-tinerii-din-robotica\"><img decoding=\"async\" src=\"https:\/\/zdvi.cname.ro\/180_135\/special\/politica\/vrancea-primeste-finantari-din-bugetul-pe-2026-3-milioane-de-lei-pentru-investitii-si-sprijin-pentru-tinerii-din-robotica\/mediaPool\/uPVjI7b.jpg\" class=\"img-responsive img-180\" alt><\/a><\/div>\n<h2><a class=\"link-titlu\" href=\"https:\/\/ziaruldevrancea.ro\/special\/politica\/vrancea-primeste-finantari-din-bugetul-pe-2026-3-milioane-de-lei-pentru-investitii-si-sprijin-pentru-tinerii-din-robotica\">Vrancea prime\u0219te finan\u021b\u0103ri din bugetul pe 2026: 3 milioane de lei pentru investi\u021bii \u0219i sprijin pentru tinerii din robotic\u0103<\/a><\/h2>\n<div class=\"date-post\"><a href=\"https:\/\/ziaruldevrancea.ro\/autor\/mircea-pavel\">Mircea Pavel<\/a>, 20 mar 2026  <\/div>\n<\/div>\n<div class=\"grup-articol-listing\">\n<div class=\"cont-pils\"><a href=\"https:\/\/ziaruldevrancea.ro\/actualitatea\/stiri-locale\/video-acces-in-culisele-politiei-vrancea-eveniment-special-pentru-public-pe-25-martie\"><img decoding=\"async\" src=\"https:\/\/zdvi.cname.ro\/180_135\/actualitatea\/stiri-locale\/video-acces-in-culisele-politiei-vrancea-eveniment-special-pentru-public-pe-25-martie\/mediaPool\/uxB4UkL.jpg\" class=\"img-responsive img-180\" alt><\/a><\/div>\n<h2><a class=\"link-titlu\" href=\"https:\/\/ziaruldevrancea.ro\/actualitatea\/stiri-locale\/video-acces-in-culisele-politiei-vrancea-eveniment-special-pentru-public-pe-25-martie\">VIDEO | Acces \u00een culisele Poli\u021biei Vrancea: eveniment special pentru public pe 25 martie<\/a><\/h2>\n<div class=\"date-post\"><a href=\"https:\/\/ziaruldevrancea.ro\/autor\/mircea-pavel\">Mircea Pavel<\/a>, 20 mar 2026  <\/div>\n<\/div>\n<\/div>\n<\/div>\n<\/div>\n<\/div>\n<div class=\"extra-articol listing-anunturi\">\n<h6>Anun\u021buri <span class=\"text-primary\">ZdV<\/span> Premium<\/h6>\n<div class=\"row\">\n<div class=\"col-lg-4 col-md-6 bloc-egal\"><a class=\"card-anunt\" href=\"https:\/\/ziaruldevrancea.ro\/anunturi\/httpswww.ziaruldevrancea.roanunturialtelediversevand-struguri-de-vin-toate-soiurile\/vand-scrumbii-dunare-superioare--capturi-galati\"><strong class=\"titlu\">VANZARI DIVERSE<\/strong><span class=\"text-anunt\">Scrumbii proaspete ( cantitati mici ) superioare ,&#8230;<\/span><span class=\"data-anunt\">19.03.2026 , Gala\u021bi , Gala\u021bi<\/span><\/a><\/div>\n<div class=\"col-lg-4 col-md-6 bloc-egal\"><a class=\"card-anunt\" href=\"https:\/\/ziaruldevrancea.ro\/anunturi\/httpswww.ziaruldevrancea.roanunturialtelediversevand-struguri-de-vin-toate-soiurile\/vand-pat-si-doua-chiuvete\"><strong class=\"titlu\">VANZARI DIVERSE<\/strong><span class=\"text-anunt\">V\u00e2nd pat o persoan\u0103, cu saltea (1500 lei),&#8230;<\/span><span class=\"data-anunt\">10.03.2026  <\/span><\/a><\/div>\n<div class=\"col-lg-4 col-md-6 bloc-egal\"><a class=\"card-anunt\" href=\"https:\/\/ziaruldevrancea.ro\/anunturi\/imobiliare\/vanzari-ap-3-camere\/vand-apartament-in-focsani\"><strong class=\"titlu\">V\u00e2nz\u0103ri ap 3 camere<\/strong><span class=\"text-anunt\">Vand apartament \u00een Foc\u0219ani 3 camere la&#8230;<\/span><span class=\"data-anunt\">04.03.2026  <\/span><\/a><\/div>\n<\/div>\n<\/div>\n<div class=\"bloc-widget widget-albastru\">\n    Ziarul de Vrancea \u00a0nu este responsabil juridic pentru con\u0163inutul textelor din comentariile de mai jos. Responsabilitatea pentru mesajele dumneavoastra v\u0103 revine \u00een exclusivitate.\n<\/div>\n<div class=\"comentarii-articol\" id=\"comentarii\">\n<h3>Comentarii: <span class=\"text-primary\">0<\/span><\/h3>\n<p><a href=\"https:\/\/ziaruldevrancea.ro\/actualitatea\/stiri-locale\/ipj-vrancea-anunta-ca-a-deschis-dosar-penal-pentru-ucidere-din-culpa-in-cazul-tragediei-mortii-sugarului-de-2-luni-din-focsani\" class=\"btn btn-success btn-adauga-com\" data-toggle=\"modal\" data-parent=\"0\" data-target=\"#commentModal\">Adaug\u0103 comentariu<\/a><\/p>\n<div class=\"loadMask comments-mask\"><img decoding=\"async\" src=\"https:\/\/zdvs.cname.ro\/images\/loader_40.gif\"><\/div>\n<div class=\"comenteaza-jos\">Trebuie s\u0103 fii <a href=\"https:\/\/ziaruldevrancea.ro\/account\">autentificat<\/a> pentru a putea <a href=\"https:\/\/ziaruldevrancea.ro\/actualitatea\/stiri-locale\/ipj-vrancea-anunta-ca-a-deschis-dosar-penal-pentru-ucidere-din-culpa-in-cazul-tragediei-mortii-sugarului-de-2-luni-din-focsani\" class data-toggle=\"modal\" data-parent=\"0\" data-target=\"#commentModal\">posta un comentariu<\/a>.<\/div>\n<\/div>\n<div class=\"modal fade\" id=\"commentModal\" role=\"dialog\" aria-labelledby=\"commentModalLabel\">\n<div class=\"modal-dialog modal-lg\" role=\"document\">\n<div class=\"modal-content\">\n<div class=\"modal-header\">\n<h3 class=\"modal-title\" id=\"commentModalLabel\">Comenteaz\u0103<\/h3>\n<\/div>\n<div class=\"modal-body\">\n<div class=\"tabel tabel-full\">\n<div class=\"celula\">\n              Trebuie s\u0103 fii <a href=\"https:\/\/ziaruldevrancea.ro\/account\">autentificat<\/a> pentru a putea posta un comentariu.\n            <\/div>\n<\/div>\n<\/div>\n<div class=\"modal-footer\">\n<div id=\"commentPending\" class=\"formPending pull-left\"><img decoding=\"async\" src=\"https:\/\/zdvs.cname.ro\/images\/loader_40.gif\"> In curs de procesare&#8230;<\/div>\n<p><a href=\"https:\/\/ziaruldevrancea.ro\/actualitatea\/stiri-locale\/ipj-vrancea-anunta-ca-a-deschis-dosar-penal-pentru-ucidere-din-culpa-in-cazul-tragediei-mortii-sugarului-de-2-luni-din-focsani\" class=\"btn btn-default\" data-dismiss=\"modal\">Anuleaz\u0103<\/a><\/div>\n<\/div>\n<\/div>\n<\/div>\n<div class=\"modal fade\" id=\"commentReportModal\" role=\"dialog\" aria-labelledby=\"commentReportModalLabel\">\n<div class=\"modal-dialog modal-lg\" role=\"document\">\n<div class=\"modal-content\">\n<div class=\"modal-header\">\n<h3 class=\"modal-title\" id=\"commentReportModalLabel\">Raporteaza comentariu<\/h3>\n<\/div>\n<div class=\"modal-body\">\n<div class=\"tabel tabel-full\">\n<div class=\"celula\">\n              Trebuie s\u0103 fii <a href=\"https:\/\/ziaruldevrancea.ro\/account\">autentificat<\/a> pentru a putea raporta un comentariu.\n            <\/div>\n<\/div>\n<\/div>\n<div class=\"modal-footer\">\n<div id=\"commentReportPending\" class=\"formPending pull-left\"><img decoding=\"async\" src=\"https:\/\/zdvs.cname.ro\/images\/loader_40.gif\"> In curs de procesare&#8230;<\/div>\n<p><a href=\"https:\/\/ziaruldevrancea.ro\/actualitatea\/stiri-locale\/ipj-vrancea-anunta-ca-a-deschis-dosar-penal-pentru-ucidere-din-culpa-in-cazul-tragediei-mortii-sugarului-de-2-luni-din-focsani\" class=\"btn btn-default\" data-dismiss=\"modal\">Anuleaz\u0103<\/a><\/div>\n<\/div>\n<\/div>\n<\/div>\n<div class=\"modal fade\" id=\"commentLikeModal\" role=\"dialog\" aria-labelledby=\"commentLikeModalLabel\">\n<div class=\"modal-dialog modal-lg\" role=\"document\">\n<div class=\"modal-content\">\n<div class=\"modal-header\">\n<h3 class=\"modal-title\" id=\"commentReportModalLabel\">Apreciaza comentariu<\/h3>\n<\/div>\n<div class=\"modal-body\">\n<div class=\"tabel tabel-full\">\n<div class=\"celula\">\n            Trebuie s\u0103 fii <a href=\"https:\/\/ziaruldevrancea.ro\/account\">autentificat<\/a> pentru a putea aprecia un comentariu.\n          <\/div>\n<\/div>\n<\/div>\n<div class=\"modal-footer\"><a href=\"https:\/\/ziaruldevrancea.ro\/actualitatea\/stiri-locale\/ipj-vrancea-anunta-ca-a-deschis-dosar-penal-pentru-ucidere-din-culpa-in-cazul-tragediei-mortii-sugarului-de-2-luni-din-focsani\" class=\"btn btn-default\" data-dismiss=\"modal\">Anuleaz\u0103<\/a><\/div>\n<\/div>\n<\/div>\n<\/div>\n<div class=\"bloc-widget widget-rosu\"><span><small>Ziarul de Vrancea doreste ca acest site sa fie un spatiu al discutiilor civilizate, al comentariilor de bun simt. Din acest motiv, cei care posteaza comentarii la articole trebuie sa respecte urmatoarele reguli:<br \/>\n1. Sa se refere doar la articolul la care posteaza comentarii.<br \/>\n2. Sa foloseasca un limbaj civilizat, fara injurii, calomnii, comentarii antisemite, xenofobe sau rasiste.<br \/>\n3. Sunt interzise atacurile la adresa autorilor, daca acestea nu au legatura cu textul.<br \/>\n4. Username-ul sa nu fie nume de personalitati ale vietii publice sau parodieri ale acestora.<br \/>\nAutorul unui articol poate fi criticat pentru eventuale greseli, incoerenta, lipsa de documentare etc.<br \/>\nNerespectarea regulilor mentionate mai sus va duce la stergerea comentariilor, fara avertisment si fara explicatii.<br \/>\nAbaterile repetate vor avea drept consecinta interdictia accesului la aceasta facilitate a site-ului.<\/small><\/span><\/div>\n<\/div>\n<p>[analyse_source url=&#8221;https:\/\/ziaruldevrancea.ro\/actualitatea\/stiri-locale\/ipj-vrancea-anunta-ca-a-deschis-dosar-penal-pentru-ucidere-din-culpa-in-cazul-tragediei-mortii-sugarului-de-2-luni-din-focsani&#8221;]<\/p>\n","protected":false},"excerpt":{"rendered":"<p>[analyse_image type=&#8221;featured&#8221; src=&#8221;https:\/\/zdvi.cname.ro\/_\/ipj-vrancea-anunta-ca-a-deschis-dosar-penal-pentru-ucidere-din-culpa-in-cazul-tragediei-mortii-sugarului-de-2-luni-din-focsani\/mediaPool\/u6TLy9A.jpg&#8221;] Local IPJ Vrancea anun\u021b\u0103 c\u0103 a deschis dosar penal pentru ucidere din culp\u0103 \u00een cazul tragediei mor\u021bii sugarului de 2 luni din Foc\u0219ani Distribuie: \u00a0 | Mircea Pavel 22 mar 20262648 vizualiz\u0103ri Foto:arhiva ZdV.Credit foto:radiomoldova.md Tragedia\u00a0din\u00a0Foc\u0219ani produs\u0103, duminic\u0103 22 martie 2026, diminea\u021b\u0103, prin\u00a0moartea unui sugar de 2 luni, anchetat\u0103 de poli\u021bi\u0219tii vr\u00e2nceni [&hellip;]<\/p>\n","protected":false},"author":1,"featured_media":0,"comment_status":"open","ping_status":"","sticky":false,"template":"","format":"standard","meta":{"footnotes":""},"categories":[89],"tags":[226,208],"class_list":["post-1843413","post","type-post","status-publish","format-standard","hentry","category-romania","tag-crawlmanager","tag-ziaruldevrancea-ro"],"_links":{"self":[{"href":"https:\/\/analyse.optim.biz\/index.php?rest_route=\/wp\/v2\/posts\/1843413","targetHints":{"allow":["GET"]}}],"collection":[{"href":"https:\/\/analyse.optim.biz\/index.php?rest_route=\/wp\/v2\/posts"}],"about":[{"href":"https:\/\/analyse.optim.biz\/index.php?rest_route=\/wp\/v2\/types\/post"}],"author":[{"embeddable":true,"href":"https:\/\/analyse.optim.biz\/index.php?rest_route=\/wp\/v2\/users\/1"}],"replies":[{"embeddable":true,"href":"https:\/\/analyse.optim.biz\/index.php?rest_route=%2Fwp%2Fv2%2Fcomments&post=1843413"}],"version-history":[{"count":0,"href":"https:\/\/analyse.optim.biz\/index.php?rest_route=\/wp\/v2\/posts\/1843413\/revisions"}],"wp:attachment":[{"href":"https:\/\/analyse.optim.biz\/index.php?rest_route=%2Fwp%2Fv2%2Fmedia&parent=1843413"}],"wp:term":[{"taxonomy":"category","embeddable":true,"href":"https:\/\/analyse.optim.biz\/index.php?rest_route=%2Fwp%2Fv2%2Fcategories&post=1843413"},{"taxonomy":"post_tag","embeddable":true,"href":"https:\/\/analyse.optim.biz\/index.php?rest_route=%2Fwp%2Fv2%2Ftags&post=1843413"}],"curies":[{"name":"wp","href":"https:\/\/api.w.org\/{rel}","templated":true}]}}