{"id":1843393,"date":"2026-03-24T08:39:11","date_gmt":"2026-03-24T05:39:11","guid":{"rendered":"https:\/\/analyse.optim.biz\/?p=1843393"},"modified":"2026-03-24T08:39:11","modified_gmt":"2026-03-24T05:39:11","slug":"pourquoi-les-casques-modulables-connectes-seduisent-de-plus-en-plus-de-motards","status":"publish","type":"post","link":"https:\/\/analyse.optim.biz\/?p=1843393","title":{"rendered":"Pourquoi les casques modulables connect\u00e9s s\u00e9duisent de plus en plus de motards"},"content":{"rendered":"<div class=\"entry-content\">\n<p><strong>Pendant longtemps, la polyvalence d\u2019un casque modulable se r\u00e9sumait \u00e0 sa mentonni\u00e8re relevable.<\/strong><\/p>\n<p><strong>Aujourd\u2019hui, la modularit\u00e9 va plus loin : navigation GPS, communication entre motards ou musique pendant le trajet. Une \u00e9volution qui voit appara\u00eetre une nouvelle g\u00e9n\u00e9ration de casques modulables directement connect\u00e9s.<\/strong><\/p>\n<p><strong>L\u2019intercom int\u00e9gr\u00e9 plut\u00f4t qu\u2019un module ajout\u00e9<\/strong><\/p>\n<p>Jusqu\u2019ici, la communication \u00e0 moto reposait le plus souvent sur un intercom install\u00e9 apr\u00e8s l\u2019achat du casque. Une solution efficace, mais qui implique toujours un montage et l\u2019ajout d\u2019un module visible sur la coque.<\/p>\n<p>De plus en plus de fabricants explorent d\u00e9sormais une autre approche : int\u00e9grer la communication directement dans la conception du casque.<\/p>\n<p>Plut\u00f4t que d\u2019ajouter un syst\u00e8me apr\u00e8s coup, le casque est pens\u00e9 d\u00e8s le d\u00e9part pour accueillir les haut-parleurs, le microphone, la batterie et les commandes.<\/p>\n<p>Le modulable SENA Specter illustre bien cette \u00e9volution. Sur ce mod\u00e8le, le syst\u00e8me de communication est int\u00e9gr\u00e9 directement dans la structure du casque. Le pilote n\u2019a rien \u00e0 installer : navigation GPS, musique ou communication avec d\u2019autres motards sont disponibles d\u00e8s la sortie de la bo\u00eete, sans installation.<\/p>\n<p>Le casque reste un modulable classique, mais avec une fonction suppl\u00e9mentaire : la communication.<\/p>\n<p><img loading=\"lazy\" decoding=\"async\" class=\"alignnone size-medium wp-image-724544\" src=\"https:\/\/moto-station.com\/wp-content\/uploads\/2026\/03\/20\/1200x800px237-300x200.jpg\" alt width=\"300\" height=\"200\"><\/p>\n<p><strong>L\u2019ergonomie, un vrai sujet pour les casques connect\u00e9s<\/strong><\/p>\n<p>Une fois la connectivit\u00e9 int\u00e9gr\u00e9e au casque, une autre question se pose : comment piloter ces fonctions facilement en roulant ?<\/p>\n<p>Manipuler de petits boutons avec des gants \u00e9pais peut vite devenir approximatif.<\/p>\n<p>Plusieurs fabricants travaillent donc sur des commandes plus intuitives.<\/p>\n<p>Sur le SENA Specter, les commandes passent par un joystick central. Un mouvement vers le haut ou vers le bas permet de r\u00e9gler le volume ou de changer de morceau de musique, tandis qu\u2019une pression au centre permet d\u2019ex\u00e9cuter une commande.<\/p>\n<p>Le geste devient rapidement naturel et reste facile \u00e0 effectuer m\u00eame avec des gants \u00e9pais.<\/p>\n<p>Le Specter peut \u00e9galement \u00eatre pilot\u00e9 par commandes vocales, ce qui permet d\u2019acc\u00e9der aux principales fonctions sans toucher au casque.<\/p>\n<p><img loading=\"lazy\" decoding=\"async\" class=\"alignnone size-medium wp-image-724546\" src=\"https:\/\/moto-station.com\/wp-content\/uploads\/2026\/03\/20\/1200x800px235-300x200.jpg\" alt width=\"300\" height=\"200\"><\/p>\n<p><strong>Un modulable connect\u00e9\u2026 mais toujours confortable<\/strong><\/p>\n<p>Int\u00e9grer un syst\u00e8me de communication dans un casque pourrait facilement augmenter son poids. Or sur un modulable, le confort sur la dur\u00e9e reste un point essentiel, notamment pour les motards qui roulent longtemps.<\/p>\n<p>Pour \u00e9viter ce surpoids, certains fabricants utilisent des coques en mat\u00e9riaux composites, qui permettent d\u2019obtenir un bon compromis entre r\u00e9sistance et l\u00e9g\u00e8ret\u00e9.<\/p>\n<p>Sur le SENA Specter, ce composite associe fibre de verre et fibre Kevlar\u00ae*, au sein d\u2019une coque en FRP (Fiber Reinforced Polymer). Cette construction permet d\u2019obtenir un excellent rapport r\u00e9sistance\/poids tout en conservant la rigidit\u00e9 n\u00e9cessaire pour un casque modulable.<\/p>\n<p>Malgr\u00e9 la pr\u00e9sence du syst\u00e8me de communication int\u00e9gr\u00e9, le casque reste ainsi dans des masses comparables \u00e0 de nombreux modulables traditionnels.<\/p>\n<p>Sur les longues distances, ce type de construction peut contribuer \u00e0 limiter la fatigue au niveau du cou, un d\u00e9tail que les gros rouleurs connaissent bien.<\/p>\n<p><img loading=\"lazy\" decoding=\"async\" class=\"alignnone size-medium wp-image-724545\" src=\"https:\/\/moto-station.com\/wp-content\/uploads\/2026\/03\/20\/1200x800px236-300x200.jpg\" alt width=\"300\" height=\"200\"><\/p>\n<p>\u00a0<\/p>\n<p><strong>Le modulable entre dans une nouvelle phase<\/strong><\/p>\n<p>La connectivit\u00e9 ne remplace pas la modularit\u00e9. Elle l\u2019\u00e9tend.<\/p>\n<p>Le casque modulable reste l\u2019un des formats les plus polyvalents pour rouler. Mais avec des mod\u00e8les connect\u00e9s comme le SENA Specter, il ne se contente plus de prot\u00e9ger. Il devient aussi un compagnon de route capable de guider, de faire communiquer un groupe de motards ou simplement d\u2019accompagner le trajet en musique.<\/p>\n<p><strong>\u00a0<\/strong><\/p>\n<p><strong>SENA Specter est disponible d\u00e8s maintenant, au prix public de 619 \u20ac<\/strong><\/p>\n<p>Pour d\u00e9couvrir le produit en d\u00e9tail, rendez-vous sur la page officielle du produit :<br \/>\n<a href=\"https:\/\/www.sena.com\/fr\/product\/specter\">https:\/\/www.sena.com\/fr\/product\/specter<\/a><\/p>\n<p>Le casque est \u00e9galement disponible directement sur la boutique en ligne SENA :<br \/>\n<a href=\"https:\/\/store-eu.sena.com\/fr\/products\/specter\">https:\/\/store-eu.sena.com\/fr\/products\/specter<\/a><\/p>\n<p><strong>\u00a0<\/strong><\/p>\n<p><strong>\u00a0<\/strong><\/p>\n<p><strong>\u00a0<\/strong><\/p>\n<p><strong>\u00a0<\/strong><\/p>\n<p><strong>CARACT\u00c9RISTIQUES SENA SPECTER<\/strong><\/p>\n<ul>\n<li>Casque modulable<\/li>\n<li>Coque FRP en fibre de verre et fibre Kevlar\u00ae*<\/li>\n<li>Mousse EPS multi-densit\u00e9<\/li>\n<li>Jugulaire \u00e0 boucle microm\u00e9trique<\/li>\n<li>Certifi\u00e9 ECE 22.06 P\/J<\/li>\n<li>Pinlock 120 XLT inclus<\/li>\n<li>Poids : environ 1 700 g (en taille M)<\/li>\n<li>Int\u00e9rieur d\u00e9tachable et lavable<\/li>\n<\/ul>\n<ul>\n<li>Ventilations\u00a0: mentonni\u00e8re, front et arri\u00e8re<\/li>\n<li>Lampes LED \u00e0 l\u2019arri\u00e8re\u00a0: feux de jour et feux de freinage<\/li>\n<\/ul>\n<ul>\n<li>\u00c9cran solaire r\u00e9tractable<\/li>\n<li>Commandes vocales<\/li>\n<li>Bluetooth 5.3<\/li>\n<li>Type d\u2019intercom\u00a0:\n<ul>\n<li>Intercom Wave<\/li>\n<li>Intercom Mesh 3.0<\/li>\n<li>Intercom Mesh 2.0<\/li>\n<\/ul>\n<\/li>\n<li>Port\u00e9e de l\u2019intercom\u00a0:\n<ul>\n<li>Intercom Wave\u00a0: sans limite de port\u00e9e<\/li>\n<li>Intercom Mesh : 2 km en terrain d\u00e9gag\u00e9<\/li>\n<\/ul>\n<\/li>\n<li>Nombre d\u2019utilisateurs\u00a0:\n<ul>\n<li>Intercom Wave\u00a0: pratiquement illimit\u00e9<\/li>\n<li>Intercom en mode Open Mesh (ouvert) : pratiquement illimit\u00e9<\/li>\n<li>Intercom en mode Group mesh (priv\u00e9)\u00a0: jusqu\u2019\u00e0 24 utilisateurs<\/li>\n<\/ul>\n<\/li>\n<\/ul>\n<ul>\n<li>Compatibilit\u00e9 multi-marques gr\u00e2ce \u00e0 Wave<\/li>\n<li>Haut-parleurs Harman Kardon de 2<sup>\u00e8me<\/sup> g\u00e9n\u00e9ration<\/li>\n<li>AINR (Artificial Intelligence Noise Reduction)\u00a0: r\u00e9duction de bruit avec IA sur le microphone<\/li>\n<li>Batterie 1700 mAh<\/li>\n<li>Autonomie de 30 heures en conversation avec un temps de charge de 2h30<\/li>\n<\/ul>\n<ul>\n<li>Chargement rapide\u00a0: 20 mn pour 7 heures de conversation Mesh<\/li>\n<li>Safe Power\u00a0: permet d\u2019alimenter le casque via une source externe, sans solliciter la batterie<\/li>\n<li>Mise \u00e0 jour OTA (Over-the-Air) sans fil<\/li>\n<li>Application SENA Motorcycles<\/li>\n<li>Application SENA Wave<\/li>\n<\/ul>\n<ul>\n<li>Tailles disponibles : S, M, L, XL et XXL<\/li>\n<li>Coloris disponibles : noir mat et blanc brillant<\/li>\n<\/ul>\n<p><em>* DuPont\u2122 et Kevlar\u00ae sont des marques commerciales ou des marques d\u00e9pos\u00e9es de soci\u00e9t\u00e9s affili\u00e9es \u00e0 DuPont de Nemours, Inc.<\/em><\/p>\n<\/p><\/div>\n","protected":false},"excerpt":{"rendered":"<p>Pendant longtemps, la polyvalence d\u2019un casque modulable se r\u00e9sumait \u00e0 sa mentonni\u00e8re relevable. Aujourd\u2019hui, la modularit\u00e9 va plus loin : navigation GPS, communication entre motards ou musique pendant le trajet. Une \u00e9volution qui voit appara\u00eetre une nouvelle g\u00e9n\u00e9ration de casques modulables directement connect\u00e9s. L\u2019intercom int\u00e9gr\u00e9 plut\u00f4t qu\u2019un module ajout\u00e9 Jusqu\u2019ici, la communication \u00e0 moto reposait [&hellip;]<\/p>\n","protected":false},"author":1,"featured_media":0,"comment_status":"open","ping_status":"","sticky":false,"template":"","format":"standard","meta":{"footnotes":""},"categories":[1],"tags":[226,240],"class_list":["post-1843393","post","type-post","status-publish","format-standard","hentry","category-uncategorized","tag-crawlmanager","tag-moto-station-com"],"_links":{"self":[{"href":"https:\/\/analyse.optim.biz\/index.php?rest_route=\/wp\/v2\/posts\/1843393","targetHints":{"allow":["GET"]}}],"collection":[{"href":"https:\/\/analyse.optim.biz\/index.php?rest_route=\/wp\/v2\/posts"}],"about":[{"href":"https:\/\/analyse.optim.biz\/index.php?rest_route=\/wp\/v2\/types\/post"}],"author":[{"embeddable":true,"href":"https:\/\/analyse.optim.biz\/index.php?rest_route=\/wp\/v2\/users\/1"}],"replies":[{"embeddable":true,"href":"https:\/\/analyse.optim.biz\/index.php?rest_route=%2Fwp%2Fv2%2Fcomments&post=1843393"}],"version-history":[{"count":0,"href":"https:\/\/analyse.optim.biz\/index.php?rest_route=\/wp\/v2\/posts\/1843393\/revisions"}],"wp:attachment":[{"href":"https:\/\/analyse.optim.biz\/index.php?rest_route=%2Fwp%2Fv2%2Fmedia&parent=1843393"}],"wp:term":[{"taxonomy":"category","embeddable":true,"href":"https:\/\/analyse.optim.biz\/index.php?rest_route=%2Fwp%2Fv2%2Fcategories&post=1843393"},{"taxonomy":"post_tag","embeddable":true,"href":"https:\/\/analyse.optim.biz\/index.php?rest_route=%2Fwp%2Fv2%2Ftags&post=1843393"}],"curies":[{"name":"wp","href":"https:\/\/api.w.org\/{rel}","templated":true}]}}